{"id":10713,"date":"2023-09-01T13:14:23","date_gmt":"2023-09-01T11:14:23","guid":{"rendered":"https:\/\/www.actvism.org\/?p=10713"},"modified":"2023-09-01T13:15:52","modified_gmt":"2023-09-01T11:15:52","slug":"brics-prigoschins-f16-lascaris","status":"publish","type":"post","link":"https:\/\/www.actvism.org\/en\/latest\/brics-prigoschins-f16-lascaris\/","title":{"rendered":"Theories on Prigozhin&#8217;s death, BRICS summit and F16 fighter jets"},"content":{"rendered":"<div class=\"container\" data-sal=\"slide-up\" data-sal-easing=\"ease-in-out\" data-sal-delay=\"200\"><div class=\"row justify-content-md-center pb-3\"><div class=\"cnt_col\">\n<hr class=\"wp-block-separator has-css-opacity\"\/>\n<\/div><\/div><\/div>\n\n<div class=\"container\" data-sal=\"slide-up\" data-sal-easing=\"ease-in-out\" data-sal-delay=\"200\"><div class=\"row justify-content-md-center pb-3\"><div class=\"cnt_col\">\n<p>We are transitioning away from YouTube. Be sure to subscribe to the following channels to stay updated with our journalism:<\/p>\n<\/div><\/div><\/div>\n\n<div class=\"container\" data-sal=\"slide-up\" data-sal-easing=\"ease-in-out\" data-sal-delay=\"200\"><div class=\"row justify-content-md-center pb-3\"><div class=\"cnt_col\">\n<p>\u25ba<a rel=\"noreferrer noopener\" href=\"https:\/\/rumble.com\/c\/acTVismMunich\" target=\"_blank\">&nbsp;RUMBLE<\/a><br>\u25ba&nbsp;<a rel=\"noreferrer noopener\" href=\"https:\/\/t.me\/acTVismMunich\" target=\"_blank\">TELEGRAM<\/a><\/p>\n<\/div><\/div><\/div>\n\n<div class=\"container\" data-sal=\"slide-up\" data-sal-easing=\"ease-in-out\" data-sal-delay=\"200\"><div class=\"row justify-content-md-center pb-3\"><div class=\"cnt_col\">\n<hr class=\"wp-block-separator has-css-opacity\"\/>\n<\/div><\/div><\/div>\n\n<div class=\"container\" data-sal=\"slide-up\" data-sal-easing=\"ease-in-out\" data-sal-delay=\"200\"><div class=\"row justify-content-md-center pb-3\"><div class=\"cnt_col\">\n<p>In this episode of The Source, we speak with journalist and international law and human rights lawyer Dimitri Lascaris about the latest developments related to the war in Ukraine. We examine the possible theories behind the recent death of Yevgeny Prigozhin, the leader of the private military called the Wagner Group. We also take a look at the U.S. decision to send F16 fighter jets to Ukraine and train Ukrainian pilots starting in October, and whether this will have a decisive impact on the battlefield. Finally, we assess the significance of the recent BRICS (Brazil, Russia, India and China) summit held in South Africa.<\/p>\n<\/div><\/div><\/div>\n\n<div class=\"container\" data-sal=\"slide-up\" data-sal-easing=\"ease-in-out\" data-sal-delay=\"200\"><div class=\"row justify-content-md-center pb-3\"><div class=\"cnt_col\">\n<p>To read the transcript of this video: <a href=\"https:\/\/www.actvism.org\/wp-content\/uploads\/2023\/09\/Theories-on-Prigozhins-death-BRICS-summit-and-F16-fighter-jets.pdf\">Theories on Prigozhin&#8217;s death, BRICS summit and F16 fighter jets<\/a><\/p>\n<\/div><\/div><\/div>\n\n<div class=\"container\" data-sal=\"slide-up\" data-sal-easing=\"ease-in-out\" data-sal-delay=\"200\"><div class=\"row justify-content-md-center pb-3\"><div class=\"cnt_col\">\n<hr class=\"wp-block-separator has-css-opacity\"\/>\n<\/div><\/div><\/div>\n\n<div class=\"container\" data-sal=\"slide-up\" data-sal-easing=\"ease-in-out\" data-sal-delay=\"200\"><div class=\"row justify-content-md-center pb-3\"><div class=\"cnt_col\">\n<h2 class=\"wp-block-heading\">VIDEO: Theories on Prigozhin&#8217;s death, BRICS summit and F16 fighter jets<\/h2>\n<\/div><\/div><\/div>\n\n<div class=\"container\" data-sal=\"slide-up\" data-sal-easing=\"ease-in-out\" data-sal-delay=\"200\"><div class=\"row justify-content-md-center pb-3\"><div class=\"cnt_col\">\n<figure class=\"wp-block-embed is-type-video is-provider-youtube wp-block-embed-youtube wp-embed-aspect-16-9 wp-has-aspect-ratio\"><div class=\"wp-block-embed__wrapper\">\n<iframe loading=\"lazy\" title=\"Theories on Prigozhin&#039;s death, BRICS summit and F16 fighter jets\" width=\"500\" height=\"281\" src=\"https:\/\/www.youtube.com\/embed\/VLrhq-MpLQI?feature=oembed\" frameborder=\"0\" allow=\"accelerometer; autoplay; clipboard-write; encrypted-media; gyroscope; picture-in-picture; web-share\" referrerpolicy=\"strict-origin-when-cross-origin\" allowfullscreen><\/iframe>\n<\/div><\/figure>\n<\/div><\/div><\/div>\n\n<div class=\"container\" data-sal=\"slide-up\" data-sal-easing=\"ease-in-out\" data-sal-delay=\"200\"><div class=\"row justify-content-md-center pb-3\"><div class=\"cnt_col\">\n<hr class=\"wp-block-separator has-css-opacity\"\/>\n<\/div><\/div><\/div>\n\n<div class=\"container\" data-sal=\"slide-up\" data-sal-easing=\"ease-in-out\" data-sal-delay=\"200\"><div class=\"row justify-content-md-center pb-3\"><div class=\"cnt_col\">\n<p>To watch more of our <a href=\"https:\/\/www.actvism.org\/en\/archive\/\" target=\"_blank\" rel=\"noreferrer noopener\">videos <\/a>on this topic or with other experts such as Edward Snowden, Noam Chomsky, Abby Martin, Yanis Varoufakis, Glenn Greenwald, Jeremy Scahill, Jill Stein, Daniel Ellsberg, etc, please visit and subscribe to our YouTube channel by&nbsp;<a rel=\"noreferrer noopener\" href=\"https:\/\/www.youtube.com\/user\/acTVismMunich?sub_confirmation=1\" target=\"_blank\">clicking here.<\/a><\/p>\n<\/div><\/div><\/div>\n\n<div class=\"container\" data-sal=\"slide-up\" data-sal-easing=\"ease-in-out\" data-sal-delay=\"200\"><div class=\"row justify-content-md-center pb-3\"><div class=\"cnt_col\">\n<hr class=\"wp-block-separator has-css-opacity\"\/>\n<\/div><\/div><\/div>\n\n<div class=\"container\" data-sal=\"slide-up\" data-sal-easing=\"ease-in-out\" data-sal-delay=\"200\"><div class=\"row justify-content-md-center pb-3\"><div class=\"cnt_col\">\n<h2 class=\"wp-block-heading\">Donate today to support independent &amp; non-profit media!<\/h2>\n<\/div><\/div><\/div>\n\n<div class=\"container\" data-sal=\"slide-up\" data-sal-easing=\"ease-in-out\" data-sal-delay=\"200\"><div class=\"row justify-content-md-center pb-3\"><div class=\"cnt_col\">\n<p><a rel=\"noopener noreferrer\" href=\"https:\/\/www.actvism.org\/en\/donate\/\" target=\"_blank\">Click here<\/a> or on the picture below:<\/p>\n<\/div><\/div><\/div>\n\n<div class=\"d-flex justify-content-center pb-3 sal\" data-sal=\"slide-up\" data-sal-easing=\"ease-in-out\" data-sal-delay=\"200\">\n<figure class=\"wp-block-image size-full\"><a href=\"https:\/\/www.actvism.org\/en\/donate\/\"><img loading=\"lazy\" decoding=\"async\" width=\"700\" height=\"233\" src=\"https:\/\/www.actvism.org\/wp-content\/uploads\/2021\/12\/28_acTVism_Webseite_Donation-Image_EN_700x233px_Future-1-1.jpg\" alt=\"\" class=\"wp-image-8883\" srcset=\"https:\/\/www.actvism.org\/wp-content\/uploads\/2021\/12\/28_acTVism_Webseite_Donation-Image_EN_700x233px_Future-1-1.jpg 700w, https:\/\/www.actvism.org\/wp-content\/uploads\/2021\/12\/28_acTVism_Webseite_Donation-Image_EN_700x233px_Future-1-1-300x100.jpg 300w\" sizes=\"auto, (max-width: 700px) 100vw, 700px\" \/><\/a><\/figure>\n<\/div>\n\n<div class=\"container\" data-sal=\"slide-up\" data-sal-easing=\"ease-in-out\" data-sal-delay=\"200\"><div class=\"row justify-content-md-center pb-3\"><div class=\"cnt_col\">\n<hr class=\"wp-block-separator has-css-opacity\"\/>\n<\/div><\/div><\/div>\n\n<div class=\"container\" data-sal=\"slide-up\" data-sal-easing=\"ease-in-out\" data-sal-delay=\"200\"><div class=\"row justify-content-md-center pb-3\"><div class=\"cnt_col\">\n<h2 class=\"wp-block-heading\">ABOUT DIMITRI LASCARIS<\/h2>\n<\/div><\/div><\/div>\n\n<div class=\"container\" data-sal=\"slide-up\" data-sal-easing=\"ease-in-out\" data-sal-delay=\"200\"><div class=\"row justify-content-md-center pb-3\"><div class=\"cnt_col\">\n<p>Dimitri Lascaris is a journalist and lawyer. As a lawyer, he specializes in class action litigation, international law and human rights. He was a member of the shadow cabinets of the Green Parties of Canada and Quebec. In 2020, he ran for the leadership of the Green Party of Canada and came in second.<\/p>\n<\/div><\/div><\/div>\n\n<div class=\"container\" data-sal=\"slide-up\" data-sal-easing=\"ease-in-out\" data-sal-delay=\"200\"><div class=\"row justify-content-md-center pb-3\"><div class=\"cnt_col\">\n<hr class=\"wp-block-separator has-css-opacity\"\/>\n<\/div><\/div><\/div>","protected":false},"excerpt":{"rendered":"<p>Theories on Prigozhin&#8217;s death, BRICS summit and F16 fighter jets.<\/p>\n","protected":false},"author":1,"featured_media":10716,"comment_status":"open","ping_status":"open","sticky":false,"template":"","format":"standard","meta":{"_acf_changed":false,"inline_featured_image":false,"footnotes":""},"categories":[1],"tags":[449,329,21609,21611,21622,21620,21623,194,21621,21614,208,209,206,326,21604,21603,21518,80,322,21624,21616,21625,21615,34],"channel":[20952],"class_list":["post-10713","post","type-post","status-publish","format-standard","has-post-thumbnail","hentry","category-latest","tag-brics","tag-dimitri-lacaris","tag-f-16","tag-f16","tag-jewgeni-prigoschin","tag-jewgeni-wiktorowitsch-prigoschin","tag-kampfjets","tag-nato","tag-prigoschin","tag-prigozhin","tag-russia","tag-russland","tag-ukraine","tag-ukraine-conflict","tag-ukraine-counteroffensive","tag-ukraine-deutschland","tag-ukraine-frieden","tag-united-states","tag-usa","tag-wagner","tag-wagner-group","tag-wagner-gruppe","tag-yevgeny-prigozhin","tag-zain-raza","channel-the-source"],"translation":{"provider":"WPGlobus","version":"3.0.0","language":"en","enabled_languages":["de","en"],"languages":{"de":{"title":true,"content":true,"excerpt":true},"en":{"title":true,"content":true,"excerpt":true}}},"acf":[],"yoast_head":"<!-- This site is optimized with the Yoast SEO plugin v27.4 - https:\/\/yoast.com\/product\/yoast-seo-wordpress\/ -->\n<title>Theorien zu Prigoschins Tod, BRICS-Gipfel &amp; F16-Kampfjets<\/title>\n<meta name=\"robots\" content=\"index, follow, max-snippet:-1, max-image-preview:large, max-video-preview:-1\" \/>\n<link rel=\"canonical\" href=\"https:\/\/www.actvism.org\/latest\/brics-prigoschins-f16-lascaris\/\" \/>\n<meta property=\"og:locale\" content=\"en_US\" \/>\n<meta property=\"og:type\" content=\"article\" \/>\n<meta property=\"og:title\" content=\"Theorien zu Prigoschins Tod, BRICS-Gipfel &amp; F16-Kampfjets\" \/>\n<meta property=\"og:description\" content=\"In dieser Folge von Die Quelle sprechen wir mit dem Journalisten und Anwalt f\u00fcr internationales Recht und Menschenrechte Dimitri Lascaris \u00fcber die neuesten Entwicklungen im Zusammenhang mit dem Krieg in der Ukraine. Wir untersuchen die m\u00f6glichen Theorien hinter dem k\u00fcrzlichen Tod von Jewgeni Prigoschin, dem Anf\u00fchrer des privaten Milit\u00e4rs Wagner Group. Au\u00dferdem werfen wir einen Blick auf die Entscheidung der USA, ab Oktober F16-Kampfjets in die Ukraine zu schicken und ukrainische Piloten auszubilden sowie auf die Frage, ob dies entscheidende Auswirkungen auf das Kriegsgeschehen haben wird. Schlie\u00dflich bewerten wir die Bedeutung des j\u00fcngsten BRICS-Gipfels (Brasilien, Russland, Indien und China), der in S\u00fcdafrika stattfand.\" \/>\n<meta property=\"og:url\" content=\"https:\/\/www.actvism.org\/latest\/brics-prigoschins-f16-lascaris\/\" \/>\n<meta property=\"og:site_name\" content=\"acTVism\" \/>\n<meta property=\"article:publisher\" content=\"https:\/\/facebook.com\/acTVism\" \/>\n<meta property=\"article:published_time\" content=\"2023-09-01T11:14:23+00:00\" \/>\n<meta property=\"article:modified_time\" content=\"2023-09-01T11:15:52+00:00\" \/>\n<meta property=\"og:image\" content=\"https:\/\/www.actvism.org\/wp-content\/uploads\/2023\/09\/1459-Design-1024x576.jpg\" \/>\n\t<meta property=\"og:image:width\" content=\"1920\" \/>\n\t<meta property=\"og:image:height\" content=\"1080\" \/>\n\t<meta property=\"og:image:type\" content=\"image\/jpeg\" \/>\n<meta name=\"author\" content=\"atv_admin\" \/>\n<meta name=\"twitter:card\" content=\"summary_large_image\" \/>\n<meta name=\"twitter:creator\" content=\"@acTVismMunich\" \/>\n<meta name=\"twitter:site\" content=\"@acTVismMunich\" \/>\n<meta name=\"twitter:label1\" content=\"Written by\" \/>\n\t<meta name=\"twitter:data1\" content=\"atv_admin\" \/>\n\t<meta name=\"twitter:label2\" content=\"Est. reading time\" \/>\n\t<meta name=\"twitter:data2\" content=\"2 minutes\" \/>\n<script type=\"application\/ld+json\" class=\"yoast-schema-graph\">{\"@context\":\"https:\\\/\\\/schema.org\",\"@graph\":[{\"@type\":\"Article\",\"@id\":\"https:\\\/\\\/www.actvism.org\\\/latest\\\/brics-prigoschins-f16-lascaris\\\/#article\",\"isPartOf\":{\"@id\":\"https:\\\/\\\/www.actvism.org\\\/latest\\\/brics-prigoschins-f16-lascaris\\\/\"},\"author\":{\"name\":\"atv_admin\",\"@id\":\"https:\\\/\\\/www.actvism.org\\\/#\\\/schema\\\/person\\\/bc2c8684912eb2289fe0009f5ca451d6\"},\"headline\":\"Theories on Prigozhin&#8217;s death, BRICS summit and F16 fighter jets\",\"datePublished\":\"2023-09-01T11:14:23+00:00\",\"dateModified\":\"2023-09-01T11:15:52+00:00\",\"mainEntityOfPage\":{\"@id\":\"https:\\\/\\\/www.actvism.org\\\/latest\\\/brics-prigoschins-f16-lascaris\\\/\"},\"wordCount\":548,\"commentCount\":0,\"publisher\":{\"@id\":\"https:\\\/\\\/www.actvism.org\\\/#organization\"},\"image\":{\"@id\":\"https:\\\/\\\/www.actvism.org\\\/latest\\\/brics-prigoschins-f16-lascaris\\\/#primaryimage\"},\"thumbnailUrl\":\"https:\\\/\\\/www.actvism.org\\\/wp-content\\\/uploads\\\/2023\\\/09\\\/1459-Design.jpg\",\"keywords\":[\"BRICS\",\"dimitri lacaris\",\"f-16\",\"f16\",\"Jewgeni Prigoschin\",\"Jewgeni Wiktorowitsch Prigoschin\",\"kampfjets\",\"NATO\",\"Prigoschin\",\"Prigozhin\",\"Russia\",\"Russland\",\"Ukraine\",\"Ukraine Conflict\",\"ukraine counteroffensive\",\"ukraine deutschland\",\"ukraine frieden\",\"United States\",\"USA\",\"wagner\",\"wagner group\",\"wagner gruppe\",\"Yevgeny Prigozhin\",\"Zain Raza\"],\"articleSection\":[\"LATEST\"],\"inLanguage\":\"en-US\",\"potentialAction\":[{\"@type\":\"CommentAction\",\"name\":\"Comment\",\"target\":[\"https:\\\/\\\/www.actvism.org\\\/latest\\\/brics-prigoschins-f16-lascaris\\\/#respond\"]}]},{\"@type\":\"WebPage\",\"@id\":\"https:\\\/\\\/www.actvism.org\\\/latest\\\/brics-prigoschins-f16-lascaris\\\/\",\"url\":\"https:\\\/\\\/www.actvism.org\\\/latest\\\/brics-prigoschins-f16-lascaris\\\/\",\"name\":\"Theorien zu Prigoschins Tod, BRICS-Gipfel & F16-Kampfjets\",\"isPartOf\":{\"@id\":\"https:\\\/\\\/www.actvism.org\\\/#website\"},\"primaryImageOfPage\":{\"@id\":\"https:\\\/\\\/www.actvism.org\\\/latest\\\/brics-prigoschins-f16-lascaris\\\/#primaryimage\"},\"image\":{\"@id\":\"https:\\\/\\\/www.actvism.org\\\/latest\\\/brics-prigoschins-f16-lascaris\\\/#primaryimage\"},\"thumbnailUrl\":\"https:\\\/\\\/www.actvism.org\\\/wp-content\\\/uploads\\\/2023\\\/09\\\/1459-Design.jpg\",\"datePublished\":\"2023-09-01T11:14:23+00:00\",\"dateModified\":\"2023-09-01T11:15:52+00:00\",\"description\":\"Theorien zu Prigoschins Tod, BRICS-Gipfel & F16-Kampfjets. In dieser Folge von Die Quelle sprechen wir mit dem Journalisten und Anwalt f\u00fcr ..\",\"inLanguage\":\"en-US\",\"potentialAction\":[{\"@type\":\"ReadAction\",\"target\":[\"https:\\\/\\\/www.actvism.org\\\/latest\\\/brics-prigoschins-f16-lascaris\\\/\"]}]},{\"@type\":\"ImageObject\",\"inLanguage\":\"en-US\",\"@id\":\"https:\\\/\\\/www.actvism.org\\\/latest\\\/brics-prigoschins-f16-lascaris\\\/#primaryimage\",\"url\":\"https:\\\/\\\/www.actvism.org\\\/wp-content\\\/uploads\\\/2023\\\/09\\\/1459-Design.jpg\",\"contentUrl\":\"https:\\\/\\\/www.actvism.org\\\/wp-content\\\/uploads\\\/2023\\\/09\\\/1459-Design.jpg\",\"width\":1920,\"height\":1080,\"caption\":\"Theorien zu Prigoschins Tod, BRICS-Gipfel & F16-Kampfjets\"},{\"@type\":\"WebSite\",\"@id\":\"https:\\\/\\\/www.actvism.org\\\/#website\",\"url\":\"https:\\\/\\\/www.actvism.org\\\/\",\"name\":\"acTVism\",\"description\":\"information that moves\",\"publisher\":{\"@id\":\"https:\\\/\\\/www.actvism.org\\\/#organization\"},\"potentialAction\":[{\"@type\":\"SearchAction\",\"target\":{\"@type\":\"EntryPoint\",\"urlTemplate\":\"https:\\\/\\\/www.actvism.org\\\/?s={search_term_string}\"},\"query-input\":{\"@type\":\"PropertyValueSpecification\",\"valueRequired\":true,\"valueName\":\"search_term_string\"}}],\"inLanguage\":\"en-US\"},{\"@type\":\"Organization\",\"@id\":\"https:\\\/\\\/www.actvism.org\\\/#organization\",\"name\":\"acTVism Munich e.V.\",\"url\":\"https:\\\/\\\/www.actvism.org\\\/\",\"logo\":{\"@type\":\"ImageObject\",\"inLanguage\":\"en-US\",\"@id\":\"https:\\\/\\\/www.actvism.org\\\/#\\\/schema\\\/logo\\\/image\\\/\",\"url\":\"https:\\\/\\\/www.actvism.org\\\/wp-content\\\/uploads\\\/2020\\\/11\\\/logo.svg\",\"contentUrl\":\"https:\\\/\\\/www.actvism.org\\\/wp-content\\\/uploads\\\/2020\\\/11\\\/logo.svg\",\"width\":200,\"height\":57,\"caption\":\"acTVism Munich e.V.\"},\"image\":{\"@id\":\"https:\\\/\\\/www.actvism.org\\\/#\\\/schema\\\/logo\\\/image\\\/\"},\"sameAs\":[\"https:\\\/\\\/facebook.com\\\/acTVism\",\"https:\\\/\\\/x.com\\\/acTVismMunich\"]},{\"@type\":\"Person\",\"@id\":\"https:\\\/\\\/www.actvism.org\\\/#\\\/schema\\\/person\\\/bc2c8684912eb2289fe0009f5ca451d6\",\"name\":\"atv_admin\",\"image\":{\"@type\":\"ImageObject\",\"inLanguage\":\"en-US\",\"@id\":\"https:\\\/\\\/secure.gravatar.com\\\/avatar\\\/53465926e4246ee1b807a849c23197531fd45c1bcd02682ada54ddb12eaa7a6d?s=96&d=mm&r=g\",\"url\":\"https:\\\/\\\/secure.gravatar.com\\\/avatar\\\/53465926e4246ee1b807a849c23197531fd45c1bcd02682ada54ddb12eaa7a6d?s=96&d=mm&r=g\",\"contentUrl\":\"https:\\\/\\\/secure.gravatar.com\\\/avatar\\\/53465926e4246ee1b807a849c23197531fd45c1bcd02682ada54ddb12eaa7a6d?s=96&d=mm&r=g\",\"caption\":\"atv_admin\"},\"url\":\"https:\\\/\\\/www.actvism.org\\\/en\\\/author\\\/atv_admin\\\/\"}]}<\/script>\n<!-- \/ Yoast SEO plugin. -->","yoast_head_json":{"title":"Theorien zu Prigoschins Tod, BRICS-Gipfel & F16-Kampfjets","robots":{"index":"index","follow":"follow","max-snippet":"max-snippet:-1","max-image-preview":"max-image-preview:large","max-video-preview":"max-video-preview:-1"},"canonical":"https:\/\/www.actvism.org\/latest\/brics-prigoschins-f16-lascaris\/","og_locale":"en_US","og_type":"article","og_title":"Theorien zu Prigoschins Tod, BRICS-Gipfel & F16-Kampfjets","og_description":"In dieser Folge von Die Quelle sprechen wir mit dem Journalisten und Anwalt f\u00fcr internationales Recht und Menschenrechte Dimitri Lascaris \u00fcber die neuesten Entwicklungen im Zusammenhang mit dem Krieg in der Ukraine. Wir untersuchen die m\u00f6glichen Theorien hinter dem k\u00fcrzlichen Tod von Jewgeni Prigoschin, dem Anf\u00fchrer des privaten Milit\u00e4rs Wagner Group. Au\u00dferdem werfen wir einen Blick auf die Entscheidung der USA, ab Oktober F16-Kampfjets in die Ukraine zu schicken und ukrainische Piloten auszubilden sowie auf die Frage, ob dies entscheidende Auswirkungen auf das Kriegsgeschehen haben wird. Schlie\u00dflich bewerten wir die Bedeutung des j\u00fcngsten BRICS-Gipfels (Brasilien, Russland, Indien und China), der in S\u00fcdafrika stattfand.","og_url":"https:\/\/www.actvism.org\/latest\/brics-prigoschins-f16-lascaris\/","og_site_name":"acTVism","article_publisher":"https:\/\/facebook.com\/acTVism","article_published_time":"2023-09-01T11:14:23+00:00","article_modified_time":"2023-09-01T11:15:52+00:00","og_image":[{"width":1920,"height":1080,"url":"https:\/\/www.actvism.org\/wp-content\/uploads\/2023\/09\/1459-Design-1024x576.jpg","type":"image\/jpeg"}],"author":"atv_admin","twitter_card":"summary_large_image","twitter_creator":"@acTVismMunich","twitter_site":"@acTVismMunich","twitter_misc":{"Written by":"atv_admin","Est. reading time":"2 minutes"},"schema":{"@context":"https:\/\/schema.org","@graph":[{"@type":"Article","@id":"https:\/\/www.actvism.org\/latest\/brics-prigoschins-f16-lascaris\/#article","isPartOf":{"@id":"https:\/\/www.actvism.org\/latest\/brics-prigoschins-f16-lascaris\/"},"author":{"name":"atv_admin","@id":"https:\/\/www.actvism.org\/#\/schema\/person\/bc2c8684912eb2289fe0009f5ca451d6"},"headline":"Theories on Prigozhin&#8217;s death, BRICS summit and F16 fighter jets","datePublished":"2023-09-01T11:14:23+00:00","dateModified":"2023-09-01T11:15:52+00:00","mainEntityOfPage":{"@id":"https:\/\/www.actvism.org\/latest\/brics-prigoschins-f16-lascaris\/"},"wordCount":548,"commentCount":0,"publisher":{"@id":"https:\/\/www.actvism.org\/#organization"},"image":{"@id":"https:\/\/www.actvism.org\/latest\/brics-prigoschins-f16-lascaris\/#primaryimage"},"thumbnailUrl":"https:\/\/www.actvism.org\/wp-content\/uploads\/2023\/09\/1459-Design.jpg","keywords":["BRICS","dimitri lacaris","f-16","f16","Jewgeni Prigoschin","Jewgeni Wiktorowitsch Prigoschin","kampfjets","NATO","Prigoschin","Prigozhin","Russia","Russland","Ukraine","Ukraine Conflict","ukraine counteroffensive","ukraine deutschland","ukraine frieden","United States","USA","wagner","wagner group","wagner gruppe","Yevgeny Prigozhin","Zain Raza"],"articleSection":["LATEST"],"inLanguage":"en-US","potentialAction":[{"@type":"CommentAction","name":"Comment","target":["https:\/\/www.actvism.org\/latest\/brics-prigoschins-f16-lascaris\/#respond"]}]},{"@type":"WebPage","@id":"https:\/\/www.actvism.org\/latest\/brics-prigoschins-f16-lascaris\/","url":"https:\/\/www.actvism.org\/latest\/brics-prigoschins-f16-lascaris\/","name":"Theorien zu Prigoschins Tod, BRICS-Gipfel & F16-Kampfjets","isPartOf":{"@id":"https:\/\/www.actvism.org\/#website"},"primaryImageOfPage":{"@id":"https:\/\/www.actvism.org\/latest\/brics-prigoschins-f16-lascaris\/#primaryimage"},"image":{"@id":"https:\/\/www.actvism.org\/latest\/brics-prigoschins-f16-lascaris\/#primaryimage"},"thumbnailUrl":"https:\/\/www.actvism.org\/wp-content\/uploads\/2023\/09\/1459-Design.jpg","datePublished":"2023-09-01T11:14:23+00:00","dateModified":"2023-09-01T11:15:52+00:00","description":"Theorien zu Prigoschins Tod, BRICS-Gipfel & F16-Kampfjets. In dieser Folge von Die Quelle sprechen wir mit dem Journalisten und Anwalt f\u00fcr ..","inLanguage":"en-US","potentialAction":[{"@type":"ReadAction","target":["https:\/\/www.actvism.org\/latest\/brics-prigoschins-f16-lascaris\/"]}]},{"@type":"ImageObject","inLanguage":"en-US","@id":"https:\/\/www.actvism.org\/latest\/brics-prigoschins-f16-lascaris\/#primaryimage","url":"https:\/\/www.actvism.org\/wp-content\/uploads\/2023\/09\/1459-Design.jpg","contentUrl":"https:\/\/www.actvism.org\/wp-content\/uploads\/2023\/09\/1459-Design.jpg","width":1920,"height":1080,"caption":"Theorien zu Prigoschins Tod, BRICS-Gipfel & F16-Kampfjets"},{"@type":"WebSite","@id":"https:\/\/www.actvism.org\/#website","url":"https:\/\/www.actvism.org\/","name":"acTVism","description":"information that moves","publisher":{"@id":"https:\/\/www.actvism.org\/#organization"},"potentialAction":[{"@type":"SearchAction","target":{"@type":"EntryPoint","urlTemplate":"https:\/\/www.actvism.org\/?s={search_term_string}"},"query-input":{"@type":"PropertyValueSpecification","valueRequired":true,"valueName":"search_term_string"}}],"inLanguage":"en-US"},{"@type":"Organization","@id":"https:\/\/www.actvism.org\/#organization","name":"acTVism Munich e.V.","url":"https:\/\/www.actvism.org\/","logo":{"@type":"ImageObject","inLanguage":"en-US","@id":"https:\/\/www.actvism.org\/#\/schema\/logo\/image\/","url":"https:\/\/www.actvism.org\/wp-content\/uploads\/2020\/11\/logo.svg","contentUrl":"https:\/\/www.actvism.org\/wp-content\/uploads\/2020\/11\/logo.svg","width":200,"height":57,"caption":"acTVism Munich e.V."},"image":{"@id":"https:\/\/www.actvism.org\/#\/schema\/logo\/image\/"},"sameAs":["https:\/\/facebook.com\/acTVism","https:\/\/x.com\/acTVismMunich"]},{"@type":"Person","@id":"https:\/\/www.actvism.org\/#\/schema\/person\/bc2c8684912eb2289fe0009f5ca451d6","name":"atv_admin","image":{"@type":"ImageObject","inLanguage":"en-US","@id":"https:\/\/secure.gravatar.com\/avatar\/53465926e4246ee1b807a849c23197531fd45c1bcd02682ada54ddb12eaa7a6d?s=96&d=mm&r=g","url":"https:\/\/secure.gravatar.com\/avatar\/53465926e4246ee1b807a849c23197531fd45c1bcd02682ada54ddb12eaa7a6d?s=96&d=mm&r=g","contentUrl":"https:\/\/secure.gravatar.com\/avatar\/53465926e4246ee1b807a849c23197531fd45c1bcd02682ada54ddb12eaa7a6d?s=96&d=mm&r=g","caption":"atv_admin"},"url":"https:\/\/www.actvism.org\/en\/author\/atv_admin\/"}]}},"_links":{"self":[{"href":"https:\/\/www.actvism.org\/en\/wp-json\/wp\/v2\/posts\/10713","targetHints":{"allow":["GET"]}}],"collection":[{"href":"https:\/\/www.actvism.org\/en\/wp-json\/wp\/v2\/posts"}],"about":[{"href":"https:\/\/www.actvism.org\/en\/wp-json\/wp\/v2\/types\/post"}],"author":[{"embeddable":true,"href":"https:\/\/www.actvism.org\/en\/wp-json\/wp\/v2\/users\/1"}],"replies":[{"embeddable":true,"href":"https:\/\/www.actvism.org\/en\/wp-json\/wp\/v2\/comments?post=10713"}],"version-history":[{"count":0,"href":"https:\/\/www.actvism.org\/en\/wp-json\/wp\/v2\/posts\/10713\/revisions"}],"wp:featuredmedia":[{"embeddable":true,"href":"https:\/\/www.actvism.org\/en\/wp-json\/wp\/v2\/media\/10716"}],"wp:attachment":[{"href":"https:\/\/www.actvism.org\/en\/wp-json\/wp\/v2\/media?parent=10713"}],"wp:term":[{"taxonomy":"category","embeddable":true,"href":"https:\/\/www.actvism.org\/en\/wp-json\/wp\/v2\/categories?post=10713"},{"taxonomy":"post_tag","embeddable":true,"href":"https:\/\/www.actvism.org\/en\/wp-json\/wp\/v2\/tags?post=10713"},{"taxonomy":"channel","embeddable":true,"href":"https:\/\/www.actvism.org\/en\/wp-json\/wp\/v2\/channel?post=10713"}],"curies":[{"name":"wp","href":"https:\/\/api.w.org\/{rel}","templated":true}]}}