{"id":10818,"date":"2023-10-11T17:53:38","date_gmt":"2023-10-11T15:53:38","guid":{"rendered":"https:\/\/www.actvism.org\/?p=10818"},"modified":"2023-10-11T18:07:33","modified_gmt":"2023-10-11T16:07:33","slug":"israel-palaestina-konflikt-hever-wissen","status":"publish","type":"post","link":"https:\/\/www.actvism.org\/en\/latest\/israel-palaestina-konflikt-hever-wissen\/","title":{"rendered":"Israel and Palestine Conflict &#8211; Everything You need to Know"},"content":{"rendered":"<div class=\"container\" data-sal=\"slide-up\" data-sal-easing=\"ease-in-out\" data-sal-delay=\"200\"><div class=\"row justify-content-md-center pb-3\"><div class=\"cnt_col\">\n<hr class=\"wp-block-separator has-css-opacity\"\/>\n<\/div><\/div><\/div>\n\n<div class=\"container\" data-sal=\"slide-up\" data-sal-easing=\"ease-in-out\" data-sal-delay=\"200\"><div class=\"row justify-content-md-center pb-3\"><div class=\"cnt_col\">\n<p>We are transitioning away from YouTube. Be sure to subscribe to the following channels to stay updated with our journalism:<\/p>\n<\/div><\/div><\/div>\n\n<div class=\"container\" data-sal=\"slide-up\" data-sal-easing=\"ease-in-out\" data-sal-delay=\"200\"><div class=\"row justify-content-md-center pb-3\"><div class=\"cnt_col\">\n<p>\u25ba<a rel=\"noreferrer noopener\" href=\"https:\/\/rumble.com\/c\/acTVismMunich\" target=\"_blank\">&nbsp;RUMBLE<\/a><br>\u25ba&nbsp;<a rel=\"noreferrer noopener\" href=\"https:\/\/t.me\/acTVismMunich\" target=\"_blank\">TELEGRAM<\/a><\/p>\n<\/div><\/div><\/div>\n\n<div class=\"container\" data-sal=\"slide-up\" data-sal-easing=\"ease-in-out\" data-sal-delay=\"200\"><div class=\"row justify-content-md-center pb-3\"><div class=\"cnt_col\">\n<hr class=\"wp-block-separator has-css-opacity\"\/>\n<\/div><\/div><\/div>\n\n<div class=\"container\" data-sal=\"slide-up\" data-sal-easing=\"ease-in-out\" data-sal-delay=\"200\"><div class=\"row justify-content-md-center pb-3\"><div class=\"cnt_col\">\n<p>In this episode of The Source, we talk with independent journalist, author and economist Dr. Shir Hever about the current conflict between Israel and Palestine and how it came to be. We then examine the role of decades of Israeli occupation and apartheid and whether it is related to the current escalation of violence. We assess the role of the Western media before the conflict erupted and ask whether they reported with the same frequency and quality when Israel was committing crimes against humanity against Palestinians. We also talk about the international law that Western politicians invoke when it comes to Ukraine, for example, and whether the same standard applies to Palestine, where Israel has not only acted as an occupying power since 1967, but also continues to drive local populations off their land in order to build new settlements on it. Finally, we discuss what approach the international community can take today to achieve a lasting and sustainable peace between Israel and Palestine.<\/p>\n<\/div><\/div><\/div>\n\n<div class=\"container\" data-sal=\"slide-up\" data-sal-easing=\"ease-in-out\" data-sal-delay=\"200\"><div class=\"row justify-content-md-center pb-3\"><div class=\"cnt_col\">\n<p>To read the transcript of this video: <a href=\"https:\/\/www.actvism.org\/wp-content\/uploads\/2023\/10\/Israel-and-Palestine-Conflict-Everything-You-need-to-Know.pdf\">Israel and Palestine Conflict &#8211; Everything You need to Know<\/a><\/p>\n<\/div><\/div><\/div>\n\n<div class=\"container\" data-sal=\"slide-up\" data-sal-easing=\"ease-in-out\" data-sal-delay=\"200\"><div class=\"row justify-content-md-center pb-3\"><div class=\"cnt_col\">\n<hr class=\"wp-block-separator has-css-opacity\"\/>\n<\/div><\/div><\/div>\n\n<div class=\"container\" data-sal=\"slide-up\" data-sal-easing=\"ease-in-out\" data-sal-delay=\"200\"><div class=\"row justify-content-md-center pb-3\"><div class=\"cnt_col\">\n<h2 class=\"wp-block-heading\">VIDEO: Israel and Palestine Conflict &#8211; Everything You need to Know<\/h2>\n<\/div><\/div><\/div>\n\n<div class=\"container\" data-sal=\"slide-up\" data-sal-easing=\"ease-in-out\" data-sal-delay=\"200\"><div class=\"row justify-content-md-center pb-3\"><div class=\"cnt_col\">\n<figure class=\"wp-block-embed is-type-video is-provider-youtube wp-block-embed-youtube wp-embed-aspect-16-9 wp-has-aspect-ratio\"><div class=\"wp-block-embed__wrapper\">\n<iframe loading=\"lazy\" title=\"Israel and Palestine Conflict - Everything You need to Know\" width=\"500\" height=\"281\" src=\"https:\/\/www.youtube.com\/embed\/fAZ647B-_A8?feature=oembed\" frameborder=\"0\" allow=\"accelerometer; autoplay; clipboard-write; encrypted-media; gyroscope; picture-in-picture; web-share\" referrerpolicy=\"strict-origin-when-cross-origin\" allowfullscreen><\/iframe>\n<\/div><\/figure>\n<\/div><\/div><\/div>\n\n<div class=\"container\" data-sal=\"slide-up\" data-sal-easing=\"ease-in-out\" data-sal-delay=\"200\"><div class=\"row justify-content-md-center pb-3\"><div class=\"cnt_col\">\n<hr class=\"wp-block-separator has-css-opacity\"\/>\n<\/div><\/div><\/div>\n\n<div class=\"container\" data-sal=\"slide-up\" data-sal-easing=\"ease-in-out\" data-sal-delay=\"200\"><div class=\"row justify-content-md-center pb-3\"><div class=\"cnt_col\">\n<p>To watch more of our videos on this topic or with other experts such as&nbsp;<a href=\"https:\/\/www.actvism.org\/en\/?s=edward+snowden\" target=\"_blank\" rel=\"noreferrer noopener\">Edward Snowden<\/a>, Noam Chomsky, Abby Martin, Yanis Varoufakis, Glenn Greenwald, Jeremy Scahill, Jill Stein, Daniel Ellsberg, etc, please visit and subscribe to our YouTube channel by&nbsp;<a rel=\"noreferrer noopener\" href=\"https:\/\/www.youtube.com\/user\/acTVismMunich?sub_confirmation=1\" target=\"_blank\">clicking here.<\/a><\/p>\n<\/div><\/div><\/div>\n\n<div class=\"container\" data-sal=\"slide-up\" data-sal-easing=\"ease-in-out\" data-sal-delay=\"200\"><div class=\"row justify-content-md-center pb-3\"><div class=\"cnt_col\">\n<hr class=\"wp-block-separator has-css-opacity\"\/>\n<\/div><\/div><\/div>\n\n<div class=\"container\" data-sal=\"slide-up\" data-sal-easing=\"ease-in-out\" data-sal-delay=\"200\"><div class=\"row justify-content-md-center pb-3\"><div class=\"cnt_col\">\n<h2 class=\"wp-block-heading\">Donate today to support independent &amp; non-profit media!<\/h2>\n<\/div><\/div><\/div>\n\n<div class=\"container\" data-sal=\"slide-up\" data-sal-easing=\"ease-in-out\" data-sal-delay=\"200\"><div class=\"row justify-content-md-center pb-3\"><div class=\"cnt_col\">\n<p><a rel=\"noreferrer noopener\" href=\"https:\/\/www.actvism.org\/en\/donate\/\" target=\"_blank\">Click here<\/a>&nbsp;or on the picture below:<\/p>\n<\/div><\/div><\/div>\n\n<div class=\"d-flex justify-content-center pb-3 sal\" data-sal=\"slide-up\" data-sal-easing=\"ease-in-out\" data-sal-delay=\"200\">\n<figure class=\"wp-block-image\"><a href=\"https:\/\/www.actvism.org\/en\/donate\/\"><img loading=\"lazy\" decoding=\"async\" width=\"700\" height=\"233\" src=\"https:\/\/www.actvism.org\/wp-content\/uploads\/2021\/12\/28_acTVism_Webseite_Donation-Image_EN_700x233px_Future-1-1.jpg\" alt=\"\" class=\"wp-image-8883\" srcset=\"https:\/\/www.actvism.org\/wp-content\/uploads\/2021\/12\/28_acTVism_Webseite_Donation-Image_EN_700x233px_Future-1-1.jpg 700w, https:\/\/www.actvism.org\/wp-content\/uploads\/2021\/12\/28_acTVism_Webseite_Donation-Image_EN_700x233px_Future-1-1-300x100.jpg 300w\" sizes=\"auto, (max-width: 700px) 100vw, 700px\" \/><\/a><\/figure>\n<\/div>\n\n<div class=\"container\" data-sal=\"slide-up\" data-sal-easing=\"ease-in-out\" data-sal-delay=\"200\"><div class=\"row justify-content-md-center pb-3\"><div class=\"cnt_col\">\n<hr class=\"wp-block-separator has-css-opacity\"\/>\n<\/div><\/div><\/div>\n\n<div class=\"container\" data-sal=\"slide-up\" data-sal-easing=\"ease-in-out\" data-sal-delay=\"200\"><div class=\"row justify-content-md-center pb-3\"><div class=\"cnt_col\">\n<h2 class=\"wp-block-heading\">ABOUT DR. SHIR HEVER<\/h2>\n<\/div><\/div><\/div>\n\n<div class=\"container\" data-sal=\"slide-up\" data-sal-easing=\"ease-in-out\" data-sal-delay=\"200\"><div class=\"row justify-content-md-center pb-3\"><div class=\"cnt_col\">\n<p>Dr. Shir Hever is an independent economic researcher and journalist. He writes articles and research for various venues and gives lectures in political and academic venues. He is the author of The Privatisation of Israeli Security (Pluto, 2017) and The Political Economy of Israel\u2019s Occupation (Pluto, 2010). He is currently the military embargo coordinator of the BNC (Boycott National Committee) of the BDS movement.<\/p>\n<\/div><\/div><\/div>\n\n<div class=\"container\" data-sal=\"slide-up\" data-sal-easing=\"ease-in-out\" data-sal-delay=\"200\"><div class=\"row justify-content-md-center pb-3\"><div class=\"cnt_col\">\n<hr class=\"wp-block-separator has-css-opacity\"\/>\n<\/div><\/div><\/div>","protected":false},"excerpt":{"rendered":"<p>Israel and Palestine Conflict &#8211; Everything You need to Know.<\/p>\n","protected":false},"author":1,"featured_media":10821,"comment_status":"open","ping_status":"open","sticky":false,"template":"","format":"standard","meta":{"_acf_changed":false,"inline_featured_image":false,"footnotes":""},"categories":[1],"tags":[21012,264,401,21706,21705,404,21352,260,21424,271,395,21217,34],"channel":[20952],"class_list":["post-10818","post","type-post","status-publish","format-standard","has-post-thumbnail","hentry","category-latest","tag-apartheid","tag-bds","tag-benjamin-netanjahu","tag-deutschland-israel","tag-dr-hever","tag-gaza","tag-hamas","tag-israel","tag-israel-apartheid","tag-netanjahu","tag-palaestina","tag-shir-hever","tag-zain-raza","channel-the-source"],"translation":{"provider":"WPGlobus","version":"3.0.0","language":"en","enabled_languages":["de","en"],"languages":{"de":{"title":true,"content":true,"excerpt":true},"en":{"title":true,"content":true,"excerpt":true}}},"acf":[],"yoast_head":"<!-- This site is optimized with the Yoast SEO plugin v27.4 - https:\/\/yoast.com\/product\/yoast-seo-wordpress\/ -->\n<title>Israel &amp; Pal\u00e4stina Konflikt - Alles was Sie wissen sollten<\/title>\n<meta name=\"robots\" content=\"index, follow, max-snippet:-1, max-image-preview:large, max-video-preview:-1\" \/>\n<link rel=\"canonical\" href=\"https:\/\/www.actvism.org\/latest\/israel-palaestina-konflikt-hever-wissen\/\" \/>\n<meta property=\"og:locale\" content=\"en_US\" \/>\n<meta property=\"og:type\" content=\"article\" \/>\n<meta property=\"og:title\" content=\"Israel &amp; Pal\u00e4stina Konflikt - Alles was Sie wissen sollten | Dr. Shir Hever\" \/>\n<meta property=\"og:description\" content=\"In dieser Folge von Die Quelle sprechen wir mit dem unabh\u00e4ngigen Journalisten, Autor und Wirtschaftswissenschaftler Dr. Shir Hever \u00fcber den aktuellen Konflikt zwischen Israel und Pal\u00e4stina und dessen Entstehungsgeschichte.\" \/>\n<meta property=\"og:url\" content=\"https:\/\/www.actvism.org\/latest\/israel-palaestina-konflikt-hever-wissen\/\" \/>\n<meta property=\"og:site_name\" content=\"acTVism\" \/>\n<meta property=\"article:publisher\" content=\"https:\/\/facebook.com\/acTVism\" \/>\n<meta property=\"article:published_time\" content=\"2023-10-11T15:53:38+00:00\" \/>\n<meta property=\"article:modified_time\" content=\"2023-10-11T16:07:33+00:00\" \/>\n<meta property=\"og:image\" content=\"https:\/\/www.actvism.org\/wp-content\/uploads\/2023\/10\/1487-Design-1024x576.jpg\" \/>\n\t<meta property=\"og:image:width\" content=\"1920\" \/>\n\t<meta property=\"og:image:height\" content=\"1080\" \/>\n\t<meta property=\"og:image:type\" content=\"image\/jpeg\" \/>\n<meta name=\"author\" content=\"atv_admin\" \/>\n<meta name=\"twitter:card\" content=\"summary_large_image\" \/>\n<meta name=\"twitter:creator\" content=\"@acTVismMunich\" \/>\n<meta name=\"twitter:site\" content=\"@acTVismMunich\" \/>\n<meta name=\"twitter:label1\" content=\"Written by\" \/>\n\t<meta name=\"twitter:data1\" content=\"atv_admin\" \/>\n\t<meta name=\"twitter:label2\" content=\"Est. reading time\" \/>\n\t<meta name=\"twitter:data2\" content=\"2 minutes\" \/>\n<script type=\"application\/ld+json\" class=\"yoast-schema-graph\">{\"@context\":\"https:\\\/\\\/schema.org\",\"@graph\":[{\"@type\":\"Article\",\"@id\":\"https:\\\/\\\/www.actvism.org\\\/latest\\\/israel-palaestina-konflikt-hever-wissen\\\/#article\",\"isPartOf\":{\"@id\":\"https:\\\/\\\/www.actvism.org\\\/latest\\\/israel-palaestina-konflikt-hever-wissen\\\/\"},\"author\":{\"name\":\"atv_admin\",\"@id\":\"https:\\\/\\\/www.actvism.org\\\/#\\\/schema\\\/person\\\/bc2c8684912eb2289fe0009f5ca451d6\"},\"headline\":\"Israel and Palestine Conflict &#8211; Everything You need to Know\",\"datePublished\":\"2023-10-11T15:53:38+00:00\",\"dateModified\":\"2023-10-11T16:07:33+00:00\",\"mainEntityOfPage\":{\"@id\":\"https:\\\/\\\/www.actvism.org\\\/latest\\\/israel-palaestina-konflikt-hever-wissen\\\/\"},\"wordCount\":705,\"commentCount\":0,\"publisher\":{\"@id\":\"https:\\\/\\\/www.actvism.org\\\/#organization\"},\"image\":{\"@id\":\"https:\\\/\\\/www.actvism.org\\\/latest\\\/israel-palaestina-konflikt-hever-wissen\\\/#primaryimage\"},\"thumbnailUrl\":\"https:\\\/\\\/www.actvism.org\\\/wp-content\\\/uploads\\\/2023\\\/10\\\/1487-Design.jpg\",\"keywords\":[\"apartheid\",\"BDS\",\"Benjamin Netanjahu\",\"deutschland israel\",\"dr hever\",\"Gaza\",\"hamas\",\"Israel\",\"israel apartheid\",\"Netanjahu\",\"Pal\u00e4stina\",\"shir hever\",\"Zain Raza\"],\"articleSection\":[\"LATEST\"],\"inLanguage\":\"en-US\",\"potentialAction\":[{\"@type\":\"CommentAction\",\"name\":\"Comment\",\"target\":[\"https:\\\/\\\/www.actvism.org\\\/latest\\\/israel-palaestina-konflikt-hever-wissen\\\/#respond\"]}]},{\"@type\":\"WebPage\",\"@id\":\"https:\\\/\\\/www.actvism.org\\\/latest\\\/israel-palaestina-konflikt-hever-wissen\\\/\",\"url\":\"https:\\\/\\\/www.actvism.org\\\/latest\\\/israel-palaestina-konflikt-hever-wissen\\\/\",\"name\":\"Israel & Pal\u00e4stina Konflikt - Alles was Sie wissen sollten\",\"isPartOf\":{\"@id\":\"https:\\\/\\\/www.actvism.org\\\/#website\"},\"primaryImageOfPage\":{\"@id\":\"https:\\\/\\\/www.actvism.org\\\/latest\\\/israel-palaestina-konflikt-hever-wissen\\\/#primaryimage\"},\"image\":{\"@id\":\"https:\\\/\\\/www.actvism.org\\\/latest\\\/israel-palaestina-konflikt-hever-wissen\\\/#primaryimage\"},\"thumbnailUrl\":\"https:\\\/\\\/www.actvism.org\\\/wp-content\\\/uploads\\\/2023\\\/10\\\/1487-Design.jpg\",\"datePublished\":\"2023-10-11T15:53:38+00:00\",\"dateModified\":\"2023-10-11T16:07:33+00:00\",\"description\":\"Israel & Pal\u00e4stina Konflikt - Alles was Sie wissen sollten. In dieser Folge von Die Quelle sprechen wir mit dem unabh\u00e4ngigen Journalisten ..\",\"inLanguage\":\"en-US\",\"potentialAction\":[{\"@type\":\"ReadAction\",\"target\":[\"https:\\\/\\\/www.actvism.org\\\/latest\\\/israel-palaestina-konflikt-hever-wissen\\\/\"]}]},{\"@type\":\"ImageObject\",\"inLanguage\":\"en-US\",\"@id\":\"https:\\\/\\\/www.actvism.org\\\/latest\\\/israel-palaestina-konflikt-hever-wissen\\\/#primaryimage\",\"url\":\"https:\\\/\\\/www.actvism.org\\\/wp-content\\\/uploads\\\/2023\\\/10\\\/1487-Design.jpg\",\"contentUrl\":\"https:\\\/\\\/www.actvism.org\\\/wp-content\\\/uploads\\\/2023\\\/10\\\/1487-Design.jpg\",\"width\":1920,\"height\":1080,\"caption\":\"Israel & Pal\u00e4stina Konflikt - Alles was Sie wissen sollten | Dr. Shir Hever\"},{\"@type\":\"WebSite\",\"@id\":\"https:\\\/\\\/www.actvism.org\\\/#website\",\"url\":\"https:\\\/\\\/www.actvism.org\\\/\",\"name\":\"acTVism\",\"description\":\"information that moves\",\"publisher\":{\"@id\":\"https:\\\/\\\/www.actvism.org\\\/#organization\"},\"potentialAction\":[{\"@type\":\"SearchAction\",\"target\":{\"@type\":\"EntryPoint\",\"urlTemplate\":\"https:\\\/\\\/www.actvism.org\\\/?s={search_term_string}\"},\"query-input\":{\"@type\":\"PropertyValueSpecification\",\"valueRequired\":true,\"valueName\":\"search_term_string\"}}],\"inLanguage\":\"en-US\"},{\"@type\":\"Organization\",\"@id\":\"https:\\\/\\\/www.actvism.org\\\/#organization\",\"name\":\"acTVism Munich e.V.\",\"url\":\"https:\\\/\\\/www.actvism.org\\\/\",\"logo\":{\"@type\":\"ImageObject\",\"inLanguage\":\"en-US\",\"@id\":\"https:\\\/\\\/www.actvism.org\\\/#\\\/schema\\\/logo\\\/image\\\/\",\"url\":\"https:\\\/\\\/www.actvism.org\\\/wp-content\\\/uploads\\\/2020\\\/11\\\/logo.svg\",\"contentUrl\":\"https:\\\/\\\/www.actvism.org\\\/wp-content\\\/uploads\\\/2020\\\/11\\\/logo.svg\",\"width\":200,\"height\":57,\"caption\":\"acTVism Munich e.V.\"},\"image\":{\"@id\":\"https:\\\/\\\/www.actvism.org\\\/#\\\/schema\\\/logo\\\/image\\\/\"},\"sameAs\":[\"https:\\\/\\\/facebook.com\\\/acTVism\",\"https:\\\/\\\/x.com\\\/acTVismMunich\"]},{\"@type\":\"Person\",\"@id\":\"https:\\\/\\\/www.actvism.org\\\/#\\\/schema\\\/person\\\/bc2c8684912eb2289fe0009f5ca451d6\",\"name\":\"atv_admin\",\"image\":{\"@type\":\"ImageObject\",\"inLanguage\":\"en-US\",\"@id\":\"https:\\\/\\\/secure.gravatar.com\\\/avatar\\\/53465926e4246ee1b807a849c23197531fd45c1bcd02682ada54ddb12eaa7a6d?s=96&d=mm&r=g\",\"url\":\"https:\\\/\\\/secure.gravatar.com\\\/avatar\\\/53465926e4246ee1b807a849c23197531fd45c1bcd02682ada54ddb12eaa7a6d?s=96&d=mm&r=g\",\"contentUrl\":\"https:\\\/\\\/secure.gravatar.com\\\/avatar\\\/53465926e4246ee1b807a849c23197531fd45c1bcd02682ada54ddb12eaa7a6d?s=96&d=mm&r=g\",\"caption\":\"atv_admin\"},\"url\":\"https:\\\/\\\/www.actvism.org\\\/en\\\/author\\\/atv_admin\\\/\"}]}<\/script>\n<!-- \/ Yoast SEO plugin. -->","yoast_head_json":{"title":"Israel & Pal\u00e4stina Konflikt - Alles was Sie wissen sollten","robots":{"index":"index","follow":"follow","max-snippet":"max-snippet:-1","max-image-preview":"max-image-preview:large","max-video-preview":"max-video-preview:-1"},"canonical":"https:\/\/www.actvism.org\/latest\/israel-palaestina-konflikt-hever-wissen\/","og_locale":"en_US","og_type":"article","og_title":"Israel & Pal\u00e4stina Konflikt - Alles was Sie wissen sollten | Dr. Shir Hever","og_description":"In dieser Folge von Die Quelle sprechen wir mit dem unabh\u00e4ngigen Journalisten, Autor und Wirtschaftswissenschaftler Dr. Shir Hever \u00fcber den aktuellen Konflikt zwischen Israel und Pal\u00e4stina und dessen Entstehungsgeschichte.","og_url":"https:\/\/www.actvism.org\/latest\/israel-palaestina-konflikt-hever-wissen\/","og_site_name":"acTVism","article_publisher":"https:\/\/facebook.com\/acTVism","article_published_time":"2023-10-11T15:53:38+00:00","article_modified_time":"2023-10-11T16:07:33+00:00","og_image":[{"width":1920,"height":1080,"url":"https:\/\/www.actvism.org\/wp-content\/uploads\/2023\/10\/1487-Design-1024x576.jpg","type":"image\/jpeg"}],"author":"atv_admin","twitter_card":"summary_large_image","twitter_creator":"@acTVismMunich","twitter_site":"@acTVismMunich","twitter_misc":{"Written by":"atv_admin","Est. reading time":"2 minutes"},"schema":{"@context":"https:\/\/schema.org","@graph":[{"@type":"Article","@id":"https:\/\/www.actvism.org\/latest\/israel-palaestina-konflikt-hever-wissen\/#article","isPartOf":{"@id":"https:\/\/www.actvism.org\/latest\/israel-palaestina-konflikt-hever-wissen\/"},"author":{"name":"atv_admin","@id":"https:\/\/www.actvism.org\/#\/schema\/person\/bc2c8684912eb2289fe0009f5ca451d6"},"headline":"Israel and Palestine Conflict &#8211; Everything You need to Know","datePublished":"2023-10-11T15:53:38+00:00","dateModified":"2023-10-11T16:07:33+00:00","mainEntityOfPage":{"@id":"https:\/\/www.actvism.org\/latest\/israel-palaestina-konflikt-hever-wissen\/"},"wordCount":705,"commentCount":0,"publisher":{"@id":"https:\/\/www.actvism.org\/#organization"},"image":{"@id":"https:\/\/www.actvism.org\/latest\/israel-palaestina-konflikt-hever-wissen\/#primaryimage"},"thumbnailUrl":"https:\/\/www.actvism.org\/wp-content\/uploads\/2023\/10\/1487-Design.jpg","keywords":["apartheid","BDS","Benjamin Netanjahu","deutschland israel","dr hever","Gaza","hamas","Israel","israel apartheid","Netanjahu","Pal\u00e4stina","shir hever","Zain Raza"],"articleSection":["LATEST"],"inLanguage":"en-US","potentialAction":[{"@type":"CommentAction","name":"Comment","target":["https:\/\/www.actvism.org\/latest\/israel-palaestina-konflikt-hever-wissen\/#respond"]}]},{"@type":"WebPage","@id":"https:\/\/www.actvism.org\/latest\/israel-palaestina-konflikt-hever-wissen\/","url":"https:\/\/www.actvism.org\/latest\/israel-palaestina-konflikt-hever-wissen\/","name":"Israel & Pal\u00e4stina Konflikt - Alles was Sie wissen sollten","isPartOf":{"@id":"https:\/\/www.actvism.org\/#website"},"primaryImageOfPage":{"@id":"https:\/\/www.actvism.org\/latest\/israel-palaestina-konflikt-hever-wissen\/#primaryimage"},"image":{"@id":"https:\/\/www.actvism.org\/latest\/israel-palaestina-konflikt-hever-wissen\/#primaryimage"},"thumbnailUrl":"https:\/\/www.actvism.org\/wp-content\/uploads\/2023\/10\/1487-Design.jpg","datePublished":"2023-10-11T15:53:38+00:00","dateModified":"2023-10-11T16:07:33+00:00","description":"Israel & Pal\u00e4stina Konflikt - Alles was Sie wissen sollten. In dieser Folge von Die Quelle sprechen wir mit dem unabh\u00e4ngigen Journalisten ..","inLanguage":"en-US","potentialAction":[{"@type":"ReadAction","target":["https:\/\/www.actvism.org\/latest\/israel-palaestina-konflikt-hever-wissen\/"]}]},{"@type":"ImageObject","inLanguage":"en-US","@id":"https:\/\/www.actvism.org\/latest\/israel-palaestina-konflikt-hever-wissen\/#primaryimage","url":"https:\/\/www.actvism.org\/wp-content\/uploads\/2023\/10\/1487-Design.jpg","contentUrl":"https:\/\/www.actvism.org\/wp-content\/uploads\/2023\/10\/1487-Design.jpg","width":1920,"height":1080,"caption":"Israel & Pal\u00e4stina Konflikt - Alles was Sie wissen sollten | Dr. Shir Hever"},{"@type":"WebSite","@id":"https:\/\/www.actvism.org\/#website","url":"https:\/\/www.actvism.org\/","name":"acTVism","description":"information that moves","publisher":{"@id":"https:\/\/www.actvism.org\/#organization"},"potentialAction":[{"@type":"SearchAction","target":{"@type":"EntryPoint","urlTemplate":"https:\/\/www.actvism.org\/?s={search_term_string}"},"query-input":{"@type":"PropertyValueSpecification","valueRequired":true,"valueName":"search_term_string"}}],"inLanguage":"en-US"},{"@type":"Organization","@id":"https:\/\/www.actvism.org\/#organization","name":"acTVism Munich e.V.","url":"https:\/\/www.actvism.org\/","logo":{"@type":"ImageObject","inLanguage":"en-US","@id":"https:\/\/www.actvism.org\/#\/schema\/logo\/image\/","url":"https:\/\/www.actvism.org\/wp-content\/uploads\/2020\/11\/logo.svg","contentUrl":"https:\/\/www.actvism.org\/wp-content\/uploads\/2020\/11\/logo.svg","width":200,"height":57,"caption":"acTVism Munich e.V."},"image":{"@id":"https:\/\/www.actvism.org\/#\/schema\/logo\/image\/"},"sameAs":["https:\/\/facebook.com\/acTVism","https:\/\/x.com\/acTVismMunich"]},{"@type":"Person","@id":"https:\/\/www.actvism.org\/#\/schema\/person\/bc2c8684912eb2289fe0009f5ca451d6","name":"atv_admin","image":{"@type":"ImageObject","inLanguage":"en-US","@id":"https:\/\/secure.gravatar.com\/avatar\/53465926e4246ee1b807a849c23197531fd45c1bcd02682ada54ddb12eaa7a6d?s=96&d=mm&r=g","url":"https:\/\/secure.gravatar.com\/avatar\/53465926e4246ee1b807a849c23197531fd45c1bcd02682ada54ddb12eaa7a6d?s=96&d=mm&r=g","contentUrl":"https:\/\/secure.gravatar.com\/avatar\/53465926e4246ee1b807a849c23197531fd45c1bcd02682ada54ddb12eaa7a6d?s=96&d=mm&r=g","caption":"atv_admin"},"url":"https:\/\/www.actvism.org\/en\/author\/atv_admin\/"}]}},"_links":{"self":[{"href":"https:\/\/www.actvism.org\/en\/wp-json\/wp\/v2\/posts\/10818","targetHints":{"allow":["GET"]}}],"collection":[{"href":"https:\/\/www.actvism.org\/en\/wp-json\/wp\/v2\/posts"}],"about":[{"href":"https:\/\/www.actvism.org\/en\/wp-json\/wp\/v2\/types\/post"}],"author":[{"embeddable":true,"href":"https:\/\/www.actvism.org\/en\/wp-json\/wp\/v2\/users\/1"}],"replies":[{"embeddable":true,"href":"https:\/\/www.actvism.org\/en\/wp-json\/wp\/v2\/comments?post=10818"}],"version-history":[{"count":0,"href":"https:\/\/www.actvism.org\/en\/wp-json\/wp\/v2\/posts\/10818\/revisions"}],"wp:featuredmedia":[{"embeddable":true,"href":"https:\/\/www.actvism.org\/en\/wp-json\/wp\/v2\/media\/10821"}],"wp:attachment":[{"href":"https:\/\/www.actvism.org\/en\/wp-json\/wp\/v2\/media?parent=10818"}],"wp:term":[{"taxonomy":"category","embeddable":true,"href":"https:\/\/www.actvism.org\/en\/wp-json\/wp\/v2\/categories?post=10818"},{"taxonomy":"post_tag","embeddable":true,"href":"https:\/\/www.actvism.org\/en\/wp-json\/wp\/v2\/tags?post=10818"},{"taxonomy":"channel","embeddable":true,"href":"https:\/\/www.actvism.org\/en\/wp-json\/wp\/v2\/channel?post=10818"}],"curies":[{"name":"wp","href":"https:\/\/api.w.org\/{rel}","templated":true}]}}