{"id":11088,"date":"2023-12-14T10:09:59","date_gmt":"2023-12-14T09:09:59","guid":{"rendered":"https:\/\/www.actvism.org\/?p=11088"},"modified":"2023-12-14T20:11:31","modified_gmt":"2023-12-14T19:11:31","slug":"ukraine-narrativ-bricht-greenwald","status":"publish","type":"post","link":"https:\/\/www.actvism.org\/en\/latest\/ukraine-narrativ-bricht-greenwald\/","title":{"rendered":"The Ukraine Narrative Fully Implodes"},"content":{"rendered":"<div class=\"container\" data-sal=\"slide-up\" data-sal-easing=\"ease-in-out\" data-sal-delay=\"200\"><div class=\"row justify-content-md-center pb-3\"><div class=\"cnt_col\">\n<hr class=\"wp-block-separator has-css-opacity\"\/>\n<\/div><\/div><\/div>\n\n<div class=\"container\" data-sal=\"slide-up\" data-sal-easing=\"ease-in-out\" data-sal-delay=\"200\"><div class=\"row justify-content-md-center pb-3\"><div class=\"cnt_col\">\n<p><em><em>We are currently in our annual crowdfunding campaign. If you want our independent and non-profit media network to continue in 2024, <a href=\"https:\/\/www.actvism.org\/en\/latest\/zukunft-journalismus-crowdfunding-2024\/\">please participate in this campaign by&nbsp;clicking here.<\/a><\/em><\/em><\/p>\n<\/div><\/div><\/div>\n\n<div class=\"container\" data-sal=\"slide-up\" data-sal-easing=\"ease-in-out\" data-sal-delay=\"200\"><div class=\"row justify-content-md-center pb-3\"><div class=\"cnt_col\">\n<hr class=\"wp-block-separator has-css-opacity\"\/>\n<\/div><\/div><\/div>\n\n<div class=\"container\" data-sal=\"slide-up\" data-sal-easing=\"ease-in-out\" data-sal-delay=\"200\"><div class=\"row justify-content-md-center pb-3\"><div class=\"cnt_col\">\n<p>In this video, published exclusively on our channel in German, Pulitzer Prize-winning journalist and editor of the Snowden NSA leaks Glenn Greenwald talks about how the media narrative on Ukraine is starting to change. From leading US media outlets to high-ranking Ukrainian generals are now admitting that victory against Russia is no longer possible and the war is at a stalemate. When dissenting or alternative voices were voicing these positions they were labeled as being Russian agents or disseminating Kremlin propaganda by establishment outlet and figures.<\/p>\n<\/div><\/div><\/div>\n\n<div class=\"container\" data-sal=\"slide-up\" data-sal-easing=\"ease-in-out\" data-sal-delay=\"200\"><div class=\"row justify-content-md-center pb-3\"><div class=\"cnt_col\">\n<p>This video was produced by System Update and published on their YouTube channel on the 9th of December,2023. We have translated it into German and are republishing it today to help build opinion on this issue in Germany.<\/p>\n<\/div><\/div><\/div>\n\n<div class=\"container\" data-sal=\"slide-up\" data-sal-easing=\"ease-in-out\" data-sal-delay=\"200\"><div class=\"row justify-content-md-center pb-3\"><div class=\"cnt_col\">\n<p>To read the transcript of the interview: <a href=\"https:\/\/www.actvism.org\/wp-content\/uploads\/2023\/12\/The-Ukraine-Narrative-Fully-Implodes.pdf\">The Ukraine Narrative Fully Implodes<\/a><\/p>\n<\/div><\/div><\/div>\n\n<div class=\"container\" data-sal=\"slide-up\" data-sal-easing=\"ease-in-out\" data-sal-delay=\"200\"><div class=\"row justify-content-md-center pb-3\"><div class=\"cnt_col\">\n<hr class=\"wp-block-separator has-css-opacity\"\/>\n<\/div><\/div><\/div>\n\n<div class=\"container\" data-sal=\"slide-up\" data-sal-easing=\"ease-in-out\" data-sal-delay=\"200\"><div class=\"row justify-content-md-center pb-3\"><div class=\"cnt_col\">\n<h2 class=\"wp-block-heading\">VIDEO: The Ukraine Narrative Fully Implodes<\/h2>\n<\/div><\/div><\/div>\n\n<div class=\"container\" data-sal=\"slide-up\" data-sal-easing=\"ease-in-out\" data-sal-delay=\"200\"><div class=\"row justify-content-md-center pb-3\"><div class=\"cnt_col\">\n<figure class=\"wp-block-embed is-type-video is-provider-youtube wp-block-embed-youtube wp-embed-aspect-16-9 wp-has-aspect-ratio\"><div class=\"wp-block-embed__wrapper\">\n<iframe loading=\"lazy\" title=\"The Ukraine Narrative Fully Implodes\" width=\"500\" height=\"281\" src=\"https:\/\/www.youtube.com\/embed\/G8KIPP8AJm8?feature=oembed\" frameborder=\"0\" allow=\"accelerometer; autoplay; clipboard-write; encrypted-media; gyroscope; picture-in-picture; web-share\" referrerpolicy=\"strict-origin-when-cross-origin\" allowfullscreen><\/iframe>\n<\/div><\/figure>\n<\/div><\/div><\/div>\n\n<div class=\"container\" data-sal=\"slide-up\" data-sal-easing=\"ease-in-out\" data-sal-delay=\"200\"><div class=\"row justify-content-md-center pb-3\"><div class=\"cnt_col\">\n<hr class=\"wp-block-separator has-css-opacity\"\/>\n<\/div><\/div><\/div>\n\n<div class=\"container\" data-sal=\"slide-up\" data-sal-easing=\"ease-in-out\" data-sal-delay=\"200\"><div class=\"row justify-content-md-center pb-3\"><div class=\"cnt_col\">\n<p>About our import program: In this program, we publish content from external authors, activists and journalists. This includes both international and local content that, in our editorial opinion, is not sufficiently covered in the media landscape. The content does not necessarily reflect acTVism Munich\u2019s own editorial stance.<\/p>\n<\/div><\/div><\/div>\n\n<div class=\"container\" data-sal=\"slide-up\" data-sal-easing=\"ease-in-out\" data-sal-delay=\"200\"><div class=\"row justify-content-md-center pb-3\"><div class=\"cnt_col\">\n<p>To watch more of our <a rel=\"noreferrer noopener\" href=\"https:\/\/www.actvism.org\/en\/archive\/\" target=\"_blank\">videos <\/a>on this topic or with other experts such as Edward Snowden, Noam Chomsky, Abby Martin, Yanis Varoufakis, Glenn Greenwald, Jeremy Scahill, Jill Stein, Daniel Ellsberg, etc, please visit and subscribe to our YouTube channel by&nbsp;<a rel=\"noreferrer noopener\" href=\"https:\/\/www.youtube.com\/user\/acTVismMunich?sub_confirmation=1\" target=\"_blank\">clicking here.<\/a><\/p>\n<\/div><\/div><\/div>\n\n<div class=\"container\" data-sal=\"slide-up\" data-sal-easing=\"ease-in-out\" data-sal-delay=\"200\"><div class=\"row justify-content-md-center pb-3\"><div class=\"cnt_col\">\n<hr class=\"wp-block-separator has-css-opacity\"\/>\n<\/div><\/div><\/div>\n\n<div class=\"container\" data-sal=\"slide-up\" data-sal-easing=\"ease-in-out\" data-sal-delay=\"200\"><div class=\"row justify-content-md-center pb-3\"><div class=\"cnt_col\">\n<h2 class=\"wp-block-heading\">Donate today to support independent &amp; non-profit media!<\/h2>\n<\/div><\/div><\/div>\n\n<div class=\"container\" data-sal=\"slide-up\" data-sal-easing=\"ease-in-out\" data-sal-delay=\"200\"><div class=\"row justify-content-md-center pb-3\"><div class=\"cnt_col\">\n<p><a rel=\"noopener noreferrer\" href=\"https:\/\/www.actvism.org\/en\/donate\/\" target=\"_blank\">Click here<\/a> or on the picture below:<\/p>\n<\/div><\/div><\/div>\n\n<div class=\"d-flex justify-content-center pb-3 sal\" data-sal=\"slide-up\" data-sal-easing=\"ease-in-out\" data-sal-delay=\"200\">\n<figure class=\"wp-block-image size-full\"><a href=\"https:\/\/www.actvism.org\/en\/donate\/\"><img loading=\"lazy\" decoding=\"async\" width=\"700\" height=\"233\" src=\"https:\/\/www.actvism.org\/wp-content\/uploads\/2021\/12\/28_acTVism_Webseite_Donation-Image_EN_700x233px_Future-1-1.jpg\" alt=\"\" class=\"wp-image-8883\" srcset=\"https:\/\/www.actvism.org\/wp-content\/uploads\/2021\/12\/28_acTVism_Webseite_Donation-Image_EN_700x233px_Future-1-1.jpg 700w, https:\/\/www.actvism.org\/wp-content\/uploads\/2021\/12\/28_acTVism_Webseite_Donation-Image_EN_700x233px_Future-1-1-300x100.jpg 300w\" sizes=\"auto, (max-width: 700px) 100vw, 700px\" \/><\/a><\/figure>\n<\/div>\n\n<div class=\"container\" data-sal=\"slide-up\" data-sal-easing=\"ease-in-out\" data-sal-delay=\"200\"><div class=\"row justify-content-md-center pb-3\"><div class=\"cnt_col\">\n<hr class=\"wp-block-separator has-css-opacity\"\/>\n<\/div><\/div><\/div>\n\n<div class=\"container\" data-sal=\"slide-up\" data-sal-easing=\"ease-in-out\" data-sal-delay=\"200\"><div class=\"row justify-content-md-center pb-3\"><div class=\"cnt_col\">\n<h2 class=\"wp-block-heading\">ABOUT GLENN GREENWALD<\/h2>\n<\/div><\/div><\/div>\n\n<div class=\"container\" data-sal=\"slide-up\" data-sal-easing=\"ease-in-out\" data-sal-delay=\"200\"><div class=\"row justify-content-md-center pb-3\"><div class=\"cnt_col\">\n<p><strong>Glenn Greenwald&nbsp;<\/strong>is a former constitutional lawyer, a Pulitzer-Prize winning journalist, and the author of several bestsellers, including No Place to Hide: Edward Snowden, the NSA, and the U.S. Surveillance State (2014) and Securing Democracy: My Fight for Press Freedom and Justice in Bolsonaro\u2019s Brazil (2021).&nbsp; Acclaimed as one of the 25 most influential political commentators by The Atlantic, one of America\u2019s top 10 opinion writers by Newsweek, and one of the Top 100 Global Thinkers for 2013 by Foreign Policy, Greenwald is a former constitutional and civil rights litigator. He was a columnist for The Guardian until October 2013 and a co-founder and former editor at The Intercept, which he left in 2020.<\/p>\n<\/div><\/div><\/div>\n\n<div class=\"container\" data-sal=\"slide-up\" data-sal-easing=\"ease-in-out\" data-sal-delay=\"200\"><div class=\"row justify-content-md-center pb-3\"><div class=\"cnt_col\">\n<p>He is now an independent journalist writing at Substack. He has won numerous awards for his reporting, including the 2013 Polk Award for national security reporting, the top 2013 investigative journalism award from the Online News Association, the Esso Award for Excellence in Reporting (the Brazilian equivalent of the Pulitzer Prize), the 2013 Pioneer Award from Electronic Frontier Foundation and the Vladimir Herzog Special Prize in 2019 for his work in the Vaza Jato series. He also received the first annual I. F. Stone Award for Independent Journalism in 2009 and a 2010 Online Journalism Award. In 2013, Greenwald led the Guardian reporting that was awarded the Pulitzer Prize for public service, and his work was featured in the 2014 film Citizenfour, which won the Academy Award for Best Documentary<strong>.<\/strong><\/p>\n<\/div><\/div><\/div>\n\n<div class=\"container\" data-sal=\"slide-up\" data-sal-easing=\"ease-in-out\" data-sal-delay=\"200\"><div class=\"row justify-content-md-center pb-3\"><div class=\"cnt_col\">\n<hr class=\"wp-block-separator has-alpha-channel-opacity\"\/>\n<\/div><\/div><\/div>","protected":false},"excerpt":{"rendered":"<p>The Ukraine Narrative Fully Implodes.<\/p>\n","protected":false},"author":1,"featured_media":11092,"comment_status":"open","ping_status":"open","sticky":false,"template":"","format":"standard","meta":{"_acf_changed":false,"inline_featured_image":false,"footnotes":""},"categories":[1],"tags":[71,21833,391,21657,1873,194,70,208,209,206,21296,21149,80,322],"channel":[20955],"class_list":["post-11088","post","type-post","status-publish","format-standard","has-post-thumbnail","hentry","category-latest","tag-glenn-greenwald","tag-glenn-greenwald-ukraine","tag-greenwald","tag-greenwald-ukraine","tag-medien","tag-nato","tag-propaganda","tag-russia","tag-russland","tag-ukraine","tag-ukraine-krieg","tag-ukraine-war","tag-united-states","tag-usa","channel-import"],"translation":{"provider":"WPGlobus","version":"3.0.0","language":"en","enabled_languages":["de","en"],"languages":{"de":{"title":true,"content":true,"excerpt":true},"en":{"title":true,"content":true,"excerpt":true}}},"acf":[],"yoast_head":"<!-- This site is optimized with the Yoast SEO plugin v27.4 - https:\/\/yoast.com\/product\/yoast-seo-wordpress\/ -->\n<title>Das Ukraine-Narrativ bricht v\u00f6llig zusammen | Glenn Greenwald<\/title>\n<meta name=\"robots\" content=\"index, follow, max-snippet:-1, max-image-preview:large, max-video-preview:-1\" \/>\n<link rel=\"canonical\" href=\"https:\/\/www.actvism.org\/latest\/ukraine-narrativ-bricht-greenwald\/\" \/>\n<meta property=\"og:locale\" content=\"en_US\" \/>\n<meta property=\"og:type\" content=\"article\" \/>\n<meta property=\"og:title\" content=\"Das Ukraine-Narrativ bricht v\u00f6llig zusammen | Glenn Greenwald\" \/>\n<meta property=\"og:description\" content=\"In diesem Video, das exklusiv auf unserem Kanal in deutscher Sprache ver\u00f6ffentlicht wird, spricht der mit dem Pulitzer-Preis ausgezeichnete Journalist und Herausgeber der Snowden NSA-Leaks Glenn Greenwald dar\u00fcber, wie sich die Darstellung der Medien \u00fcber die Ukraine zu \u00e4ndern beginnt.\" \/>\n<meta property=\"og:url\" content=\"https:\/\/www.actvism.org\/latest\/ukraine-narrativ-bricht-greenwald\/\" \/>\n<meta property=\"og:site_name\" content=\"acTVism\" \/>\n<meta property=\"article:publisher\" content=\"https:\/\/facebook.com\/acTVism\" \/>\n<meta property=\"article:published_time\" content=\"2023-12-14T09:09:59+00:00\" \/>\n<meta property=\"article:modified_time\" content=\"2023-12-14T19:11:31+00:00\" \/>\n<meta property=\"og:image\" content=\"https:\/\/www.actvism.org\/wp-content\/uploads\/2023\/12\/1553-Design-1024x576.jpg\" \/>\n\t<meta property=\"og:image:width\" content=\"1920\" \/>\n\t<meta property=\"og:image:height\" content=\"1080\" \/>\n\t<meta property=\"og:image:type\" content=\"image\/jpeg\" \/>\n<meta name=\"author\" content=\"atv_admin\" \/>\n<meta name=\"twitter:card\" content=\"summary_large_image\" \/>\n<meta name=\"twitter:creator\" content=\"@acTVismMunich\" \/>\n<meta name=\"twitter:site\" content=\"@acTVismMunich\" \/>\n<meta name=\"twitter:label1\" content=\"Written by\" \/>\n\t<meta name=\"twitter:data1\" content=\"atv_admin\" \/>\n\t<meta name=\"twitter:label2\" content=\"Est. reading time\" \/>\n\t<meta name=\"twitter:data2\" content=\"3 minutes\" \/>\n<script type=\"application\/ld+json\" class=\"yoast-schema-graph\">{\"@context\":\"https:\\\/\\\/schema.org\",\"@graph\":[{\"@type\":\"Article\",\"@id\":\"https:\\\/\\\/www.actvism.org\\\/latest\\\/ukraine-narrativ-bricht-greenwald\\\/#article\",\"isPartOf\":{\"@id\":\"https:\\\/\\\/www.actvism.org\\\/latest\\\/ukraine-narrativ-bricht-greenwald\\\/\"},\"author\":{\"name\":\"atv_admin\",\"@id\":\"https:\\\/\\\/www.actvism.org\\\/#\\\/schema\\\/person\\\/bc2c8684912eb2289fe0009f5ca451d6\"},\"headline\":\"The Ukraine Narrative Fully Implodes\",\"datePublished\":\"2023-12-14T09:09:59+00:00\",\"dateModified\":\"2023-12-14T19:11:31+00:00\",\"mainEntityOfPage\":{\"@id\":\"https:\\\/\\\/www.actvism.org\\\/latest\\\/ukraine-narrativ-bricht-greenwald\\\/\"},\"wordCount\":923,\"commentCount\":0,\"publisher\":{\"@id\":\"https:\\\/\\\/www.actvism.org\\\/#organization\"},\"image\":{\"@id\":\"https:\\\/\\\/www.actvism.org\\\/latest\\\/ukraine-narrativ-bricht-greenwald\\\/#primaryimage\"},\"thumbnailUrl\":\"https:\\\/\\\/www.actvism.org\\\/wp-content\\\/uploads\\\/2023\\\/12\\\/1553-Design.jpg\",\"keywords\":[\"Glenn Greenwald\",\"glenn greenwald ukraine\",\"Greenwald\",\"greenwald ukraine\",\"Medien\",\"NATO\",\"Propaganda\",\"Russia\",\"Russland\",\"Ukraine\",\"ukraine krieg\",\"ukraine war\",\"United States\",\"USA\"],\"articleSection\":[\"LATEST\"],\"inLanguage\":\"en-US\",\"potentialAction\":[{\"@type\":\"CommentAction\",\"name\":\"Comment\",\"target\":[\"https:\\\/\\\/www.actvism.org\\\/latest\\\/ukraine-narrativ-bricht-greenwald\\\/#respond\"]}]},{\"@type\":\"WebPage\",\"@id\":\"https:\\\/\\\/www.actvism.org\\\/latest\\\/ukraine-narrativ-bricht-greenwald\\\/\",\"url\":\"https:\\\/\\\/www.actvism.org\\\/latest\\\/ukraine-narrativ-bricht-greenwald\\\/\",\"name\":\"Das Ukraine-Narrativ bricht v\u00f6llig zusammen | Glenn Greenwald\",\"isPartOf\":{\"@id\":\"https:\\\/\\\/www.actvism.org\\\/#website\"},\"primaryImageOfPage\":{\"@id\":\"https:\\\/\\\/www.actvism.org\\\/latest\\\/ukraine-narrativ-bricht-greenwald\\\/#primaryimage\"},\"image\":{\"@id\":\"https:\\\/\\\/www.actvism.org\\\/latest\\\/ukraine-narrativ-bricht-greenwald\\\/#primaryimage\"},\"thumbnailUrl\":\"https:\\\/\\\/www.actvism.org\\\/wp-content\\\/uploads\\\/2023\\\/12\\\/1553-Design.jpg\",\"datePublished\":\"2023-12-14T09:09:59+00:00\",\"dateModified\":\"2023-12-14T19:11:31+00:00\",\"description\":\"Das Ukraine-Narrativ bricht v\u00f6llig zusammen, In diesem Video, das exklusiv auf unserem Kanal in deutscher Sprache ver\u00f6ffentlicht wird ...\",\"inLanguage\":\"en-US\",\"potentialAction\":[{\"@type\":\"ReadAction\",\"target\":[\"https:\\\/\\\/www.actvism.org\\\/latest\\\/ukraine-narrativ-bricht-greenwald\\\/\"]}]},{\"@type\":\"ImageObject\",\"inLanguage\":\"en-US\",\"@id\":\"https:\\\/\\\/www.actvism.org\\\/latest\\\/ukraine-narrativ-bricht-greenwald\\\/#primaryimage\",\"url\":\"https:\\\/\\\/www.actvism.org\\\/wp-content\\\/uploads\\\/2023\\\/12\\\/1553-Design.jpg\",\"contentUrl\":\"https:\\\/\\\/www.actvism.org\\\/wp-content\\\/uploads\\\/2023\\\/12\\\/1553-Design.jpg\",\"width\":1920,\"height\":1080,\"caption\":\"Das Ukraine-Narrativ bricht v\u00f6llig zusammen | Glenn Greenwald\"},{\"@type\":\"WebSite\",\"@id\":\"https:\\\/\\\/www.actvism.org\\\/#website\",\"url\":\"https:\\\/\\\/www.actvism.org\\\/\",\"name\":\"acTVism\",\"description\":\"information that moves\",\"publisher\":{\"@id\":\"https:\\\/\\\/www.actvism.org\\\/#organization\"},\"potentialAction\":[{\"@type\":\"SearchAction\",\"target\":{\"@type\":\"EntryPoint\",\"urlTemplate\":\"https:\\\/\\\/www.actvism.org\\\/?s={search_term_string}\"},\"query-input\":{\"@type\":\"PropertyValueSpecification\",\"valueRequired\":true,\"valueName\":\"search_term_string\"}}],\"inLanguage\":\"en-US\"},{\"@type\":\"Organization\",\"@id\":\"https:\\\/\\\/www.actvism.org\\\/#organization\",\"name\":\"acTVism Munich e.V.\",\"url\":\"https:\\\/\\\/www.actvism.org\\\/\",\"logo\":{\"@type\":\"ImageObject\",\"inLanguage\":\"en-US\",\"@id\":\"https:\\\/\\\/www.actvism.org\\\/#\\\/schema\\\/logo\\\/image\\\/\",\"url\":\"https:\\\/\\\/www.actvism.org\\\/wp-content\\\/uploads\\\/2020\\\/11\\\/logo.svg\",\"contentUrl\":\"https:\\\/\\\/www.actvism.org\\\/wp-content\\\/uploads\\\/2020\\\/11\\\/logo.svg\",\"width\":200,\"height\":57,\"caption\":\"acTVism Munich e.V.\"},\"image\":{\"@id\":\"https:\\\/\\\/www.actvism.org\\\/#\\\/schema\\\/logo\\\/image\\\/\"},\"sameAs\":[\"https:\\\/\\\/facebook.com\\\/acTVism\",\"https:\\\/\\\/x.com\\\/acTVismMunich\"]},{\"@type\":\"Person\",\"@id\":\"https:\\\/\\\/www.actvism.org\\\/#\\\/schema\\\/person\\\/bc2c8684912eb2289fe0009f5ca451d6\",\"name\":\"atv_admin\",\"image\":{\"@type\":\"ImageObject\",\"inLanguage\":\"en-US\",\"@id\":\"https:\\\/\\\/secure.gravatar.com\\\/avatar\\\/53465926e4246ee1b807a849c23197531fd45c1bcd02682ada54ddb12eaa7a6d?s=96&d=mm&r=g\",\"url\":\"https:\\\/\\\/secure.gravatar.com\\\/avatar\\\/53465926e4246ee1b807a849c23197531fd45c1bcd02682ada54ddb12eaa7a6d?s=96&d=mm&r=g\",\"contentUrl\":\"https:\\\/\\\/secure.gravatar.com\\\/avatar\\\/53465926e4246ee1b807a849c23197531fd45c1bcd02682ada54ddb12eaa7a6d?s=96&d=mm&r=g\",\"caption\":\"atv_admin\"},\"url\":\"https:\\\/\\\/www.actvism.org\\\/en\\\/author\\\/atv_admin\\\/\"}]}<\/script>\n<!-- \/ Yoast SEO plugin. -->","yoast_head_json":{"title":"Das Ukraine-Narrativ bricht v\u00f6llig zusammen | Glenn Greenwald","robots":{"index":"index","follow":"follow","max-snippet":"max-snippet:-1","max-image-preview":"max-image-preview:large","max-video-preview":"max-video-preview:-1"},"canonical":"https:\/\/www.actvism.org\/latest\/ukraine-narrativ-bricht-greenwald\/","og_locale":"en_US","og_type":"article","og_title":"Das Ukraine-Narrativ bricht v\u00f6llig zusammen | Glenn Greenwald","og_description":"In diesem Video, das exklusiv auf unserem Kanal in deutscher Sprache ver\u00f6ffentlicht wird, spricht der mit dem Pulitzer-Preis ausgezeichnete Journalist und Herausgeber der Snowden NSA-Leaks Glenn Greenwald dar\u00fcber, wie sich die Darstellung der Medien \u00fcber die Ukraine zu \u00e4ndern beginnt.","og_url":"https:\/\/www.actvism.org\/latest\/ukraine-narrativ-bricht-greenwald\/","og_site_name":"acTVism","article_publisher":"https:\/\/facebook.com\/acTVism","article_published_time":"2023-12-14T09:09:59+00:00","article_modified_time":"2023-12-14T19:11:31+00:00","og_image":[{"width":1920,"height":1080,"url":"https:\/\/www.actvism.org\/wp-content\/uploads\/2023\/12\/1553-Design-1024x576.jpg","type":"image\/jpeg"}],"author":"atv_admin","twitter_card":"summary_large_image","twitter_creator":"@acTVismMunich","twitter_site":"@acTVismMunich","twitter_misc":{"Written by":"atv_admin","Est. reading time":"3 minutes"},"schema":{"@context":"https:\/\/schema.org","@graph":[{"@type":"Article","@id":"https:\/\/www.actvism.org\/latest\/ukraine-narrativ-bricht-greenwald\/#article","isPartOf":{"@id":"https:\/\/www.actvism.org\/latest\/ukraine-narrativ-bricht-greenwald\/"},"author":{"name":"atv_admin","@id":"https:\/\/www.actvism.org\/#\/schema\/person\/bc2c8684912eb2289fe0009f5ca451d6"},"headline":"The Ukraine Narrative Fully Implodes","datePublished":"2023-12-14T09:09:59+00:00","dateModified":"2023-12-14T19:11:31+00:00","mainEntityOfPage":{"@id":"https:\/\/www.actvism.org\/latest\/ukraine-narrativ-bricht-greenwald\/"},"wordCount":923,"commentCount":0,"publisher":{"@id":"https:\/\/www.actvism.org\/#organization"},"image":{"@id":"https:\/\/www.actvism.org\/latest\/ukraine-narrativ-bricht-greenwald\/#primaryimage"},"thumbnailUrl":"https:\/\/www.actvism.org\/wp-content\/uploads\/2023\/12\/1553-Design.jpg","keywords":["Glenn Greenwald","glenn greenwald ukraine","Greenwald","greenwald ukraine","Medien","NATO","Propaganda","Russia","Russland","Ukraine","ukraine krieg","ukraine war","United States","USA"],"articleSection":["LATEST"],"inLanguage":"en-US","potentialAction":[{"@type":"CommentAction","name":"Comment","target":["https:\/\/www.actvism.org\/latest\/ukraine-narrativ-bricht-greenwald\/#respond"]}]},{"@type":"WebPage","@id":"https:\/\/www.actvism.org\/latest\/ukraine-narrativ-bricht-greenwald\/","url":"https:\/\/www.actvism.org\/latest\/ukraine-narrativ-bricht-greenwald\/","name":"Das Ukraine-Narrativ bricht v\u00f6llig zusammen | Glenn Greenwald","isPartOf":{"@id":"https:\/\/www.actvism.org\/#website"},"primaryImageOfPage":{"@id":"https:\/\/www.actvism.org\/latest\/ukraine-narrativ-bricht-greenwald\/#primaryimage"},"image":{"@id":"https:\/\/www.actvism.org\/latest\/ukraine-narrativ-bricht-greenwald\/#primaryimage"},"thumbnailUrl":"https:\/\/www.actvism.org\/wp-content\/uploads\/2023\/12\/1553-Design.jpg","datePublished":"2023-12-14T09:09:59+00:00","dateModified":"2023-12-14T19:11:31+00:00","description":"Das Ukraine-Narrativ bricht v\u00f6llig zusammen, In diesem Video, das exklusiv auf unserem Kanal in deutscher Sprache ver\u00f6ffentlicht wird ...","inLanguage":"en-US","potentialAction":[{"@type":"ReadAction","target":["https:\/\/www.actvism.org\/latest\/ukraine-narrativ-bricht-greenwald\/"]}]},{"@type":"ImageObject","inLanguage":"en-US","@id":"https:\/\/www.actvism.org\/latest\/ukraine-narrativ-bricht-greenwald\/#primaryimage","url":"https:\/\/www.actvism.org\/wp-content\/uploads\/2023\/12\/1553-Design.jpg","contentUrl":"https:\/\/www.actvism.org\/wp-content\/uploads\/2023\/12\/1553-Design.jpg","width":1920,"height":1080,"caption":"Das Ukraine-Narrativ bricht v\u00f6llig zusammen | Glenn Greenwald"},{"@type":"WebSite","@id":"https:\/\/www.actvism.org\/#website","url":"https:\/\/www.actvism.org\/","name":"acTVism","description":"information that moves","publisher":{"@id":"https:\/\/www.actvism.org\/#organization"},"potentialAction":[{"@type":"SearchAction","target":{"@type":"EntryPoint","urlTemplate":"https:\/\/www.actvism.org\/?s={search_term_string}"},"query-input":{"@type":"PropertyValueSpecification","valueRequired":true,"valueName":"search_term_string"}}],"inLanguage":"en-US"},{"@type":"Organization","@id":"https:\/\/www.actvism.org\/#organization","name":"acTVism Munich e.V.","url":"https:\/\/www.actvism.org\/","logo":{"@type":"ImageObject","inLanguage":"en-US","@id":"https:\/\/www.actvism.org\/#\/schema\/logo\/image\/","url":"https:\/\/www.actvism.org\/wp-content\/uploads\/2020\/11\/logo.svg","contentUrl":"https:\/\/www.actvism.org\/wp-content\/uploads\/2020\/11\/logo.svg","width":200,"height":57,"caption":"acTVism Munich e.V."},"image":{"@id":"https:\/\/www.actvism.org\/#\/schema\/logo\/image\/"},"sameAs":["https:\/\/facebook.com\/acTVism","https:\/\/x.com\/acTVismMunich"]},{"@type":"Person","@id":"https:\/\/www.actvism.org\/#\/schema\/person\/bc2c8684912eb2289fe0009f5ca451d6","name":"atv_admin","image":{"@type":"ImageObject","inLanguage":"en-US","@id":"https:\/\/secure.gravatar.com\/avatar\/53465926e4246ee1b807a849c23197531fd45c1bcd02682ada54ddb12eaa7a6d?s=96&d=mm&r=g","url":"https:\/\/secure.gravatar.com\/avatar\/53465926e4246ee1b807a849c23197531fd45c1bcd02682ada54ddb12eaa7a6d?s=96&d=mm&r=g","contentUrl":"https:\/\/secure.gravatar.com\/avatar\/53465926e4246ee1b807a849c23197531fd45c1bcd02682ada54ddb12eaa7a6d?s=96&d=mm&r=g","caption":"atv_admin"},"url":"https:\/\/www.actvism.org\/en\/author\/atv_admin\/"}]}},"_links":{"self":[{"href":"https:\/\/www.actvism.org\/en\/wp-json\/wp\/v2\/posts\/11088","targetHints":{"allow":["GET"]}}],"collection":[{"href":"https:\/\/www.actvism.org\/en\/wp-json\/wp\/v2\/posts"}],"about":[{"href":"https:\/\/www.actvism.org\/en\/wp-json\/wp\/v2\/types\/post"}],"author":[{"embeddable":true,"href":"https:\/\/www.actvism.org\/en\/wp-json\/wp\/v2\/users\/1"}],"replies":[{"embeddable":true,"href":"https:\/\/www.actvism.org\/en\/wp-json\/wp\/v2\/comments?post=11088"}],"version-history":[{"count":0,"href":"https:\/\/www.actvism.org\/en\/wp-json\/wp\/v2\/posts\/11088\/revisions"}],"wp:featuredmedia":[{"embeddable":true,"href":"https:\/\/www.actvism.org\/en\/wp-json\/wp\/v2\/media\/11092"}],"wp:attachment":[{"href":"https:\/\/www.actvism.org\/en\/wp-json\/wp\/v2\/media?parent=11088"}],"wp:term":[{"taxonomy":"category","embeddable":true,"href":"https:\/\/www.actvism.org\/en\/wp-json\/wp\/v2\/categories?post=11088"},{"taxonomy":"post_tag","embeddable":true,"href":"https:\/\/www.actvism.org\/en\/wp-json\/wp\/v2\/tags?post=11088"},{"taxonomy":"channel","embeddable":true,"href":"https:\/\/www.actvism.org\/en\/wp-json\/wp\/v2\/channel?post=11088"}],"curies":[{"name":"wp","href":"https:\/\/api.w.org\/{rel}","templated":true}]}}