{"id":11272,"date":"2024-01-30T17:10:07","date_gmt":"2024-01-30T16:10:07","guid":{"rendered":"https:\/\/www.actvism.org\/?p=11272"},"modified":"2024-01-30T17:13:19","modified_gmt":"2024-01-30T16:13:19","slug":"voelkerrecht-arabisch-israelischen-chomsky","status":"publish","type":"post","link":"https:\/\/www.actvism.org\/en\/latest\/voelkerrecht-arabisch-israelischen-chomsky\/","title":{"rendered":"Why History Matters: International Law and the Origins of the Arab-Israeli Conflict"},"content":{"rendered":"<div class=\"container\" data-sal=\"slide-up\" data-sal-easing=\"ease-in-out\" data-sal-delay=\"200\"><div class=\"row justify-content-md-center pb-3\"><div class=\"cnt_col\">\n<hr class=\"wp-block-separator has-css-opacity\"\/>\n<\/div><\/div><\/div>\n\n<div class=\"container\" data-sal=\"slide-up\" data-sal-easing=\"ease-in-out\" data-sal-delay=\"200\"><div class=\"row justify-content-md-center pb-3\"><div class=\"cnt_col\">\n<p>We are transitioning away from YouTube. Be sure to subscribe to the following channels to stay updated with our journalism:<\/p>\n<\/div><\/div><\/div>\n\n<div class=\"container\" data-sal=\"slide-up\" data-sal-easing=\"ease-in-out\" data-sal-delay=\"200\"><div class=\"row justify-content-md-center pb-3\"><div class=\"cnt_col\">\n<p>\u25ba<a rel=\"noreferrer noopener\" href=\"https:\/\/rumble.com\/c\/acTVismMunich\" target=\"_blank\">&nbsp;RUMBLE<\/a><br>\u25ba&nbsp;<a rel=\"noreferrer noopener\" href=\"https:\/\/t.me\/acTVismMunich\" target=\"_blank\">TELEGRAM<\/a><\/p>\n<\/div><\/div><\/div>\n\n<div class=\"container\" data-sal=\"slide-up\" data-sal-easing=\"ease-in-out\" data-sal-delay=\"200\"><div class=\"row justify-content-md-center pb-3\"><div class=\"cnt_col\">\n<hr class=\"wp-block-separator has-css-opacity\"\/>\n<\/div><\/div><\/div>\n\n<div class=\"container\" data-sal=\"slide-up\" data-sal-easing=\"ease-in-out\" data-sal-delay=\"200\"><div class=\"row justify-content-md-center pb-3\"><div class=\"cnt_col\">\n<p>Kattan takes a fresh look at the prehistory of the Israel- Palestine dispute, as well as the evolution of international law and its import for the establishment of a Jewish state in Palestine. He sets out to explore how the conflict began, and so pours over the writing of scores of European political figures, and leaders of Zionist and Arab nationalist movements of the late 19th and 20th centuries. His key insight: Neither Arabs nor Jews were to blame for triggering hostilities, but rather Britain, and the other major powers. Kattan argues that anti-Semitism, which welled up during a period of collapsing colonial empires, motivated British actions that led to a Jewish homeland in Palestine, and paved the way for trouble over decades to the current time<\/p>\n<\/div><\/div><\/div>\n\n<div class=\"container\" data-sal=\"slide-up\" data-sal-easing=\"ease-in-out\" data-sal-delay=\"200\"><div class=\"row justify-content-md-center pb-3\"><div class=\"cnt_col\">\n<p>This video was produced by the <a href=\"https:\/\/techtv.mit.edu\/videos\/16644-why-history-matters-international-law-and-the-origins-of-the-arab-israeli-conflict\">MIT ODL Video Services<\/a> and published on their webpage on the 22nd of February, 2010.<\/p>\n<\/div><\/div><\/div>\n\n<div class=\"container\" data-sal=\"slide-up\" data-sal-easing=\"ease-in-out\" data-sal-delay=\"200\"><div class=\"row justify-content-md-center pb-3\"><div class=\"cnt_col\">\n<p>To read the transcript of the interview: <strong><a href=\"https:\/\/www.actvism.org\/wp-content\/uploads\/2024\/01\/Why-History-Matters_-International-Law-and-the-Origins-of-the-Arab-Israeli-Conflict.pdf\">Why History Matters: International Law and the Origins of the Arab-Israeli Conflict<\/a><\/strong><\/p>\n<\/div><\/div><\/div>\n\n<div class=\"container\" data-sal=\"slide-up\" data-sal-easing=\"ease-in-out\" data-sal-delay=\"200\"><div class=\"row justify-content-md-center pb-3\"><div class=\"cnt_col\">\n<hr class=\"wp-block-separator has-css-opacity\"\/>\n<\/div><\/div><\/div>\n\n<div class=\"container\" data-sal=\"slide-up\" data-sal-easing=\"ease-in-out\" data-sal-delay=\"200\"><div class=\"row justify-content-md-center pb-3\"><div class=\"cnt_col\">\n<h2 class=\"wp-block-heading\">VIDEO: <strong>Why History Matters: International Law and the Origins of the Arab-Israeli Conflict<\/strong><\/h2>\n<\/div><\/div><\/div>\n\n<div class=\"container\" data-sal=\"slide-up\" data-sal-easing=\"ease-in-out\" data-sal-delay=\"200\"><div class=\"row justify-content-md-center pb-3\"><div class=\"cnt_col\">\n<figure class=\"wp-block-embed is-type-video is-provider-youtube wp-block-embed-youtube wp-embed-aspect-4-3 wp-has-aspect-ratio\"><div class=\"wp-block-embed__wrapper\">\n<iframe loading=\"lazy\" title=\"Starr Forum: Why History Matters\" width=\"500\" height=\"375\" src=\"https:\/\/www.youtube.com\/embed\/gX4Dx1ZCQqw?feature=oembed\" frameborder=\"0\" allow=\"accelerometer; autoplay; clipboard-write; encrypted-media; gyroscope; picture-in-picture; web-share\" referrerpolicy=\"strict-origin-when-cross-origin\" allowfullscreen><\/iframe>\n<\/div><\/figure>\n<\/div><\/div><\/div>\n\n<div class=\"container\" data-sal=\"slide-up\" data-sal-easing=\"ease-in-out\" data-sal-delay=\"200\"><div class=\"row justify-content-md-center pb-3\"><div class=\"cnt_col\">\n<hr class=\"wp-block-separator has-css-opacity\"\/>\n<\/div><\/div><\/div>\n\n<div class=\"container\" data-sal=\"slide-up\" data-sal-easing=\"ease-in-out\" data-sal-delay=\"200\"><div class=\"row justify-content-md-center pb-3\"><div class=\"cnt_col\">\n<p>About our import program: In this program, we publish content from external authors, activists and journalists. This includes both international and local content that, in our editorial opinion, is not sufficiently covered in the media landscape. The content does not necessarily reflect acTVism Munich\u2019s own editorial stance.<\/p>\n<\/div><\/div><\/div>\n\n<div class=\"container\" data-sal=\"slide-up\" data-sal-easing=\"ease-in-out\" data-sal-delay=\"200\"><div class=\"row justify-content-md-center pb-3\"><div class=\"cnt_col\">\n<p>To watch more of our <a rel=\"noreferrer noopener\" href=\"https:\/\/www.actvism.org\/en\/archive\/\" target=\"_blank\">videos <\/a>on this topic or with other experts such as Edward Snowden, Noam Chomsky, Abby Martin, Yanis Varoufakis, Glenn Greenwald, Jeremy Scahill, Jill Stein, Daniel Ellsberg, etc, please visit and subscribe to our YouTube channel by&nbsp;<a rel=\"noreferrer noopener\" href=\"https:\/\/www.youtube.com\/user\/acTVismMunich?sub_confirmation=1\" target=\"_blank\">clicking here.<\/a><\/p>\n<\/div><\/div><\/div>\n\n<div class=\"container\" data-sal=\"slide-up\" data-sal-easing=\"ease-in-out\" data-sal-delay=\"200\"><div class=\"row justify-content-md-center pb-3\"><div class=\"cnt_col\">\n<hr class=\"wp-block-separator has-css-opacity\"\/>\n<\/div><\/div><\/div>\n\n<div class=\"container\" data-sal=\"slide-up\" data-sal-easing=\"ease-in-out\" data-sal-delay=\"200\"><div class=\"row justify-content-md-center pb-3\"><div class=\"cnt_col\">\n<h2 class=\"wp-block-heading\">Donate today to support independent &amp; non-profit media!<\/h2>\n<\/div><\/div><\/div>\n\n<div class=\"container\" data-sal=\"slide-up\" data-sal-easing=\"ease-in-out\" data-sal-delay=\"200\"><div class=\"row justify-content-md-center pb-3\"><div class=\"cnt_col\">\n<p><a rel=\"noopener noreferrer\" href=\"https:\/\/www.actvism.org\/en\/donate\/\" target=\"_blank\">Click here<\/a> or on the picture below:<\/p>\n<\/div><\/div><\/div>\n\n<div class=\"d-flex justify-content-center pb-3 sal\" data-sal=\"slide-up\" data-sal-easing=\"ease-in-out\" data-sal-delay=\"200\">\n<figure class=\"wp-block-image size-full\"><a href=\"https:\/\/www.actvism.org\/en\/donate\/\"><img loading=\"lazy\" decoding=\"async\" width=\"700\" height=\"233\" src=\"https:\/\/www.actvism.org\/wp-content\/uploads\/2021\/12\/28_acTVism_Webseite_Donation-Image_EN_700x233px_Future-1-1.jpg\" alt=\"\" class=\"wp-image-8883\" srcset=\"https:\/\/www.actvism.org\/wp-content\/uploads\/2021\/12\/28_acTVism_Webseite_Donation-Image_EN_700x233px_Future-1-1.jpg 700w, https:\/\/www.actvism.org\/wp-content\/uploads\/2021\/12\/28_acTVism_Webseite_Donation-Image_EN_700x233px_Future-1-1-300x100.jpg 300w\" sizes=\"auto, (max-width: 700px) 100vw, 700px\" \/><\/a><\/figure>\n<\/div>\n\n<div class=\"container\" data-sal=\"slide-up\" data-sal-easing=\"ease-in-out\" data-sal-delay=\"200\"><div class=\"row justify-content-md-center pb-3\"><div class=\"cnt_col\">\n<hr class=\"wp-block-separator has-css-opacity\"\/>\n<\/div><\/div><\/div>\n\n<div class=\"container\" data-sal=\"slide-up\" data-sal-easing=\"ease-in-out\" data-sal-delay=\"200\"><div class=\"row justify-content-md-center pb-3\"><div class=\"cnt_col\">\n<h2 class=\"wp-block-heading\">ABOUT NOAM CHOMSKY<\/h2>\n<\/div><\/div><\/div>\n\n<div class=\"container\" data-sal=\"slide-up\" data-sal-easing=\"ease-in-out\" data-sal-delay=\"200\"><div class=\"row justify-content-md-center pb-3\"><div class=\"cnt_col\">\n<p>Noam Chomsky is a world-renowned political dissident, anarchist, linguist, author and institute professor emeritus at Massachusetts Institute of Technology, where he\u2019s taught for more than half a century. Chomsky has written more than 100 books, his latest being \u201cBecause We Say So\u201c. Chomsky has been a highly influential academic figure throughout his career, and was cited within the Arts and Humanities Citation Index (A&amp;HCI) more often than any other living scholar from 1980 to 1992. His work has influenced a wide range of domains, including artificial intelligence, cognitive science, computer science, logic, mathematics, music theory and analysis, psychology and immunology.<\/p>\n<\/div><\/div><\/div>\n\n<div class=\"container\" data-sal=\"slide-up\" data-sal-easing=\"ease-in-out\" data-sal-delay=\"200\"><div class=\"row justify-content-md-center pb-3\"><div class=\"cnt_col\">\n<h2 class=\"wp-block-heading\">ABOUT VICTOR KATTAN<\/h2>\n<\/div><\/div><\/div>\n\n<div class=\"container\" data-sal=\"slide-up\" data-sal-easing=\"ease-in-out\" data-sal-delay=\"200\"><div class=\"row justify-content-md-center pb-3\"><div class=\"cnt_col\">\n<p>Victor Kattan is Assistant Professor in Public International Law at the University of Nottingham School of Law. Victor obtained his LL.B. from Brunel University London with Honours, his LL.M from the University of Leiden School of Law, and his Ph.D in international law from the School of Law at the University of London&#8217;s School of Oriental and African Studies, where he was awarded a scholarship from the Arts and Humanities Research Council.<\/p>\n<\/div><\/div><\/div>\n\n<div class=\"container\" data-sal=\"slide-up\" data-sal-easing=\"ease-in-out\" data-sal-delay=\"200\"><div class=\"row justify-content-md-center pb-3\"><div class=\"cnt_col\">\n<p>Victor is a member of the Editorial Board of the Asian Journal of International Law and is Area Editor for the Middle East and Islam for Oxford Bibliographies of International Law. He was awarded the inaugural Asian Society of International Law Younger Scholar Prize for the best article published in the Asian Journal of International Law.<\/p>\n<\/div><\/div><\/div>\n\n<div class=\"container\" data-sal=\"slide-up\" data-sal-easing=\"ease-in-out\" data-sal-delay=\"200\"><div class=\"row justify-content-md-center pb-3\"><div class=\"cnt_col\">\n<hr class=\"wp-block-separator has-alpha-channel-opacity\"\/>\n<\/div><\/div><\/div>\n\n<div class=\"container\" data-sal=\"slide-up\" data-sal-easing=\"ease-in-out\" data-sal-delay=\"200\"><div class=\"row justify-content-md-center pb-3\"><div class=\"cnt_col\">\n<p><strong>Citation of Featured Image:<\/strong><\/p>\n<\/div><\/div><\/div>\n\n<div class=\"container\" data-sal=\"slide-up\" data-sal-easing=\"ease-in-out\" data-sal-delay=\"200\"><div class=\"row justify-content-md-center pb-3\"><div class=\"cnt_col\">\n<ul class=\"wp-block-list\">\n<li>Victor Kattan Image:<\/li>\n\n\n\n<li>Credit: UN Photo\/Loey Felipe<\/li>\n\n\n\n<li>Link. <a href=\"https:\/\/dam.media.un.org\/archive\/UN-Forum-on-the-Question-of-Palestine---70-Years-after-1948---Lessons-to-Achieve-a-Sustainable-Peace--2AM9LOQOJZ2X.html\">https:\/\/dam.media.un.org\/archive\/UN-Forum-on-the-Question-of-Palestine&#8212;70-Years-after-1948&#8212;Lessons-to-Achieve-a-Sustainable-Peace&#8211;2AM9LOQOJZ2X.html<\/a><\/li>\n<\/ul>\n<\/div><\/div><\/div>\n\n<div class=\"container\" data-sal=\"slide-up\" data-sal-easing=\"ease-in-out\" data-sal-delay=\"200\"><div class=\"row justify-content-md-center pb-3\"><div class=\"cnt_col\">\n<hr class=\"wp-block-separator has-css-opacity\"\/>\n<\/div><\/div><\/div>","protected":false},"excerpt":{"rendered":"<p>Why History Matters: International Law and the Origins of the Arab-Israeli Conflict.<\/p>\n","protected":false},"author":1,"featured_media":11273,"comment_status":"open","ping_status":"open","sticky":false,"template":"","format":"standard","meta":{"_acf_changed":false,"inline_featured_image":false,"footnotes":""},"categories":[1],"tags":[21965,21964,86,404,21295,847,260,21424,21721,21961,21963,21214,21962,21968,31,395,263,21967,21966,2202,21368,21215],"channel":[20955],"class_list":["post-11272","post","type-post","status-publish","format-standard","has-post-thumbnail","hentry","category-latest","tag-balfour","tag-balfour-declaration","tag-chomsky","tag-gaza","tag-gazastreifen","tag-geschichte","tag-israel","tag-israel-apartheid","tag-israel-krieg","tag-jews","tag-judaism","tag-juden","tag-judentum","tag-kattan","tag-noam-chomsky","tag-palaestina","tag-palestine","tag-prof-victor-kattan","tag-victor-kattan","tag-zionism","tag-zionismus","tag-zionist","channel-import"],"translation":{"provider":"WPGlobus","version":"3.0.0","language":"en","enabled_languages":["de","en"],"languages":{"de":{"title":true,"content":true,"excerpt":true},"en":{"title":true,"content":true,"excerpt":true}}},"acf":[],"yoast_head":"<!-- This site is optimized with the Yoast SEO plugin v27.4 - https:\/\/yoast.com\/product\/yoast-seo-wordpress\/ -->\n<title>Why History Matters: International Law and the Origins of the Arab-Israeli Conflict - acTVism<\/title>\n<meta name=\"robots\" content=\"index, follow, max-snippet:-1, max-image-preview:large, max-video-preview:-1\" \/>\n<link rel=\"canonical\" href=\"https:\/\/www.actvism.org\/latest\/voelkerrecht-arabisch-israelischen-chomsky\/\" \/>\n<meta property=\"og:locale\" content=\"en_US\" \/>\n<meta property=\"og:type\" content=\"article\" \/>\n<meta property=\"og:title\" content=\"Chomsky &amp; Kattan: V\u00f6lkerrecht &amp; die Urspr\u00fcnge des arabisch-israelischen Konflikts\" \/>\n<meta property=\"og:description\" content=\"Prof. Victor Kattan beleuchtet in seinem Buch From Coexistence to Conquest: International Law and the Origins of the Arab-Israeli Conflict die Vorgeschichte des Konflikts zwischen Israel und Pal\u00e4stina sowie die Entwicklung des V\u00f6lkerrechts und dessen Bedeutung f\u00fcr die Errichtung eines j\u00fcdischen Staates in Pal\u00e4stina.\" \/>\n<meta property=\"og:url\" content=\"https:\/\/www.actvism.org\/latest\/voelkerrecht-arabisch-israelischen-chomsky\/\" \/>\n<meta property=\"og:site_name\" content=\"acTVism\" \/>\n<meta property=\"article:publisher\" content=\"https:\/\/facebook.com\/acTVism\" \/>\n<meta property=\"article:published_time\" content=\"2024-01-30T16:10:07+00:00\" \/>\n<meta property=\"article:modified_time\" content=\"2024-01-30T16:13:19+00:00\" \/>\n<meta property=\"og:image\" content=\"https:\/\/www.actvism.org\/wp-content\/uploads\/2024\/01\/1514-Design-1024x576.jpg\" \/>\n\t<meta property=\"og:image:width\" content=\"1920\" \/>\n\t<meta property=\"og:image:height\" content=\"1080\" \/>\n\t<meta property=\"og:image:type\" content=\"image\/jpeg\" \/>\n<meta name=\"author\" content=\"atv_admin\" \/>\n<meta name=\"twitter:card\" content=\"summary_large_image\" \/>\n<meta name=\"twitter:creator\" content=\"@acTVismMunich\" \/>\n<meta name=\"twitter:site\" content=\"@acTVismMunich\" \/>\n<meta name=\"twitter:label1\" content=\"Written by\" \/>\n\t<meta name=\"twitter:data1\" content=\"atv_admin\" \/>\n\t<meta name=\"twitter:label2\" content=\"Est. reading time\" \/>\n\t<meta name=\"twitter:data2\" content=\"7 minutes\" \/>\n<script type=\"application\/ld+json\" class=\"yoast-schema-graph\">{\"@context\":\"https:\\\/\\\/schema.org\",\"@graph\":[{\"@type\":\"Article\",\"@id\":\"https:\\\/\\\/www.actvism.org\\\/latest\\\/voelkerrecht-arabisch-israelischen-chomsky\\\/#article\",\"isPartOf\":{\"@id\":\"https:\\\/\\\/www.actvism.org\\\/latest\\\/voelkerrecht-arabisch-israelischen-chomsky\\\/\"},\"author\":{\"name\":\"atv_admin\",\"@id\":\"https:\\\/\\\/www.actvism.org\\\/#\\\/schema\\\/person\\\/bc2c8684912eb2289fe0009f5ca451d6\"},\"headline\":\"Why History Matters: International Law and the Origins of the Arab-Israeli Conflict\",\"datePublished\":\"2024-01-30T16:10:07+00:00\",\"dateModified\":\"2024-01-30T16:13:19+00:00\",\"mainEntityOfPage\":{\"@id\":\"https:\\\/\\\/www.actvism.org\\\/latest\\\/voelkerrecht-arabisch-israelischen-chomsky\\\/\"},\"wordCount\":1164,\"commentCount\":0,\"publisher\":{\"@id\":\"https:\\\/\\\/www.actvism.org\\\/#organization\"},\"image\":{\"@id\":\"https:\\\/\\\/www.actvism.org\\\/latest\\\/voelkerrecht-arabisch-israelischen-chomsky\\\/#primaryimage\"},\"thumbnailUrl\":\"https:\\\/\\\/www.actvism.org\\\/wp-content\\\/uploads\\\/2024\\\/01\\\/1514-Design.jpg\",\"keywords\":[\"balfour\",\"Balfour Declaration\",\"chomsky\",\"Gaza\",\"gazastreifen\",\"Geschichte\",\"Israel\",\"israel apartheid\",\"israel krieg\",\"jews\",\"judaism\",\"juden\",\"judentum\",\"kattan\",\"Noam Chomsky\",\"Pal\u00e4stina\",\"Palestine\",\"prof victor kattan\",\"victor kattan\",\"Zionism\",\"zionismus\",\"zionist\"],\"articleSection\":[\"LATEST\"],\"inLanguage\":\"en-US\",\"potentialAction\":[{\"@type\":\"CommentAction\",\"name\":\"Comment\",\"target\":[\"https:\\\/\\\/www.actvism.org\\\/latest\\\/voelkerrecht-arabisch-israelischen-chomsky\\\/#respond\"]}]},{\"@type\":\"WebPage\",\"@id\":\"https:\\\/\\\/www.actvism.org\\\/latest\\\/voelkerrecht-arabisch-israelischen-chomsky\\\/\",\"url\":\"https:\\\/\\\/www.actvism.org\\\/latest\\\/voelkerrecht-arabisch-israelischen-chomsky\\\/\",\"name\":\"Why History Matters: International Law and the Origins of the Arab-Israeli Conflict - acTVism\",\"isPartOf\":{\"@id\":\"https:\\\/\\\/www.actvism.org\\\/#website\"},\"primaryImageOfPage\":{\"@id\":\"https:\\\/\\\/www.actvism.org\\\/latest\\\/voelkerrecht-arabisch-israelischen-chomsky\\\/#primaryimage\"},\"image\":{\"@id\":\"https:\\\/\\\/www.actvism.org\\\/latest\\\/voelkerrecht-arabisch-israelischen-chomsky\\\/#primaryimage\"},\"thumbnailUrl\":\"https:\\\/\\\/www.actvism.org\\\/wp-content\\\/uploads\\\/2024\\\/01\\\/1514-Design.jpg\",\"datePublished\":\"2024-01-30T16:10:07+00:00\",\"dateModified\":\"2024-01-30T16:13:19+00:00\",\"inLanguage\":\"en-US\",\"potentialAction\":[{\"@type\":\"ReadAction\",\"target\":[\"https:\\\/\\\/www.actvism.org\\\/latest\\\/voelkerrecht-arabisch-israelischen-chomsky\\\/\"]}]},{\"@type\":\"ImageObject\",\"inLanguage\":\"en-US\",\"@id\":\"https:\\\/\\\/www.actvism.org\\\/latest\\\/voelkerrecht-arabisch-israelischen-chomsky\\\/#primaryimage\",\"url\":\"https:\\\/\\\/www.actvism.org\\\/wp-content\\\/uploads\\\/2024\\\/01\\\/1514-Design.jpg\",\"contentUrl\":\"https:\\\/\\\/www.actvism.org\\\/wp-content\\\/uploads\\\/2024\\\/01\\\/1514-Design.jpg\",\"width\":1920,\"height\":1080,\"caption\":\"Chomsky & Kattan: V\u00f6lkerrecht & die Urspr\u00fcnge des arabisch-israelischen Konflikts\"},{\"@type\":\"WebSite\",\"@id\":\"https:\\\/\\\/www.actvism.org\\\/#website\",\"url\":\"https:\\\/\\\/www.actvism.org\\\/\",\"name\":\"acTVism\",\"description\":\"information that moves\",\"publisher\":{\"@id\":\"https:\\\/\\\/www.actvism.org\\\/#organization\"},\"potentialAction\":[{\"@type\":\"SearchAction\",\"target\":{\"@type\":\"EntryPoint\",\"urlTemplate\":\"https:\\\/\\\/www.actvism.org\\\/?s={search_term_string}\"},\"query-input\":{\"@type\":\"PropertyValueSpecification\",\"valueRequired\":true,\"valueName\":\"search_term_string\"}}],\"inLanguage\":\"en-US\"},{\"@type\":\"Organization\",\"@id\":\"https:\\\/\\\/www.actvism.org\\\/#organization\",\"name\":\"acTVism Munich e.V.\",\"url\":\"https:\\\/\\\/www.actvism.org\\\/\",\"logo\":{\"@type\":\"ImageObject\",\"inLanguage\":\"en-US\",\"@id\":\"https:\\\/\\\/www.actvism.org\\\/#\\\/schema\\\/logo\\\/image\\\/\",\"url\":\"https:\\\/\\\/www.actvism.org\\\/wp-content\\\/uploads\\\/2020\\\/11\\\/logo.svg\",\"contentUrl\":\"https:\\\/\\\/www.actvism.org\\\/wp-content\\\/uploads\\\/2020\\\/11\\\/logo.svg\",\"width\":200,\"height\":57,\"caption\":\"acTVism Munich e.V.\"},\"image\":{\"@id\":\"https:\\\/\\\/www.actvism.org\\\/#\\\/schema\\\/logo\\\/image\\\/\"},\"sameAs\":[\"https:\\\/\\\/facebook.com\\\/acTVism\",\"https:\\\/\\\/x.com\\\/acTVismMunich\"]},{\"@type\":\"Person\",\"@id\":\"https:\\\/\\\/www.actvism.org\\\/#\\\/schema\\\/person\\\/bc2c8684912eb2289fe0009f5ca451d6\",\"name\":\"atv_admin\",\"image\":{\"@type\":\"ImageObject\",\"inLanguage\":\"en-US\",\"@id\":\"https:\\\/\\\/secure.gravatar.com\\\/avatar\\\/53465926e4246ee1b807a849c23197531fd45c1bcd02682ada54ddb12eaa7a6d?s=96&d=mm&r=g\",\"url\":\"https:\\\/\\\/secure.gravatar.com\\\/avatar\\\/53465926e4246ee1b807a849c23197531fd45c1bcd02682ada54ddb12eaa7a6d?s=96&d=mm&r=g\",\"contentUrl\":\"https:\\\/\\\/secure.gravatar.com\\\/avatar\\\/53465926e4246ee1b807a849c23197531fd45c1bcd02682ada54ddb12eaa7a6d?s=96&d=mm&r=g\",\"caption\":\"atv_admin\"},\"url\":\"https:\\\/\\\/www.actvism.org\\\/en\\\/author\\\/atv_admin\\\/\"}]}<\/script>\n<!-- \/ Yoast SEO plugin. -->","yoast_head_json":{"title":"Why History Matters: International Law and the Origins of the Arab-Israeli Conflict - acTVism","robots":{"index":"index","follow":"follow","max-snippet":"max-snippet:-1","max-image-preview":"max-image-preview:large","max-video-preview":"max-video-preview:-1"},"canonical":"https:\/\/www.actvism.org\/latest\/voelkerrecht-arabisch-israelischen-chomsky\/","og_locale":"en_US","og_type":"article","og_title":"Chomsky & Kattan: V\u00f6lkerrecht & die Urspr\u00fcnge des arabisch-israelischen Konflikts","og_description":"Prof. Victor Kattan beleuchtet in seinem Buch From Coexistence to Conquest: International Law and the Origins of the Arab-Israeli Conflict die Vorgeschichte des Konflikts zwischen Israel und Pal\u00e4stina sowie die Entwicklung des V\u00f6lkerrechts und dessen Bedeutung f\u00fcr die Errichtung eines j\u00fcdischen Staates in Pal\u00e4stina.","og_url":"https:\/\/www.actvism.org\/latest\/voelkerrecht-arabisch-israelischen-chomsky\/","og_site_name":"acTVism","article_publisher":"https:\/\/facebook.com\/acTVism","article_published_time":"2024-01-30T16:10:07+00:00","article_modified_time":"2024-01-30T16:13:19+00:00","og_image":[{"width":1920,"height":1080,"url":"https:\/\/www.actvism.org\/wp-content\/uploads\/2024\/01\/1514-Design-1024x576.jpg","type":"image\/jpeg"}],"author":"atv_admin","twitter_card":"summary_large_image","twitter_creator":"@acTVismMunich","twitter_site":"@acTVismMunich","twitter_misc":{"Written by":"atv_admin","Est. reading time":"7 minutes"},"schema":{"@context":"https:\/\/schema.org","@graph":[{"@type":"Article","@id":"https:\/\/www.actvism.org\/latest\/voelkerrecht-arabisch-israelischen-chomsky\/#article","isPartOf":{"@id":"https:\/\/www.actvism.org\/latest\/voelkerrecht-arabisch-israelischen-chomsky\/"},"author":{"name":"atv_admin","@id":"https:\/\/www.actvism.org\/#\/schema\/person\/bc2c8684912eb2289fe0009f5ca451d6"},"headline":"Why History Matters: International Law and the Origins of the Arab-Israeli Conflict","datePublished":"2024-01-30T16:10:07+00:00","dateModified":"2024-01-30T16:13:19+00:00","mainEntityOfPage":{"@id":"https:\/\/www.actvism.org\/latest\/voelkerrecht-arabisch-israelischen-chomsky\/"},"wordCount":1164,"commentCount":0,"publisher":{"@id":"https:\/\/www.actvism.org\/#organization"},"image":{"@id":"https:\/\/www.actvism.org\/latest\/voelkerrecht-arabisch-israelischen-chomsky\/#primaryimage"},"thumbnailUrl":"https:\/\/www.actvism.org\/wp-content\/uploads\/2024\/01\/1514-Design.jpg","keywords":["balfour","Balfour Declaration","chomsky","Gaza","gazastreifen","Geschichte","Israel","israel apartheid","israel krieg","jews","judaism","juden","judentum","kattan","Noam Chomsky","Pal\u00e4stina","Palestine","prof victor kattan","victor kattan","Zionism","zionismus","zionist"],"articleSection":["LATEST"],"inLanguage":"en-US","potentialAction":[{"@type":"CommentAction","name":"Comment","target":["https:\/\/www.actvism.org\/latest\/voelkerrecht-arabisch-israelischen-chomsky\/#respond"]}]},{"@type":"WebPage","@id":"https:\/\/www.actvism.org\/latest\/voelkerrecht-arabisch-israelischen-chomsky\/","url":"https:\/\/www.actvism.org\/latest\/voelkerrecht-arabisch-israelischen-chomsky\/","name":"Why History Matters: International Law and the Origins of the Arab-Israeli Conflict - acTVism","isPartOf":{"@id":"https:\/\/www.actvism.org\/#website"},"primaryImageOfPage":{"@id":"https:\/\/www.actvism.org\/latest\/voelkerrecht-arabisch-israelischen-chomsky\/#primaryimage"},"image":{"@id":"https:\/\/www.actvism.org\/latest\/voelkerrecht-arabisch-israelischen-chomsky\/#primaryimage"},"thumbnailUrl":"https:\/\/www.actvism.org\/wp-content\/uploads\/2024\/01\/1514-Design.jpg","datePublished":"2024-01-30T16:10:07+00:00","dateModified":"2024-01-30T16:13:19+00:00","inLanguage":"en-US","potentialAction":[{"@type":"ReadAction","target":["https:\/\/www.actvism.org\/latest\/voelkerrecht-arabisch-israelischen-chomsky\/"]}]},{"@type":"ImageObject","inLanguage":"en-US","@id":"https:\/\/www.actvism.org\/latest\/voelkerrecht-arabisch-israelischen-chomsky\/#primaryimage","url":"https:\/\/www.actvism.org\/wp-content\/uploads\/2024\/01\/1514-Design.jpg","contentUrl":"https:\/\/www.actvism.org\/wp-content\/uploads\/2024\/01\/1514-Design.jpg","width":1920,"height":1080,"caption":"Chomsky & Kattan: V\u00f6lkerrecht & die Urspr\u00fcnge des arabisch-israelischen Konflikts"},{"@type":"WebSite","@id":"https:\/\/www.actvism.org\/#website","url":"https:\/\/www.actvism.org\/","name":"acTVism","description":"information that moves","publisher":{"@id":"https:\/\/www.actvism.org\/#organization"},"potentialAction":[{"@type":"SearchAction","target":{"@type":"EntryPoint","urlTemplate":"https:\/\/www.actvism.org\/?s={search_term_string}"},"query-input":{"@type":"PropertyValueSpecification","valueRequired":true,"valueName":"search_term_string"}}],"inLanguage":"en-US"},{"@type":"Organization","@id":"https:\/\/www.actvism.org\/#organization","name":"acTVism Munich e.V.","url":"https:\/\/www.actvism.org\/","logo":{"@type":"ImageObject","inLanguage":"en-US","@id":"https:\/\/www.actvism.org\/#\/schema\/logo\/image\/","url":"https:\/\/www.actvism.org\/wp-content\/uploads\/2020\/11\/logo.svg","contentUrl":"https:\/\/www.actvism.org\/wp-content\/uploads\/2020\/11\/logo.svg","width":200,"height":57,"caption":"acTVism Munich e.V."},"image":{"@id":"https:\/\/www.actvism.org\/#\/schema\/logo\/image\/"},"sameAs":["https:\/\/facebook.com\/acTVism","https:\/\/x.com\/acTVismMunich"]},{"@type":"Person","@id":"https:\/\/www.actvism.org\/#\/schema\/person\/bc2c8684912eb2289fe0009f5ca451d6","name":"atv_admin","image":{"@type":"ImageObject","inLanguage":"en-US","@id":"https:\/\/secure.gravatar.com\/avatar\/53465926e4246ee1b807a849c23197531fd45c1bcd02682ada54ddb12eaa7a6d?s=96&d=mm&r=g","url":"https:\/\/secure.gravatar.com\/avatar\/53465926e4246ee1b807a849c23197531fd45c1bcd02682ada54ddb12eaa7a6d?s=96&d=mm&r=g","contentUrl":"https:\/\/secure.gravatar.com\/avatar\/53465926e4246ee1b807a849c23197531fd45c1bcd02682ada54ddb12eaa7a6d?s=96&d=mm&r=g","caption":"atv_admin"},"url":"https:\/\/www.actvism.org\/en\/author\/atv_admin\/"}]}},"_links":{"self":[{"href":"https:\/\/www.actvism.org\/en\/wp-json\/wp\/v2\/posts\/11272","targetHints":{"allow":["GET"]}}],"collection":[{"href":"https:\/\/www.actvism.org\/en\/wp-json\/wp\/v2\/posts"}],"about":[{"href":"https:\/\/www.actvism.org\/en\/wp-json\/wp\/v2\/types\/post"}],"author":[{"embeddable":true,"href":"https:\/\/www.actvism.org\/en\/wp-json\/wp\/v2\/users\/1"}],"replies":[{"embeddable":true,"href":"https:\/\/www.actvism.org\/en\/wp-json\/wp\/v2\/comments?post=11272"}],"version-history":[{"count":0,"href":"https:\/\/www.actvism.org\/en\/wp-json\/wp\/v2\/posts\/11272\/revisions"}],"wp:featuredmedia":[{"embeddable":true,"href":"https:\/\/www.actvism.org\/en\/wp-json\/wp\/v2\/media\/11273"}],"wp:attachment":[{"href":"https:\/\/www.actvism.org\/en\/wp-json\/wp\/v2\/media?parent=11272"}],"wp:term":[{"taxonomy":"category","embeddable":true,"href":"https:\/\/www.actvism.org\/en\/wp-json\/wp\/v2\/categories?post=11272"},{"taxonomy":"post_tag","embeddable":true,"href":"https:\/\/www.actvism.org\/en\/wp-json\/wp\/v2\/tags?post=11272"},{"taxonomy":"channel","embeddable":true,"href":"https:\/\/www.actvism.org\/en\/wp-json\/wp\/v2\/channel?post=11272"}],"curies":[{"name":"wp","href":"https:\/\/api.w.org\/{rel}","templated":true}]}}