{"id":11319,"date":"2024-02-09T10:15:40","date_gmt":"2024-02-09T09:15:40","guid":{"rendered":"https:\/\/www.actvism.org\/?p=11319"},"modified":"2024-04-26T16:37:56","modified_gmt":"2024-04-26T14:37:56","slug":"perspektive-nachrichten-scheidler","status":"publish","type":"post","link":"https:\/\/www.actvism.org\/en\/latest\/perspektive-nachrichten-scheidler\/","title":{"rendered":"Israel &amp; Gaza: A Different Perspective with Independent Journalist Fabian Scheidler"},"content":{"rendered":"<div class=\"container\" data-sal=\"slide-up\" data-sal-easing=\"ease-in-out\" data-sal-delay=\"200\"><div class=\"row justify-content-md-center pb-3\"><div class=\"cnt_col\">\n<hr class=\"wp-block-separator has-css-opacity\"\/>\n<\/div><\/div><\/div>\n\n<div class=\"container\" data-sal=\"slide-up\" data-sal-easing=\"ease-in-out\" data-sal-delay=\"200\"><div class=\"row justify-content-md-center pb-3\"><div class=\"cnt_col\">\n<p>We are transitioning away from YouTube. Be sure to subscribe to the following channels to stay updated with our journalism:<\/p>\n<\/div><\/div><\/div>\n\n<div class=\"container\" data-sal=\"slide-up\" data-sal-easing=\"ease-in-out\" data-sal-delay=\"200\"><div class=\"row justify-content-md-center pb-3\"><div class=\"cnt_col\">\n<p>\u25ba<a rel=\"noreferrer noopener\" href=\"https:\/\/rumble.com\/c\/acTVismMunich\" target=\"_blank\">&nbsp;RUMBLE<\/a><br>\u25ba&nbsp;<a rel=\"noreferrer noopener\" href=\"https:\/\/t.me\/acTVismMunich\" target=\"_blank\">TELEGRAM<\/a><\/p>\n<\/div><\/div><\/div>\n\n<div class=\"container\" data-sal=\"slide-up\" data-sal-easing=\"ease-in-out\" data-sal-delay=\"200\"><div class=\"row justify-content-md-center pb-3\"><div class=\"cnt_col\">\n<hr class=\"wp-block-separator has-css-opacity\"\/>\n<\/div><\/div><\/div>\n\n<div class=\"container\" data-sal=\"slide-up\" data-sal-easing=\"ease-in-out\" data-sal-delay=\"200\"><div class=\"row justify-content-md-center pb-3\"><div class=\"cnt_col\">\n<p>In this episode of The Source, we talk to author and independent journalist Fabian Scheidler about the latest developments surrounding Israel-Gaza and Ukraine. We begin the interview by looking at Fabian Scheidler&#8217;s recent article highlighting the hypocrisy of mainstream political parties in Germany who on one hand support local demonstrations against far-right parties, but on the other hand continue to support far-right governments abroad. We then assess the credibility of South Africa&#8217;s genocide case against Israel at the International Court of Justice as well as the Israeli intelligence agency&#8217;s claim that the United Nations Relief and Works Agency (UNRWA) has been infiltrated by Hamas. We also look at the significance of the escalating situation in the Red Sea between the Houthi militia from Yemen and the US military. And finally, we discuss the latest international developments in connection with the war in Ukraine.<\/p>\n<\/div><\/div><\/div>\n\n<div class=\"container\" data-sal=\"slide-up\" data-sal-easing=\"ease-in-out\" data-sal-delay=\"200\"><div class=\"row justify-content-md-center pb-3\"><div class=\"cnt_col\">\n<p>To read the transcript of this video: Israel &amp; Gaza: <a href=\"https:\/\/www.actvism.org\/wp-content\/uploads\/2024\/02\/Israel-Gaza_-A-Different-Perspective-with-Independent-Journalist-Fabian-Scheidler.docx.pdf\">A Different Perspective with Independent Journalist Fabian Scheidler<\/a><\/p>\n<\/div><\/div><\/div>\n\n<div class=\"container\" data-sal=\"slide-up\" data-sal-easing=\"ease-in-out\" data-sal-delay=\"200\"><div class=\"row justify-content-md-center pb-3\"><div class=\"cnt_col\">\n<hr class=\"wp-block-separator has-css-opacity\"\/>\n<\/div><\/div><\/div>\n\n<div class=\"container\" data-sal=\"slide-up\" data-sal-easing=\"ease-in-out\" data-sal-delay=\"200\"><div class=\"row justify-content-md-center pb-3\"><div class=\"cnt_col\">\n<h2 class=\"wp-block-heading\">VIDEO: Israel &amp; Gaza: A Different Perspective with Independent Journalist Fabian Scheidler<\/h2>\n<\/div><\/div><\/div>\n\n<div class=\"container\" data-sal=\"slide-up\" data-sal-easing=\"ease-in-out\" data-sal-delay=\"200\"><div class=\"row justify-content-md-center pb-3\"><div class=\"cnt_col\">\n<figure class=\"wp-block-embed is-type-video is-provider-youtube wp-block-embed-youtube wp-embed-aspect-16-9 wp-has-aspect-ratio\"><div class=\"wp-block-embed__wrapper\">\n<iframe loading=\"lazy\" title=\"Israel &amp; Gaza: A Different Perspective with Independent Journalist Fabian Scheidler\" width=\"500\" height=\"281\" src=\"https:\/\/www.youtube.com\/embed\/USpGrEk7ZRk?feature=oembed\" frameborder=\"0\" allow=\"accelerometer; autoplay; clipboard-write; encrypted-media; gyroscope; picture-in-picture; web-share\" referrerpolicy=\"strict-origin-when-cross-origin\" allowfullscreen><\/iframe>\n<\/div><\/figure>\n<\/div><\/div><\/div>\n\n<div class=\"container\" data-sal=\"slide-up\" data-sal-easing=\"ease-in-out\" data-sal-delay=\"200\"><div class=\"row justify-content-md-center pb-3\"><div class=\"cnt_col\">\n<hr class=\"wp-block-separator has-css-opacity\"\/>\n<\/div><\/div><\/div>\n\n<div class=\"container\" data-sal=\"slide-up\" data-sal-easing=\"ease-in-out\" data-sal-delay=\"200\"><div class=\"row justify-content-md-center pb-3\"><div class=\"cnt_col\">\n<p>To watch more of our <a href=\"https:\/\/www.actvism.org\/en\/archive\/\" target=\"_blank\" rel=\"noreferrer noopener\">videos <\/a>on this topic or with other experts such as Edward Snowden, Noam Chomsky, Abby Martin, Yanis Varoufakis, Glenn Greenwald, Jeremy Scahill, Jill Stein, Daniel Ellsberg, etc, please visit and subscribe to our YouTube channel by&nbsp;<a rel=\"noreferrer noopener\" href=\"https:\/\/www.youtube.com\/user\/acTVismMunich?sub_confirmation=1\" target=\"_blank\">clicking here.<\/a><\/p>\n<\/div><\/div><\/div>\n\n<div class=\"container\" data-sal=\"slide-up\" data-sal-easing=\"ease-in-out\" data-sal-delay=\"200\"><div class=\"row justify-content-md-center pb-3\"><div class=\"cnt_col\">\n<hr class=\"wp-block-separator has-css-opacity\"\/>\n<\/div><\/div><\/div>\n\n<div class=\"container\" data-sal=\"slide-up\" data-sal-easing=\"ease-in-out\" data-sal-delay=\"200\"><div class=\"row justify-content-md-center pb-3\"><div class=\"cnt_col\">\n<h2 class=\"wp-block-heading\">Donate today to support independent &amp; non-profit media!<\/h2>\n<\/div><\/div><\/div>\n\n<div class=\"container\" data-sal=\"slide-up\" data-sal-easing=\"ease-in-out\" data-sal-delay=\"200\"><div class=\"row justify-content-md-center pb-3\"><div class=\"cnt_col\">\n<p><a rel=\"noopener noreferrer\" href=\"https:\/\/www.actvism.org\/en\/donate\/\" target=\"_blank\">Click here<\/a> or on the picture below:<\/p>\n<\/div><\/div><\/div>\n\n<div class=\"d-flex justify-content-center pb-3 sal\" data-sal=\"slide-up\" data-sal-easing=\"ease-in-out\" data-sal-delay=\"200\">\n<figure class=\"wp-block-image size-full\"><a href=\"https:\/\/www.actvism.org\/en\/donate\/\"><img loading=\"lazy\" decoding=\"async\" width=\"700\" height=\"233\" src=\"https:\/\/www.actvism.org\/wp-content\/uploads\/2021\/12\/28_acTVism_Webseite_Donation-Image_EN_700x233px_Future-1-1.jpg\" alt=\"\" class=\"wp-image-8883\" srcset=\"https:\/\/www.actvism.org\/wp-content\/uploads\/2021\/12\/28_acTVism_Webseite_Donation-Image_EN_700x233px_Future-1-1.jpg 700w, https:\/\/www.actvism.org\/wp-content\/uploads\/2021\/12\/28_acTVism_Webseite_Donation-Image_EN_700x233px_Future-1-1-300x100.jpg 300w\" sizes=\"auto, (max-width: 700px) 100vw, 700px\" \/><\/a><\/figure>\n<\/div>\n\n<div class=\"container\" data-sal=\"slide-up\" data-sal-easing=\"ease-in-out\" data-sal-delay=\"200\"><div class=\"row justify-content-md-center pb-3\"><div class=\"cnt_col\">\n<hr class=\"wp-block-separator has-css-opacity\"\/>\n<\/div><\/div><\/div>\n\n<div class=\"container\" data-sal=\"slide-up\" data-sal-easing=\"ease-in-out\" data-sal-delay=\"200\"><div class=\"row justify-content-md-center pb-3\"><div class=\"cnt_col\">\n<h2 class=\"wp-block-heading\">ABOUT FABIAN SCHEIDLER<\/h2>\n<\/div><\/div><\/div>\n\n<div class=\"container\" data-sal=\"slide-up\" data-sal-easing=\"ease-in-out\" data-sal-delay=\"200\"><div class=\"row justify-content-md-center pb-3\"><div class=\"cnt_col\">\n<p>Fabian Scheidler, born in 1968, studied history and philosophy at the Free University of Berlin and theater directing at the University of Music and Performing Arts in Frankfurt\/M. Since 2001, he has worked as a freelance writer for print media, television, theater and opera. In 2009, he founded the independent television magazine Kontext TV with David Goe\u00dfmann. Otto Brenner Media Prize for critical journalism (2009). As a dramaturge and playwright, he worked for many years for the Grips Theater in Berlin. In 2013, his opera \u201cDeath of a Banker\u201d (music: Andreas Kersting) premiered at the Gerhart Hauptmann Theater in G\u00f6rlitz. In 2015, Fabian Scheidler\u2019s book \u201cDas Ende der Megamaschine. Geschichte einer scheiternden Zivilisation\u201d by Promedia Verlag (Vienna). The Robert Jungk Library for Future Studies selected it as one of the \u201cTOP 10 Future Literature 2015\u201d. Visit his website here: https:\/\/www.megamaschine.org\/en\/<\/p>\n<\/div><\/div><\/div>\n\n<div class=\"container\" data-sal=\"slide-up\" data-sal-easing=\"ease-in-out\" data-sal-delay=\"200\"><div class=\"row justify-content-md-center pb-3\"><div class=\"cnt_col\">\n<hr class=\"wp-block-separator has-css-opacity\"\/>\n<\/div><\/div><\/div>","protected":false},"excerpt":{"rendered":"<p>Israel &#038; Gaza: A Different Perspective with Independent Journalist Fabian Scheidler.<\/p>\n","protected":false},"author":1,"featured_media":11322,"comment_status":"open","ping_status":"open","sticky":false,"template":"","format":"standard","meta":{"_acf_changed":false,"inline_featured_image":false,"footnotes":""},"categories":[1],"tags":[21003,2139,624,21209,21596,21836,21295,776,21466,21909,21949,21983,21916,260,21733,21721,194,1070,208,209,21958,21943,21999,21998,206,80,322,21723,22000,34],"channel":[20952],"class_list":["post-11319","post","type-post","status-publish","format-standard","has-post-thumbnail","hentry","category-latest","tag-afd","tag-cdu","tag-die-gruenen","tag-fabian-scheidler","tag-fdp","tag-gaza-update","tag-gazastreifen","tag-genocide","tag-gruene-partei","tag-icj","tag-international-court-of-justice","tag-internationalen-gerichtshofs","tag-internationaler-strafgerichtshof","tag-israel","tag-israel-hamas","tag-israel-krieg","tag-nato","tag-rechte","tag-russia","tag-russland","tag-south-africa-icj","tag-sued-afrika","tag-sued-afrika-icj","tag-sued-afrika-klage","tag-ukraine","tag-united-states","tag-usa","tag-voelkermord","tag-voelkerrecht","tag-zain-raza","channel-the-source"],"translation":{"provider":"WPGlobus","version":"3.0.0","language":"en","enabled_languages":["de","en"],"languages":{"de":{"title":true,"content":true,"excerpt":true},"en":{"title":true,"content":true,"excerpt":true}}},"acf":[],"yoast_head":"<!-- This site is optimized with the Yoast SEO plugin v27.4 - https:\/\/yoast.com\/product\/yoast-seo-wordpress\/ -->\n<title>Eine alternative Perspektive auf die aktuellen Nachrichten<\/title>\n<meta name=\"robots\" content=\"index, follow, max-snippet:-1, max-image-preview:large, max-video-preview:-1\" \/>\n<link rel=\"canonical\" href=\"https:\/\/www.actvism.org\/latest\/perspektive-nachrichten-scheidler\/\" \/>\n<meta property=\"og:locale\" content=\"en_US\" \/>\n<meta property=\"og:type\" content=\"article\" \/>\n<meta property=\"og:title\" content=\"Eine alternative Perspektive auf die aktuellen Nachrichten\" \/>\n<meta property=\"og:description\" content=\"In dieser Folge von Die Quelle sprechen wir mit dem Autor und unabh\u00e4ngigen Journalisten Fabian Scheidler \u00fcber die j\u00fcngsten Entwicklungen rund um Israel-Gaza und die Ukraine.\" \/>\n<meta property=\"og:url\" content=\"https:\/\/www.actvism.org\/latest\/perspektive-nachrichten-scheidler\/\" \/>\n<meta property=\"og:site_name\" content=\"acTVism\" \/>\n<meta property=\"article:publisher\" content=\"https:\/\/facebook.com\/acTVism\" \/>\n<meta property=\"article:published_time\" content=\"2024-02-09T09:15:40+00:00\" \/>\n<meta property=\"article:modified_time\" content=\"2024-04-26T14:37:56+00:00\" \/>\n<meta property=\"og:image\" content=\"https:\/\/www.actvism.org\/wp-content\/uploads\/2024\/02\/1601-Design-1024x576.jpg\" \/>\n\t<meta property=\"og:image:width\" content=\"1920\" \/>\n\t<meta property=\"og:image:height\" content=\"1080\" \/>\n\t<meta property=\"og:image:type\" content=\"image\/jpeg\" \/>\n<meta name=\"author\" content=\"atv_admin\" \/>\n<meta name=\"twitter:card\" content=\"summary_large_image\" \/>\n<meta name=\"twitter:creator\" content=\"@acTVismMunich\" \/>\n<meta name=\"twitter:site\" content=\"@acTVismMunich\" \/>\n<meta name=\"twitter:label1\" content=\"Written by\" \/>\n\t<meta name=\"twitter:data1\" content=\"atv_admin\" \/>\n\t<meta name=\"twitter:label2\" content=\"Est. reading time\" \/>\n\t<meta name=\"twitter:data2\" content=\"3 minutes\" \/>\n<script type=\"application\/ld+json\" class=\"yoast-schema-graph\">{\"@context\":\"https:\\\/\\\/schema.org\",\"@graph\":[{\"@type\":\"Article\",\"@id\":\"https:\\\/\\\/www.actvism.org\\\/latest\\\/perspektive-nachrichten-scheidler\\\/#article\",\"isPartOf\":{\"@id\":\"https:\\\/\\\/www.actvism.org\\\/latest\\\/perspektive-nachrichten-scheidler\\\/\"},\"author\":{\"name\":\"atv_admin\",\"@id\":\"https:\\\/\\\/www.actvism.org\\\/#\\\/schema\\\/person\\\/bc2c8684912eb2289fe0009f5ca451d6\"},\"headline\":\"Israel &amp; Gaza: A Different Perspective with Independent Journalist Fabian Scheidler\",\"datePublished\":\"2024-02-09T09:15:40+00:00\",\"dateModified\":\"2024-04-26T14:37:56+00:00\",\"mainEntityOfPage\":{\"@id\":\"https:\\\/\\\/www.actvism.org\\\/latest\\\/perspektive-nachrichten-scheidler\\\/\"},\"wordCount\":781,\"commentCount\":0,\"publisher\":{\"@id\":\"https:\\\/\\\/www.actvism.org\\\/#organization\"},\"image\":{\"@id\":\"https:\\\/\\\/www.actvism.org\\\/latest\\\/perspektive-nachrichten-scheidler\\\/#primaryimage\"},\"thumbnailUrl\":\"https:\\\/\\\/www.actvism.org\\\/wp-content\\\/uploads\\\/2024\\\/02\\\/1601-Design.jpg\",\"keywords\":[\"afd\",\"CDU\",\"die Gr\u00fcnen\",\"fabian scheidler\",\"fdp\",\"gaza update\",\"gazastreifen\",\"Genocide\",\"gr\u00fcne partei\",\"ICJ\",\"international court of justice\",\"Internationalen Gerichtshofs\",\"Internationaler Strafgerichtshof\",\"Israel\",\"israel hamas\",\"israel krieg\",\"NATO\",\"Rechte\",\"Russia\",\"Russland\",\"south africa icj\",\"s\u00fcd afrika\",\"s\u00fcd afrika icj\",\"s\u00fcd afrika klage\",\"Ukraine\",\"United States\",\"USA\",\"v\u00f6lkermord\",\"v\u00f6lkerrecht\",\"Zain Raza\"],\"articleSection\":[\"LATEST\"],\"inLanguage\":\"en-US\",\"potentialAction\":[{\"@type\":\"CommentAction\",\"name\":\"Comment\",\"target\":[\"https:\\\/\\\/www.actvism.org\\\/latest\\\/perspektive-nachrichten-scheidler\\\/#respond\"]}]},{\"@type\":\"WebPage\",\"@id\":\"https:\\\/\\\/www.actvism.org\\\/latest\\\/perspektive-nachrichten-scheidler\\\/\",\"url\":\"https:\\\/\\\/www.actvism.org\\\/latest\\\/perspektive-nachrichten-scheidler\\\/\",\"name\":\"Eine alternative Perspektive auf die aktuellen Nachrichten\",\"isPartOf\":{\"@id\":\"https:\\\/\\\/www.actvism.org\\\/#website\"},\"primaryImageOfPage\":{\"@id\":\"https:\\\/\\\/www.actvism.org\\\/latest\\\/perspektive-nachrichten-scheidler\\\/#primaryimage\"},\"image\":{\"@id\":\"https:\\\/\\\/www.actvism.org\\\/latest\\\/perspektive-nachrichten-scheidler\\\/#primaryimage\"},\"thumbnailUrl\":\"https:\\\/\\\/www.actvism.org\\\/wp-content\\\/uploads\\\/2024\\\/02\\\/1601-Design.jpg\",\"datePublished\":\"2024-02-09T09:15:40+00:00\",\"dateModified\":\"2024-04-26T14:37:56+00:00\",\"description\":\"Eine alternative Perspektive auf die aktuellen Nachrichten. In dieser Folge von Die Quelle sprechen wir mit dem Autor und unabh\u00e4ngigen ....\",\"inLanguage\":\"en-US\",\"potentialAction\":[{\"@type\":\"ReadAction\",\"target\":[\"https:\\\/\\\/www.actvism.org\\\/latest\\\/perspektive-nachrichten-scheidler\\\/\"]}]},{\"@type\":\"ImageObject\",\"inLanguage\":\"en-US\",\"@id\":\"https:\\\/\\\/www.actvism.org\\\/latest\\\/perspektive-nachrichten-scheidler\\\/#primaryimage\",\"url\":\"https:\\\/\\\/www.actvism.org\\\/wp-content\\\/uploads\\\/2024\\\/02\\\/1601-Design.jpg\",\"contentUrl\":\"https:\\\/\\\/www.actvism.org\\\/wp-content\\\/uploads\\\/2024\\\/02\\\/1601-Design.jpg\",\"width\":1920,\"height\":1080,\"caption\":\"Eine alternative Perspektive auf die aktuellen Nachrichten | Fabian Scheidler\"},{\"@type\":\"WebSite\",\"@id\":\"https:\\\/\\\/www.actvism.org\\\/#website\",\"url\":\"https:\\\/\\\/www.actvism.org\\\/\",\"name\":\"acTVism\",\"description\":\"information that moves\",\"publisher\":{\"@id\":\"https:\\\/\\\/www.actvism.org\\\/#organization\"},\"potentialAction\":[{\"@type\":\"SearchAction\",\"target\":{\"@type\":\"EntryPoint\",\"urlTemplate\":\"https:\\\/\\\/www.actvism.org\\\/?s={search_term_string}\"},\"query-input\":{\"@type\":\"PropertyValueSpecification\",\"valueRequired\":true,\"valueName\":\"search_term_string\"}}],\"inLanguage\":\"en-US\"},{\"@type\":\"Organization\",\"@id\":\"https:\\\/\\\/www.actvism.org\\\/#organization\",\"name\":\"acTVism Munich e.V.\",\"url\":\"https:\\\/\\\/www.actvism.org\\\/\",\"logo\":{\"@type\":\"ImageObject\",\"inLanguage\":\"en-US\",\"@id\":\"https:\\\/\\\/www.actvism.org\\\/#\\\/schema\\\/logo\\\/image\\\/\",\"url\":\"https:\\\/\\\/www.actvism.org\\\/wp-content\\\/uploads\\\/2020\\\/11\\\/logo.svg\",\"contentUrl\":\"https:\\\/\\\/www.actvism.org\\\/wp-content\\\/uploads\\\/2020\\\/11\\\/logo.svg\",\"width\":200,\"height\":57,\"caption\":\"acTVism Munich e.V.\"},\"image\":{\"@id\":\"https:\\\/\\\/www.actvism.org\\\/#\\\/schema\\\/logo\\\/image\\\/\"},\"sameAs\":[\"https:\\\/\\\/facebook.com\\\/acTVism\",\"https:\\\/\\\/x.com\\\/acTVismMunich\"]},{\"@type\":\"Person\",\"@id\":\"https:\\\/\\\/www.actvism.org\\\/#\\\/schema\\\/person\\\/bc2c8684912eb2289fe0009f5ca451d6\",\"name\":\"atv_admin\",\"image\":{\"@type\":\"ImageObject\",\"inLanguage\":\"en-US\",\"@id\":\"https:\\\/\\\/secure.gravatar.com\\\/avatar\\\/53465926e4246ee1b807a849c23197531fd45c1bcd02682ada54ddb12eaa7a6d?s=96&d=mm&r=g\",\"url\":\"https:\\\/\\\/secure.gravatar.com\\\/avatar\\\/53465926e4246ee1b807a849c23197531fd45c1bcd02682ada54ddb12eaa7a6d?s=96&d=mm&r=g\",\"contentUrl\":\"https:\\\/\\\/secure.gravatar.com\\\/avatar\\\/53465926e4246ee1b807a849c23197531fd45c1bcd02682ada54ddb12eaa7a6d?s=96&d=mm&r=g\",\"caption\":\"atv_admin\"},\"url\":\"https:\\\/\\\/www.actvism.org\\\/en\\\/author\\\/atv_admin\\\/\"}]}<\/script>\n<!-- \/ Yoast SEO plugin. -->","yoast_head_json":{"title":"Eine alternative Perspektive auf die aktuellen Nachrichten","robots":{"index":"index","follow":"follow","max-snippet":"max-snippet:-1","max-image-preview":"max-image-preview:large","max-video-preview":"max-video-preview:-1"},"canonical":"https:\/\/www.actvism.org\/latest\/perspektive-nachrichten-scheidler\/","og_locale":"en_US","og_type":"article","og_title":"Eine alternative Perspektive auf die aktuellen Nachrichten","og_description":"In dieser Folge von Die Quelle sprechen wir mit dem Autor und unabh\u00e4ngigen Journalisten Fabian Scheidler \u00fcber die j\u00fcngsten Entwicklungen rund um Israel-Gaza und die Ukraine.","og_url":"https:\/\/www.actvism.org\/latest\/perspektive-nachrichten-scheidler\/","og_site_name":"acTVism","article_publisher":"https:\/\/facebook.com\/acTVism","article_published_time":"2024-02-09T09:15:40+00:00","article_modified_time":"2024-04-26T14:37:56+00:00","og_image":[{"width":1920,"height":1080,"url":"https:\/\/www.actvism.org\/wp-content\/uploads\/2024\/02\/1601-Design-1024x576.jpg","type":"image\/jpeg"}],"author":"atv_admin","twitter_card":"summary_large_image","twitter_creator":"@acTVismMunich","twitter_site":"@acTVismMunich","twitter_misc":{"Written by":"atv_admin","Est. reading time":"3 minutes"},"schema":{"@context":"https:\/\/schema.org","@graph":[{"@type":"Article","@id":"https:\/\/www.actvism.org\/latest\/perspektive-nachrichten-scheidler\/#article","isPartOf":{"@id":"https:\/\/www.actvism.org\/latest\/perspektive-nachrichten-scheidler\/"},"author":{"name":"atv_admin","@id":"https:\/\/www.actvism.org\/#\/schema\/person\/bc2c8684912eb2289fe0009f5ca451d6"},"headline":"Israel &amp; Gaza: A Different Perspective with Independent Journalist Fabian Scheidler","datePublished":"2024-02-09T09:15:40+00:00","dateModified":"2024-04-26T14:37:56+00:00","mainEntityOfPage":{"@id":"https:\/\/www.actvism.org\/latest\/perspektive-nachrichten-scheidler\/"},"wordCount":781,"commentCount":0,"publisher":{"@id":"https:\/\/www.actvism.org\/#organization"},"image":{"@id":"https:\/\/www.actvism.org\/latest\/perspektive-nachrichten-scheidler\/#primaryimage"},"thumbnailUrl":"https:\/\/www.actvism.org\/wp-content\/uploads\/2024\/02\/1601-Design.jpg","keywords":["afd","CDU","die Gr\u00fcnen","fabian scheidler","fdp","gaza update","gazastreifen","Genocide","gr\u00fcne partei","ICJ","international court of justice","Internationalen Gerichtshofs","Internationaler Strafgerichtshof","Israel","israel hamas","israel krieg","NATO","Rechte","Russia","Russland","south africa icj","s\u00fcd afrika","s\u00fcd afrika icj","s\u00fcd afrika klage","Ukraine","United States","USA","v\u00f6lkermord","v\u00f6lkerrecht","Zain Raza"],"articleSection":["LATEST"],"inLanguage":"en-US","potentialAction":[{"@type":"CommentAction","name":"Comment","target":["https:\/\/www.actvism.org\/latest\/perspektive-nachrichten-scheidler\/#respond"]}]},{"@type":"WebPage","@id":"https:\/\/www.actvism.org\/latest\/perspektive-nachrichten-scheidler\/","url":"https:\/\/www.actvism.org\/latest\/perspektive-nachrichten-scheidler\/","name":"Eine alternative Perspektive auf die aktuellen Nachrichten","isPartOf":{"@id":"https:\/\/www.actvism.org\/#website"},"primaryImageOfPage":{"@id":"https:\/\/www.actvism.org\/latest\/perspektive-nachrichten-scheidler\/#primaryimage"},"image":{"@id":"https:\/\/www.actvism.org\/latest\/perspektive-nachrichten-scheidler\/#primaryimage"},"thumbnailUrl":"https:\/\/www.actvism.org\/wp-content\/uploads\/2024\/02\/1601-Design.jpg","datePublished":"2024-02-09T09:15:40+00:00","dateModified":"2024-04-26T14:37:56+00:00","description":"Eine alternative Perspektive auf die aktuellen Nachrichten. In dieser Folge von Die Quelle sprechen wir mit dem Autor und unabh\u00e4ngigen ....","inLanguage":"en-US","potentialAction":[{"@type":"ReadAction","target":["https:\/\/www.actvism.org\/latest\/perspektive-nachrichten-scheidler\/"]}]},{"@type":"ImageObject","inLanguage":"en-US","@id":"https:\/\/www.actvism.org\/latest\/perspektive-nachrichten-scheidler\/#primaryimage","url":"https:\/\/www.actvism.org\/wp-content\/uploads\/2024\/02\/1601-Design.jpg","contentUrl":"https:\/\/www.actvism.org\/wp-content\/uploads\/2024\/02\/1601-Design.jpg","width":1920,"height":1080,"caption":"Eine alternative Perspektive auf die aktuellen Nachrichten | Fabian Scheidler"},{"@type":"WebSite","@id":"https:\/\/www.actvism.org\/#website","url":"https:\/\/www.actvism.org\/","name":"acTVism","description":"information that moves","publisher":{"@id":"https:\/\/www.actvism.org\/#organization"},"potentialAction":[{"@type":"SearchAction","target":{"@type":"EntryPoint","urlTemplate":"https:\/\/www.actvism.org\/?s={search_term_string}"},"query-input":{"@type":"PropertyValueSpecification","valueRequired":true,"valueName":"search_term_string"}}],"inLanguage":"en-US"},{"@type":"Organization","@id":"https:\/\/www.actvism.org\/#organization","name":"acTVism Munich e.V.","url":"https:\/\/www.actvism.org\/","logo":{"@type":"ImageObject","inLanguage":"en-US","@id":"https:\/\/www.actvism.org\/#\/schema\/logo\/image\/","url":"https:\/\/www.actvism.org\/wp-content\/uploads\/2020\/11\/logo.svg","contentUrl":"https:\/\/www.actvism.org\/wp-content\/uploads\/2020\/11\/logo.svg","width":200,"height":57,"caption":"acTVism Munich e.V."},"image":{"@id":"https:\/\/www.actvism.org\/#\/schema\/logo\/image\/"},"sameAs":["https:\/\/facebook.com\/acTVism","https:\/\/x.com\/acTVismMunich"]},{"@type":"Person","@id":"https:\/\/www.actvism.org\/#\/schema\/person\/bc2c8684912eb2289fe0009f5ca451d6","name":"atv_admin","image":{"@type":"ImageObject","inLanguage":"en-US","@id":"https:\/\/secure.gravatar.com\/avatar\/53465926e4246ee1b807a849c23197531fd45c1bcd02682ada54ddb12eaa7a6d?s=96&d=mm&r=g","url":"https:\/\/secure.gravatar.com\/avatar\/53465926e4246ee1b807a849c23197531fd45c1bcd02682ada54ddb12eaa7a6d?s=96&d=mm&r=g","contentUrl":"https:\/\/secure.gravatar.com\/avatar\/53465926e4246ee1b807a849c23197531fd45c1bcd02682ada54ddb12eaa7a6d?s=96&d=mm&r=g","caption":"atv_admin"},"url":"https:\/\/www.actvism.org\/en\/author\/atv_admin\/"}]}},"_links":{"self":[{"href":"https:\/\/www.actvism.org\/en\/wp-json\/wp\/v2\/posts\/11319","targetHints":{"allow":["GET"]}}],"collection":[{"href":"https:\/\/www.actvism.org\/en\/wp-json\/wp\/v2\/posts"}],"about":[{"href":"https:\/\/www.actvism.org\/en\/wp-json\/wp\/v2\/types\/post"}],"author":[{"embeddable":true,"href":"https:\/\/www.actvism.org\/en\/wp-json\/wp\/v2\/users\/1"}],"replies":[{"embeddable":true,"href":"https:\/\/www.actvism.org\/en\/wp-json\/wp\/v2\/comments?post=11319"}],"version-history":[{"count":0,"href":"https:\/\/www.actvism.org\/en\/wp-json\/wp\/v2\/posts\/11319\/revisions"}],"wp:featuredmedia":[{"embeddable":true,"href":"https:\/\/www.actvism.org\/en\/wp-json\/wp\/v2\/media\/11322"}],"wp:attachment":[{"href":"https:\/\/www.actvism.org\/en\/wp-json\/wp\/v2\/media?parent=11319"}],"wp:term":[{"taxonomy":"category","embeddable":true,"href":"https:\/\/www.actvism.org\/en\/wp-json\/wp\/v2\/categories?post=11319"},{"taxonomy":"post_tag","embeddable":true,"href":"https:\/\/www.actvism.org\/en\/wp-json\/wp\/v2\/tags?post=11319"},{"taxonomy":"channel","embeddable":true,"href":"https:\/\/www.actvism.org\/en\/wp-json\/wp\/v2\/channel?post=11319"}],"curies":[{"name":"wp","href":"https:\/\/api.w.org\/{rel}","templated":true}]}}