{"id":11924,"date":"2024-08-02T10:13:14","date_gmt":"2024-08-02T08:13:14","guid":{"rendered":"https:\/\/www.actvism.org\/?p=11924"},"modified":"2024-08-02T10:13:15","modified_gmt":"2024-08-02T08:13:15","slug":"israelischer-soldaten-gaza-bip","status":"publish","type":"post","link":"https:\/\/www.actvism.org\/en\/latest\/israelischer-soldaten-gaza-bip\/","title":{"rendered":"Zeugenaussagen israelischer Soldaten aus Gaza"},"content":{"rendered":"<div class=\"container\" data-sal=\"slide-up\" data-sal-easing=\"ease-in-out\" data-sal-delay=\"200\"><div class=\"row justify-content-md-center pb-3\"><div class=\"cnt_col\">\n<p><a href=\"https:\/\/www.patreon.com\/acTVism\" target=\"_blank\" rel=\"noreferrer noopener\">Due to limited capacity as a non-profit and independent organization, the content on this page is only available in German. You can support us via Patreon to help us improve our capacity to produce every video in English as well.<\/a><\/p>\n<\/div><\/div><\/div>\n\n<div class=\"container\" data-sal=\"slide-up\" data-sal-easing=\"ease-in-out\" data-sal-delay=\"200\"><div class=\"row justify-content-md-center pb-3\"><div class=\"cnt_col\">\n<hr class=\"wp-block-separator has-alpha-channel-opacity\"\/>\n<\/div><\/div><\/div>\n\n<div class=\"container\" data-sal=\"slide-up\" data-sal-easing=\"ease-in-out\" data-sal-delay=\"200\"><div class=\"row justify-content-md-center pb-3\"><div class=\"cnt_col\">\n<p>Die Aussagen israelischer Soldaten zu den in Gaza begangenen Gr\u00e4ueltaten, der mangelnden Rechenschaftspflicht und der fehlenden milit\u00e4rischen Disziplin sind im Zusammenhang mit der systematischen Kampagne Israels, die Medienberichterstattung \u00fcber Gaza zum Schweigen zu bringen, wichtig. Die in den Zeugenaussagen der Soldaten offengelegten Informationen beweisen, dass die deutsche Regierung nicht behaupten kann, die israelischen Streitkr\u00e4fte w\u00fcrden innerhalb der Grenzen des V\u00f6lkerrechts agieren.<\/p>\n<\/div><\/div><\/div>\n\n<div class=\"container\" data-sal=\"slide-up\" data-sal-easing=\"ease-in-out\" data-sal-delay=\"200\"><div class=\"row justify-content-md-center pb-3\"><div class=\"cnt_col\">\n<p>Dieser Text wurde vom B\u00fcndnis f\u00fcr Gerechtigkeit zwischen Israelis und Pal\u00e4stinensern e.V. (BIP) zusammengefasst. Angesichts der mangelnden Berichterstattung zu diesem Thema, hat acTVism Munich e.V. entschieden es heute zu ver\u00f6ffentlichen. Dieser Text wurde urspr\u00fcnglich am 16. Juli 2024 unter dem folgenden Link ver\u00f6ffentlicht: <a href=\"https:\/\/bip-jetzt.de\/bip-blog.html\">https:\/\/bip-jetzt.de\/bip-blog.html<\/a><\/p>\n<\/div><\/div><\/div>\n\n<div class=\"container\" data-sal=\"slide-up\" data-sal-easing=\"ease-in-out\" data-sal-delay=\"200\"><div class=\"row justify-content-md-center pb-3\"><div class=\"cnt_col\">\n<hr class=\"wp-block-separator has-css-opacity\"\/>\n<\/div><\/div><\/div>\n\n<div class=\"container\" data-sal=\"slide-up\" data-sal-easing=\"ease-in-out\" data-sal-delay=\"200\"><div class=\"row justify-content-md-center pb-3\"><div class=\"cnt_col\">\n<h2 class=\"wp-block-heading\">VIDEO: Zeugenaussagen israelischer Soldaten aus Gaza<\/h2>\n<\/div><\/div><\/div>\n\n<div class=\"container\" data-sal=\"slide-up\" data-sal-easing=\"ease-in-out\" data-sal-delay=\"200\"><div class=\"row justify-content-md-center pb-3\"><div class=\"cnt_col\">\n<figure class=\"wp-block-embed is-type-video is-provider-youtube wp-block-embed-youtube wp-embed-aspect-16-9 wp-has-aspect-ratio\"><div class=\"wp-block-embed__wrapper\">\n<iframe loading=\"lazy\" title=\"Zeugenaussagen israelischer Soldaten aus Gaza\" width=\"500\" height=\"281\" src=\"https:\/\/www.youtube.com\/embed\/ks_2fIgAtB0?feature=oembed\" frameborder=\"0\" allow=\"accelerometer; autoplay; clipboard-write; encrypted-media; gyroscope; picture-in-picture; web-share\" referrerpolicy=\"strict-origin-when-cross-origin\" allowfullscreen><\/iframe>\n<\/div><\/figure>\n<\/div><\/div><\/div>\n\n<div class=\"container\" data-sal=\"slide-up\" data-sal-easing=\"ease-in-out\" data-sal-delay=\"200\"><div class=\"row justify-content-md-center pb-3\"><div class=\"cnt_col\">\n<hr class=\"wp-block-separator has-css-opacity\"\/>\n<\/div><\/div><\/div>\n\n<div class=\"container\" data-sal=\"slide-up\" data-sal-easing=\"ease-in-out\" data-sal-delay=\"200\"><div class=\"row justify-content-md-center pb-3\"><div class=\"cnt_col\">\n<h2 class=\"wp-block-heading\">Spenden Sie, um unabh\u00e4ngige Medien zu unterst\u00fctzen!<\/h2>\n<\/div><\/div><\/div>\n\n<div class=\"container\" data-sal=\"slide-up\" data-sal-easing=\"ease-in-out\" data-sal-delay=\"200\"><div class=\"row justify-content-md-center pb-3\"><div class=\"cnt_col\">\n<p><a href=\"https:\/\/www.actvism.org\/donate\/\" target=\"_blank\" rel=\"noreferrer noopener\">Klicken Sie hier oder auf das Bild.<\/a><\/p>\n<\/div><\/div><\/div>\n\n<div class=\"d-flex justify-content-center pb-3 sal\" data-sal=\"slide-up\" data-sal-easing=\"ease-in-out\" data-sal-delay=\"200\">\n<div class=\"wp-block-image\"><figure class=\"aligncenter\"><a href=\"https:\/\/www.actvism.org\/donate\/\" target=\"_blank\" rel=\"noreferrer noopener\"><img loading=\"lazy\" decoding=\"async\" width=\"700\" height=\"233\" src=\"https:\/\/www.actvism.org\/wp-content\/uploads\/2018\/06\/28_acTVism_Webseite_Donation-Image_DE_700x233px_Zukunft.jpg\" alt=\"\" class=\"wp-image-4451\" srcset=\"https:\/\/www.actvism.org\/wp-content\/uploads\/2018\/06\/28_acTVism_Webseite_Donation-Image_DE_700x233px_Zukunft.jpg 700w, https:\/\/www.actvism.org\/wp-content\/uploads\/2018\/06\/28_acTVism_Webseite_Donation-Image_DE_700x233px_Zukunft-300x100.jpg 300w\" sizes=\"auto, (max-width: 700px) 100vw, 700px\" \/><\/a><\/figure><\/div>\n<\/div>\n\n<div class=\"container\" data-sal=\"slide-up\" data-sal-easing=\"ease-in-out\" data-sal-delay=\"200\"><div class=\"row justify-content-md-center pb-3\"><div class=\"cnt_col\">\n<hr class=\"wp-block-separator has-css-opacity\"\/>\n<\/div><\/div><\/div>\n\n<div class=\"container\" data-sal=\"slide-up\" data-sal-easing=\"ease-in-out\" data-sal-delay=\"200\"><div class=\"row justify-content-md-center pb-3\"><div class=\"cnt_col\">\n<h2 class=\"wp-block-heading\" id=\"u32089-2\">\u00dcBER:&nbsp;B\u00fcndnis f\u00fcr Gerechtigkeit zwischen Israelis und Pal\u00e4stinensern e. V.<\/h2>\n<\/div><\/div><\/div>\n\n<div class=\"container\" data-sal=\"slide-up\" data-sal-easing=\"ease-in-out\" data-sal-delay=\"200\"><div class=\"row justify-content-md-center pb-3\"><div class=\"cnt_col\">\n<p>Das \u201c<strong>B\u00fcndnis f\u00fcr Gerechtigkeit zwischen Israelis und Pal\u00e4stinensern e. V.<\/strong>\u201d (bis Anfang 2019 \u201eB\u00fcndnis zur Beendigung der israelischen Besatzung\u201c (BIB e.V.)) zielt darauf, dass<\/p>\n<\/div><\/div><\/div>\n\n<div class=\"container\" data-sal=\"slide-up\" data-sal-easing=\"ease-in-out\" data-sal-delay=\"200\"><div class=\"row justify-content-md-center pb-3\"><div class=\"cnt_col\">\n<ul class=\"wp-block-list\">\n<li>die deutsche Politik sich ohne Ausnahme zur Einhaltung von Menschenrechten positioniert, auch wenn es um die israelische Besatzung der pal\u00e4stinensischen Gebiete sowie die Blockade von Gaza geht<\/li>\n\n\n\n<li>die deutsche Politik dies gerade deswegen tut, weil sich Deutschland als Freund Israels versteht<\/li>\n\n\n\n<li>Politik und Medien deutlich machen, dass jede Kritik und jede Ma\u00dfnahme einzig zum Ziel hat, eine friedliche und gerechte L\u00f6sung f\u00fcr Pal\u00e4stinenser und Israelis in naher Zukunft zu schaffen. Dies ist selbstverst\u00e4ndlich unvereinbar mit Antisemitismus und Antiislamismus.<\/li>\n<\/ul>\n<\/div><\/div><\/div>\n\n<div class=\"container\" data-sal=\"slide-up\" data-sal-easing=\"ease-in-out\" data-sal-delay=\"200\"><div class=\"row justify-content-md-center pb-3\"><div class=\"cnt_col\">\n<p id=\"u32089-16\">Damit wollen wir auch dazu beitragen, dass die Europ\u00e4ische Union ihre politischen und wirtschaftlichen Potentiale ausspielt, \u00fcber die sie gegen\u00fcber den Akteuren verf\u00fcgt, um diese zu einer menschenrechtsorientierten L\u00f6sung zu bewegen.<\/p>\n<\/div><\/div><\/div>\n\n<div class=\"container\" data-sal=\"slide-up\" data-sal-easing=\"ease-in-out\" data-sal-delay=\"200\"><div class=\"row justify-content-md-center pb-3\"><div class=\"cnt_col\">\n<hr class=\"wp-block-separator has-alpha-channel-opacity\"\/>\n<\/div><\/div><\/div>","protected":false},"excerpt":{"rendered":"<p>Zeugenaussagen israelischer Soldaten aus Gaza.<\/p>\n","protected":false},"author":1,"featured_media":11925,"comment_status":"open","ping_status":"open","sticky":false,"template":"","format":"standard","meta":{"_acf_changed":false,"inline_featured_image":false,"footnotes":""},"categories":[1],"tags":[21191,21216,21253,22464,21975,22463,775,21352,528,260,21721,22462,387],"channel":[20955],"class_list":["post-11924","post","type-post","status-publish","format-standard","has-post-thumbnail","hentry","category-latest","tag-bip","tag-buendnis-fuer-gerechtigkeit-zwischen-israelis-und-palaestinensern","tag-buendnis-fuer-gerechtigkeit-zwischen-israelis-und-palaestinensern-e-v","tag-gaza-volkermoerd","tag-gaza-voelkermord","tag-gaza-volkermord","tag-genozid","tag-hamas","tag-idf","tag-israel","tag-israel-krieg","tag-israelische-soldaten","tag-menschenrechte","channel-import"],"translation":{"provider":"WPGlobus","version":"3.0.0","language":"en","enabled_languages":["de","en"],"languages":{"de":{"title":true,"content":true,"excerpt":true},"en":{"title":true,"content":true,"excerpt":true}}},"acf":[],"yoast_head":"<!-- This site is optimized with the Yoast SEO plugin v27.4 - https:\/\/yoast.com\/product\/yoast-seo-wordpress\/ -->\n<title>Zeugenaussagen israelischer Soldaten aus Gaza - acTVism<\/title>\n<meta name=\"robots\" content=\"index, follow, max-snippet:-1, max-image-preview:large, max-video-preview:-1\" \/>\n<link rel=\"canonical\" href=\"https:\/\/www.actvism.org\/latest\/israelischer-soldaten-gaza-bip\/\" \/>\n<meta property=\"og:locale\" content=\"en_US\" \/>\n<meta property=\"og:type\" content=\"article\" \/>\n<meta property=\"og:title\" content=\"Zeugenaussagen israelischer Soldaten aus Gaza\" \/>\n<meta property=\"og:description\" content=\"Die Aussagen israelischer Soldaten zu den in Gaza begangenen Gr\u00e4ueltaten, der mangelnden Rechenschaftspflicht und der fehlenden milit\u00e4rischen Disziplin sind im Zusammenhang mit der systematischen Kampagne Israels, die Medienberichterstattung \u00fcber Gaza zum Schweigen zu bringen, wichtig. Die in den Zeugenaussagen der Soldaten offengelegten Informationen beweisen, dass die deutsche Regierung nicht behaupten kann, die israelischen Streitkr\u00e4fte w\u00fcrden innerhalb der Grenzen des V\u00f6lkerrechts agieren.\" \/>\n<meta property=\"og:url\" content=\"https:\/\/www.actvism.org\/latest\/israelischer-soldaten-gaza-bip\/\" \/>\n<meta property=\"og:site_name\" content=\"acTVism\" \/>\n<meta property=\"article:publisher\" content=\"https:\/\/facebook.com\/acTVism\" \/>\n<meta property=\"article:published_time\" content=\"2024-08-02T08:13:14+00:00\" \/>\n<meta property=\"article:modified_time\" content=\"2024-08-02T08:13:15+00:00\" \/>\n<meta property=\"og:image\" content=\"https:\/\/www.actvism.org\/wp-content\/uploads\/2024\/08\/1731-Design-1024x576.jpg\" \/>\n\t<meta property=\"og:image:width\" content=\"1920\" \/>\n\t<meta property=\"og:image:height\" content=\"1080\" \/>\n\t<meta property=\"og:image:type\" content=\"image\/jpeg\" \/>\n<meta name=\"author\" content=\"atv_admin\" \/>\n<meta name=\"twitter:card\" content=\"summary_large_image\" \/>\n<meta name=\"twitter:creator\" content=\"@acTVismMunich\" \/>\n<meta name=\"twitter:site\" content=\"@acTVismMunich\" \/>\n<meta name=\"twitter:label1\" content=\"Written by\" \/>\n\t<meta name=\"twitter:data1\" content=\"atv_admin\" \/>\n\t<meta name=\"twitter:label2\" content=\"Est. reading time\" \/>\n\t<meta name=\"twitter:data2\" content=\"3 minutes\" \/>\n<script type=\"application\/ld+json\" class=\"yoast-schema-graph\">{\"@context\":\"https:\\\/\\\/schema.org\",\"@graph\":[{\"@type\":\"Article\",\"@id\":\"https:\\\/\\\/www.actvism.org\\\/latest\\\/israelischer-soldaten-gaza-bip\\\/#article\",\"isPartOf\":{\"@id\":\"https:\\\/\\\/www.actvism.org\\\/latest\\\/israelischer-soldaten-gaza-bip\\\/\"},\"author\":{\"name\":\"atv_admin\",\"@id\":\"https:\\\/\\\/www.actvism.org\\\/#\\\/schema\\\/person\\\/bc2c8684912eb2289fe0009f5ca451d6\"},\"headline\":\"Zeugenaussagen israelischer Soldaten aus Gaza\",\"datePublished\":\"2024-08-02T08:13:14+00:00\",\"dateModified\":\"2024-08-02T08:13:15+00:00\",\"mainEntityOfPage\":{\"@id\":\"https:\\\/\\\/www.actvism.org\\\/latest\\\/israelischer-soldaten-gaza-bip\\\/\"},\"wordCount\":638,\"commentCount\":0,\"publisher\":{\"@id\":\"https:\\\/\\\/www.actvism.org\\\/#organization\"},\"image\":{\"@id\":\"https:\\\/\\\/www.actvism.org\\\/latest\\\/israelischer-soldaten-gaza-bip\\\/#primaryimage\"},\"thumbnailUrl\":\"https:\\\/\\\/www.actvism.org\\\/wp-content\\\/uploads\\\/2024\\\/08\\\/1731-Design.jpg\",\"keywords\":[\"BIP\",\"B\u00fcndnis f\u00fcr Gerechtigkeit zwischen Israelis und Pal\u00e4stinensern\",\"B\u00fcndnis f\u00fcr Gerechtigkeit zwischen Israelis und Pal\u00e4stinensern e.V.\",\"gaza volkerm\u00f6rd\",\"gaza v\u00f6lkermord\",\"gaza volkermord\",\"Genozid\",\"hamas\",\"IDF\",\"Israel\",\"israel krieg\",\"israelische soldaten\",\"Menschenrechte\"],\"articleSection\":[\"LATEST\"],\"inLanguage\":\"en-US\",\"potentialAction\":[{\"@type\":\"CommentAction\",\"name\":\"Comment\",\"target\":[\"https:\\\/\\\/www.actvism.org\\\/latest\\\/israelischer-soldaten-gaza-bip\\\/#respond\"]}]},{\"@type\":\"WebPage\",\"@id\":\"https:\\\/\\\/www.actvism.org\\\/latest\\\/israelischer-soldaten-gaza-bip\\\/\",\"url\":\"https:\\\/\\\/www.actvism.org\\\/latest\\\/israelischer-soldaten-gaza-bip\\\/\",\"name\":\"Zeugenaussagen israelischer Soldaten aus Gaza - acTVism\",\"isPartOf\":{\"@id\":\"https:\\\/\\\/www.actvism.org\\\/#website\"},\"primaryImageOfPage\":{\"@id\":\"https:\\\/\\\/www.actvism.org\\\/latest\\\/israelischer-soldaten-gaza-bip\\\/#primaryimage\"},\"image\":{\"@id\":\"https:\\\/\\\/www.actvism.org\\\/latest\\\/israelischer-soldaten-gaza-bip\\\/#primaryimage\"},\"thumbnailUrl\":\"https:\\\/\\\/www.actvism.org\\\/wp-content\\\/uploads\\\/2024\\\/08\\\/1731-Design.jpg\",\"datePublished\":\"2024-08-02T08:13:14+00:00\",\"dateModified\":\"2024-08-02T08:13:15+00:00\",\"inLanguage\":\"en-US\",\"potentialAction\":[{\"@type\":\"ReadAction\",\"target\":[\"https:\\\/\\\/www.actvism.org\\\/latest\\\/israelischer-soldaten-gaza-bip\\\/\"]}]},{\"@type\":\"ImageObject\",\"inLanguage\":\"en-US\",\"@id\":\"https:\\\/\\\/www.actvism.org\\\/latest\\\/israelischer-soldaten-gaza-bip\\\/#primaryimage\",\"url\":\"https:\\\/\\\/www.actvism.org\\\/wp-content\\\/uploads\\\/2024\\\/08\\\/1731-Design.jpg\",\"contentUrl\":\"https:\\\/\\\/www.actvism.org\\\/wp-content\\\/uploads\\\/2024\\\/08\\\/1731-Design.jpg\",\"width\":1920,\"height\":1080,\"caption\":\"Zeugenaussagen israelischer Soldaten aus Gaza\"},{\"@type\":\"WebSite\",\"@id\":\"https:\\\/\\\/www.actvism.org\\\/#website\",\"url\":\"https:\\\/\\\/www.actvism.org\\\/\",\"name\":\"acTVism\",\"description\":\"information that moves\",\"publisher\":{\"@id\":\"https:\\\/\\\/www.actvism.org\\\/#organization\"},\"potentialAction\":[{\"@type\":\"SearchAction\",\"target\":{\"@type\":\"EntryPoint\",\"urlTemplate\":\"https:\\\/\\\/www.actvism.org\\\/?s={search_term_string}\"},\"query-input\":{\"@type\":\"PropertyValueSpecification\",\"valueRequired\":true,\"valueName\":\"search_term_string\"}}],\"inLanguage\":\"en-US\"},{\"@type\":\"Organization\",\"@id\":\"https:\\\/\\\/www.actvism.org\\\/#organization\",\"name\":\"acTVism Munich e.V.\",\"url\":\"https:\\\/\\\/www.actvism.org\\\/\",\"logo\":{\"@type\":\"ImageObject\",\"inLanguage\":\"en-US\",\"@id\":\"https:\\\/\\\/www.actvism.org\\\/#\\\/schema\\\/logo\\\/image\\\/\",\"url\":\"https:\\\/\\\/www.actvism.org\\\/wp-content\\\/uploads\\\/2020\\\/11\\\/logo.svg\",\"contentUrl\":\"https:\\\/\\\/www.actvism.org\\\/wp-content\\\/uploads\\\/2020\\\/11\\\/logo.svg\",\"width\":200,\"height\":57,\"caption\":\"acTVism Munich e.V.\"},\"image\":{\"@id\":\"https:\\\/\\\/www.actvism.org\\\/#\\\/schema\\\/logo\\\/image\\\/\"},\"sameAs\":[\"https:\\\/\\\/facebook.com\\\/acTVism\",\"https:\\\/\\\/x.com\\\/acTVismMunich\"]},{\"@type\":\"Person\",\"@id\":\"https:\\\/\\\/www.actvism.org\\\/#\\\/schema\\\/person\\\/bc2c8684912eb2289fe0009f5ca451d6\",\"name\":\"atv_admin\",\"image\":{\"@type\":\"ImageObject\",\"inLanguage\":\"en-US\",\"@id\":\"https:\\\/\\\/secure.gravatar.com\\\/avatar\\\/53465926e4246ee1b807a849c23197531fd45c1bcd02682ada54ddb12eaa7a6d?s=96&d=mm&r=g\",\"url\":\"https:\\\/\\\/secure.gravatar.com\\\/avatar\\\/53465926e4246ee1b807a849c23197531fd45c1bcd02682ada54ddb12eaa7a6d?s=96&d=mm&r=g\",\"contentUrl\":\"https:\\\/\\\/secure.gravatar.com\\\/avatar\\\/53465926e4246ee1b807a849c23197531fd45c1bcd02682ada54ddb12eaa7a6d?s=96&d=mm&r=g\",\"caption\":\"atv_admin\"},\"url\":\"https:\\\/\\\/www.actvism.org\\\/en\\\/author\\\/atv_admin\\\/\"}]}<\/script>\n<!-- \/ Yoast SEO plugin. -->","yoast_head_json":{"title":"Zeugenaussagen israelischer Soldaten aus Gaza - acTVism","robots":{"index":"index","follow":"follow","max-snippet":"max-snippet:-1","max-image-preview":"max-image-preview:large","max-video-preview":"max-video-preview:-1"},"canonical":"https:\/\/www.actvism.org\/latest\/israelischer-soldaten-gaza-bip\/","og_locale":"en_US","og_type":"article","og_title":"Zeugenaussagen israelischer Soldaten aus Gaza","og_description":"Die Aussagen israelischer Soldaten zu den in Gaza begangenen Gr\u00e4ueltaten, der mangelnden Rechenschaftspflicht und der fehlenden milit\u00e4rischen Disziplin sind im Zusammenhang mit der systematischen Kampagne Israels, die Medienberichterstattung \u00fcber Gaza zum Schweigen zu bringen, wichtig. Die in den Zeugenaussagen der Soldaten offengelegten Informationen beweisen, dass die deutsche Regierung nicht behaupten kann, die israelischen Streitkr\u00e4fte w\u00fcrden innerhalb der Grenzen des V\u00f6lkerrechts agieren.","og_url":"https:\/\/www.actvism.org\/latest\/israelischer-soldaten-gaza-bip\/","og_site_name":"acTVism","article_publisher":"https:\/\/facebook.com\/acTVism","article_published_time":"2024-08-02T08:13:14+00:00","article_modified_time":"2024-08-02T08:13:15+00:00","og_image":[{"width":1920,"height":1080,"url":"https:\/\/www.actvism.org\/wp-content\/uploads\/2024\/08\/1731-Design-1024x576.jpg","type":"image\/jpeg"}],"author":"atv_admin","twitter_card":"summary_large_image","twitter_creator":"@acTVismMunich","twitter_site":"@acTVismMunich","twitter_misc":{"Written by":"atv_admin","Est. reading time":"3 minutes"},"schema":{"@context":"https:\/\/schema.org","@graph":[{"@type":"Article","@id":"https:\/\/www.actvism.org\/latest\/israelischer-soldaten-gaza-bip\/#article","isPartOf":{"@id":"https:\/\/www.actvism.org\/latest\/israelischer-soldaten-gaza-bip\/"},"author":{"name":"atv_admin","@id":"https:\/\/www.actvism.org\/#\/schema\/person\/bc2c8684912eb2289fe0009f5ca451d6"},"headline":"Zeugenaussagen israelischer Soldaten aus Gaza","datePublished":"2024-08-02T08:13:14+00:00","dateModified":"2024-08-02T08:13:15+00:00","mainEntityOfPage":{"@id":"https:\/\/www.actvism.org\/latest\/israelischer-soldaten-gaza-bip\/"},"wordCount":638,"commentCount":0,"publisher":{"@id":"https:\/\/www.actvism.org\/#organization"},"image":{"@id":"https:\/\/www.actvism.org\/latest\/israelischer-soldaten-gaza-bip\/#primaryimage"},"thumbnailUrl":"https:\/\/www.actvism.org\/wp-content\/uploads\/2024\/08\/1731-Design.jpg","keywords":["BIP","B\u00fcndnis f\u00fcr Gerechtigkeit zwischen Israelis und Pal\u00e4stinensern","B\u00fcndnis f\u00fcr Gerechtigkeit zwischen Israelis und Pal\u00e4stinensern e.V.","gaza volkerm\u00f6rd","gaza v\u00f6lkermord","gaza volkermord","Genozid","hamas","IDF","Israel","israel krieg","israelische soldaten","Menschenrechte"],"articleSection":["LATEST"],"inLanguage":"en-US","potentialAction":[{"@type":"CommentAction","name":"Comment","target":["https:\/\/www.actvism.org\/latest\/israelischer-soldaten-gaza-bip\/#respond"]}]},{"@type":"WebPage","@id":"https:\/\/www.actvism.org\/latest\/israelischer-soldaten-gaza-bip\/","url":"https:\/\/www.actvism.org\/latest\/israelischer-soldaten-gaza-bip\/","name":"Zeugenaussagen israelischer Soldaten aus Gaza - acTVism","isPartOf":{"@id":"https:\/\/www.actvism.org\/#website"},"primaryImageOfPage":{"@id":"https:\/\/www.actvism.org\/latest\/israelischer-soldaten-gaza-bip\/#primaryimage"},"image":{"@id":"https:\/\/www.actvism.org\/latest\/israelischer-soldaten-gaza-bip\/#primaryimage"},"thumbnailUrl":"https:\/\/www.actvism.org\/wp-content\/uploads\/2024\/08\/1731-Design.jpg","datePublished":"2024-08-02T08:13:14+00:00","dateModified":"2024-08-02T08:13:15+00:00","inLanguage":"en-US","potentialAction":[{"@type":"ReadAction","target":["https:\/\/www.actvism.org\/latest\/israelischer-soldaten-gaza-bip\/"]}]},{"@type":"ImageObject","inLanguage":"en-US","@id":"https:\/\/www.actvism.org\/latest\/israelischer-soldaten-gaza-bip\/#primaryimage","url":"https:\/\/www.actvism.org\/wp-content\/uploads\/2024\/08\/1731-Design.jpg","contentUrl":"https:\/\/www.actvism.org\/wp-content\/uploads\/2024\/08\/1731-Design.jpg","width":1920,"height":1080,"caption":"Zeugenaussagen israelischer Soldaten aus Gaza"},{"@type":"WebSite","@id":"https:\/\/www.actvism.org\/#website","url":"https:\/\/www.actvism.org\/","name":"acTVism","description":"information that moves","publisher":{"@id":"https:\/\/www.actvism.org\/#organization"},"potentialAction":[{"@type":"SearchAction","target":{"@type":"EntryPoint","urlTemplate":"https:\/\/www.actvism.org\/?s={search_term_string}"},"query-input":{"@type":"PropertyValueSpecification","valueRequired":true,"valueName":"search_term_string"}}],"inLanguage":"en-US"},{"@type":"Organization","@id":"https:\/\/www.actvism.org\/#organization","name":"acTVism Munich e.V.","url":"https:\/\/www.actvism.org\/","logo":{"@type":"ImageObject","inLanguage":"en-US","@id":"https:\/\/www.actvism.org\/#\/schema\/logo\/image\/","url":"https:\/\/www.actvism.org\/wp-content\/uploads\/2020\/11\/logo.svg","contentUrl":"https:\/\/www.actvism.org\/wp-content\/uploads\/2020\/11\/logo.svg","width":200,"height":57,"caption":"acTVism Munich e.V."},"image":{"@id":"https:\/\/www.actvism.org\/#\/schema\/logo\/image\/"},"sameAs":["https:\/\/facebook.com\/acTVism","https:\/\/x.com\/acTVismMunich"]},{"@type":"Person","@id":"https:\/\/www.actvism.org\/#\/schema\/person\/bc2c8684912eb2289fe0009f5ca451d6","name":"atv_admin","image":{"@type":"ImageObject","inLanguage":"en-US","@id":"https:\/\/secure.gravatar.com\/avatar\/53465926e4246ee1b807a849c23197531fd45c1bcd02682ada54ddb12eaa7a6d?s=96&d=mm&r=g","url":"https:\/\/secure.gravatar.com\/avatar\/53465926e4246ee1b807a849c23197531fd45c1bcd02682ada54ddb12eaa7a6d?s=96&d=mm&r=g","contentUrl":"https:\/\/secure.gravatar.com\/avatar\/53465926e4246ee1b807a849c23197531fd45c1bcd02682ada54ddb12eaa7a6d?s=96&d=mm&r=g","caption":"atv_admin"},"url":"https:\/\/www.actvism.org\/en\/author\/atv_admin\/"}]}},"_links":{"self":[{"href":"https:\/\/www.actvism.org\/en\/wp-json\/wp\/v2\/posts\/11924","targetHints":{"allow":["GET"]}}],"collection":[{"href":"https:\/\/www.actvism.org\/en\/wp-json\/wp\/v2\/posts"}],"about":[{"href":"https:\/\/www.actvism.org\/en\/wp-json\/wp\/v2\/types\/post"}],"author":[{"embeddable":true,"href":"https:\/\/www.actvism.org\/en\/wp-json\/wp\/v2\/users\/1"}],"replies":[{"embeddable":true,"href":"https:\/\/www.actvism.org\/en\/wp-json\/wp\/v2\/comments?post=11924"}],"version-history":[{"count":0,"href":"https:\/\/www.actvism.org\/en\/wp-json\/wp\/v2\/posts\/11924\/revisions"}],"wp:featuredmedia":[{"embeddable":true,"href":"https:\/\/www.actvism.org\/en\/wp-json\/wp\/v2\/media\/11925"}],"wp:attachment":[{"href":"https:\/\/www.actvism.org\/en\/wp-json\/wp\/v2\/media?parent=11924"}],"wp:term":[{"taxonomy":"category","embeddable":true,"href":"https:\/\/www.actvism.org\/en\/wp-json\/wp\/v2\/categories?post=11924"},{"taxonomy":"post_tag","embeddable":true,"href":"https:\/\/www.actvism.org\/en\/wp-json\/wp\/v2\/tags?post=11924"},{"taxonomy":"channel","embeddable":true,"href":"https:\/\/www.actvism.org\/en\/wp-json\/wp\/v2\/channel?post=11924"}],"curies":[{"name":"wp","href":"https:\/\/api.w.org\/{rel}","templated":true}]}}