{"id":12396,"date":"2024-12-08T09:07:14","date_gmt":"2024-12-08T08:07:14","guid":{"rendered":"https:\/\/www.actvism.org\/?p=12396"},"modified":"2024-12-08T09:08:15","modified_gmt":"2024-12-08T08:08:15","slug":"deutsche-verantwortung-voelkermord","status":"publish","type":"post","link":"https:\/\/www.actvism.org\/en\/latest\/deutsche-verantwortung-voelkermord\/","title":{"rendered":"Deutsche Verantwortung f\u00fcr die Verhinderung von V\u00f6lkermord &#8211; Dr. Shir Hever"},"content":{"rendered":"<div class=\"container\" data-sal=\"slide-up\" data-sal-easing=\"ease-in-out\" data-sal-delay=\"200\"><div class=\"row justify-content-md-center pb-3\"><div class=\"cnt_col\">\n<hr class=\"wp-block-separator has-alpha-channel-opacity\"\/>\n<\/div><\/div><\/div>\n\n<div class=\"container\" data-sal=\"slide-up\" data-sal-easing=\"ease-in-out\" data-sal-delay=\"200\"><div class=\"row justify-content-md-center pb-3\"><div class=\"cnt_col\">\n<p><em><a href=\"https:\/\/www.patreon.com\/acTVism\" target=\"_blank\" rel=\"noreferrer noopener\">Due to limited capacity as a non-profit and independent organization, the content on this page is only available in German. You can support us via Patreon to help us improve our capacity to produce every video in English as well.<\/a><\/em><\/p>\n<\/div><\/div><\/div>\n\n<div class=\"container\" data-sal=\"slide-up\" data-sal-easing=\"ease-in-out\" data-sal-delay=\"200\"><div class=\"row justify-content-md-center pb-3\"><div class=\"cnt_col\">\n<hr class=\"wp-block-separator has-alpha-channel-opacity wp-embed-aspect-16-9 wp-has-aspect-ratio\"\/>\n<\/div><\/div><\/div>\n\n<div class=\"container\" data-sal=\"slide-up\" data-sal-easing=\"ease-in-out\" data-sal-delay=\"200\"><div class=\"row justify-content-md-center pb-3\"><div class=\"cnt_col\">\n<p class=\"wp-embed-aspect-16-9 wp-has-aspect-ratio\">Am 20. November sprach der Gesch\u00e4ftsf\u00fchrer von BIP, Dr. Shir Hever, auf Einladung des Referats f\u00fcr Internationale Studierende (RIS) im AStA der Universit\u00e4t Hamburg und der Pal\u00e4stina Initiative Hamburg an der Universit\u00e4t. Thema des Vortrags war die Verantwortung Deutschlands f\u00fcr die von Israel begangenen Verbrechen. Nachfolgend finden Sie eine gek\u00fcrzte Fassung des Vortragstextes.<\/p>\n<\/div><\/div><\/div>\n\n<div class=\"container\" data-sal=\"slide-up\" data-sal-easing=\"ease-in-out\" data-sal-delay=\"200\"><div class=\"row justify-content-md-center pb-3\"><div class=\"cnt_col\">\n<p class=\"wp-embed-aspect-16-9 wp-has-aspect-ratio\">Link zum Artikel und zu den Quellen: <a href=\"https:\/\/bip-jetzt.de\/2024\/12\/03\/bip-aktuell-328-deutsche-verantwortung-fuer-die-verhinderung-von-voelkermord\/\">https:\/\/bip-jetzt.de\/2024\/12\/03\/bip-aktuell-328-deutsche-verantwortung-fuer-die-verhinderung-von-voelkermord\/<\/a><\/p>\n<\/div><\/div><\/div>\n\n<div class=\"container\" data-sal=\"slide-up\" data-sal-easing=\"ease-in-out\" data-sal-delay=\"200\"><div class=\"row justify-content-md-center pb-3\"><div class=\"cnt_col\">\n<p class=\"wp-embed-aspect-16-9 wp-has-aspect-ratio\">Dieser Text wurde vom B\u00fcndnis f\u00fcr Gerechtigkeit zwischen Israelis und Pal\u00e4stinensern e.V. (BIP) zusammengefasst. Angesichts der mangelnden Berichterstattung zu diesem Thema, hat acTVism Munich e.V. entschieden es heute zu ver\u00f6ffentlichen. Dieser Text wurde urspr\u00fcnglich am 3. Dezember 2024 ver\u00f6ffentlicht.<\/p>\n<\/div><\/div><\/div>\n\n<div class=\"container\" data-sal=\"slide-up\" data-sal-easing=\"ease-in-out\" data-sal-delay=\"200\"><div class=\"row justify-content-md-center pb-3\"><div class=\"cnt_col\">\n<hr class=\"wp-block-separator has-css-opacity wp-embed-aspect-16-9 wp-has-aspect-ratio\"\/>\n<\/div><\/div><\/div>\n\n<div class=\"container\" data-sal=\"slide-up\" data-sal-easing=\"ease-in-out\" data-sal-delay=\"200\"><div class=\"row justify-content-md-center pb-3\"><div class=\"cnt_col\">\n<h2 class=\"wp-block-heading wp-embed-aspect-16-9 wp-has-aspect-ratio\">VIDEO: Deutsche Verantwortung f\u00fcr die Verhinderung von V\u00f6lkermord &#8211; Dr. Shir Hever<\/h2>\n<\/div><\/div><\/div>\n\n<div class=\"container\" data-sal=\"slide-up\" data-sal-easing=\"ease-in-out\" data-sal-delay=\"200\"><div class=\"row justify-content-md-center pb-3\"><div class=\"cnt_col\">\n<figure class=\"wp-block-embed is-type-video is-provider-youtube wp-block-embed-youtube wp-embed-aspect-16-9 wp-has-aspect-ratio\"><div class=\"wp-block-embed__wrapper\">\n<iframe loading=\"lazy\" title=\"Deutsche Verantwortung f\u00fcr die Verhinderung von V\u00f6lkermord - Dr. Shir Hever\" width=\"500\" height=\"281\" src=\"https:\/\/www.youtube.com\/embed\/l4ME2lDkmxo?feature=oembed\" frameborder=\"0\" allow=\"accelerometer; autoplay; clipboard-write; encrypted-media; gyroscope; picture-in-picture; web-share\" referrerpolicy=\"strict-origin-when-cross-origin\" allowfullscreen><\/iframe>\n<\/div><\/figure>\n<\/div><\/div><\/div>\n\n<div class=\"container\" data-sal=\"slide-up\" data-sal-easing=\"ease-in-out\" data-sal-delay=\"200\"><div class=\"row justify-content-md-center pb-3\"><div class=\"cnt_col\">\n<hr class=\"wp-block-separator has-css-opacity wp-embed-aspect-16-9 wp-has-aspect-ratio\"\/>\n<\/div><\/div><\/div>\n\n<div class=\"container\" data-sal=\"slide-up\" data-sal-easing=\"ease-in-out\" data-sal-delay=\"200\"><div class=\"row justify-content-md-center pb-3\"><div class=\"cnt_col\">\n<h2 class=\"wp-block-heading\">Spenden Sie, um unabh\u00e4ngige Medien zu unterst\u00fctzen!<\/h2>\n<\/div><\/div><\/div>\n\n<div class=\"container\" data-sal=\"slide-up\" data-sal-easing=\"ease-in-out\" data-sal-delay=\"200\"><div class=\"row justify-content-md-center pb-3\"><div class=\"cnt_col\">\n<p><a href=\"https:\/\/www.actvism.org\/donate\/\" target=\"_blank\" rel=\"noreferrer noopener\">Klicken Sie hier oder auf das Bild.<\/a><\/p>\n<\/div><\/div><\/div>\n\n<div class=\"d-flex justify-content-center pb-3 sal\" data-sal=\"slide-up\" data-sal-easing=\"ease-in-out\" data-sal-delay=\"200\">\n<div class=\"wp-block-image\"><figure class=\"aligncenter\"><a href=\"https:\/\/www.actvism.org\/donate\/\" target=\"_blank\" rel=\"noreferrer noopener\"><img loading=\"lazy\" decoding=\"async\" width=\"700\" height=\"233\" src=\"https:\/\/www.actvism.org\/wp-content\/uploads\/2018\/06\/28_acTVism_Webseite_Donation-Image_DE_700x233px_Zukunft.jpg\" alt=\"\" class=\"wp-image-4451\" srcset=\"https:\/\/www.actvism.org\/wp-content\/uploads\/2018\/06\/28_acTVism_Webseite_Donation-Image_DE_700x233px_Zukunft.jpg 700w, https:\/\/www.actvism.org\/wp-content\/uploads\/2018\/06\/28_acTVism_Webseite_Donation-Image_DE_700x233px_Zukunft-300x100.jpg 300w\" sizes=\"auto, (max-width: 700px) 100vw, 700px\" \/><\/a><\/figure><\/div>\n<\/div>\n\n<div class=\"container\" data-sal=\"slide-up\" data-sal-easing=\"ease-in-out\" data-sal-delay=\"200\"><div class=\"row justify-content-md-center pb-3\"><div class=\"cnt_col\">\n<hr class=\"wp-block-separator has-css-opacity wp-embed-aspect-16-9 wp-has-aspect-ratio\"\/>\n<\/div><\/div><\/div>\n\n<div class=\"container\" data-sal=\"slide-up\" data-sal-easing=\"ease-in-out\" data-sal-delay=\"200\"><div class=\"row justify-content-md-center pb-3\"><div class=\"cnt_col\">\n<h2 class=\"wp-block-heading wp-embed-aspect-16-9 wp-has-aspect-ratio\" id=\"u32089-2\">\u00dcBER:&nbsp;B\u00fcndnis f\u00fcr Gerechtigkeit zwischen Israelis und Pal\u00e4stinensern e. V.<\/h2>\n<\/div><\/div><\/div>\n\n<div class=\"container\" data-sal=\"slide-up\" data-sal-easing=\"ease-in-out\" data-sal-delay=\"200\"><div class=\"row justify-content-md-center pb-3\"><div class=\"cnt_col\">\n<p class=\"wp-embed-aspect-16-9 wp-has-aspect-ratio\">Das \u201c<strong>B\u00fcndnis f\u00fcr Gerechtigkeit zwischen Israelis und Pal\u00e4stinensern e. V.<\/strong>\u201d (bis Anfang 2019 \u201eB\u00fcndnis zur Beendigung der israelischen Besatzung\u201c (BIB e.V.)) zielt darauf, dass<\/p>\n<\/div><\/div><\/div>\n\n<div class=\"container\" data-sal=\"slide-up\" data-sal-easing=\"ease-in-out\" data-sal-delay=\"200\"><div class=\"row justify-content-md-center pb-3\"><div class=\"cnt_col\">\n<ul type=\"video\" class=\"wp-embed-aspect-16-9 wp-has-aspect-ratio wp-block-list\">\n<li>die deutsche Politik sich ohne Ausnahme zur Einhaltung von Menschenrechten positioniert, auch wenn es um die israelische Besatzung der pal\u00e4stinensischen Gebiete sowie die Blockade von Gaza geht<\/li>\n\n\n\n<li>die deutsche Politik dies gerade deswegen tut, weil sich Deutschland als Freund Israels versteht<\/li>\n\n\n\n<li>Politik und Medien deutlich machen, dass jede Kritik und jede Ma\u00dfnahme einzig zum Ziel hat, eine friedliche und gerechte L\u00f6sung f\u00fcr Pal\u00e4stinenser und Israelis in naher Zukunft zu schaffen. Dies ist selbstverst\u00e4ndlich unvereinbar mit Antisemitismus und Antiislamismus.<\/li>\n<\/ul>\n<\/div><\/div><\/div>\n\n<div class=\"container\" data-sal=\"slide-up\" data-sal-easing=\"ease-in-out\" data-sal-delay=\"200\"><div class=\"row justify-content-md-center pb-3\"><div class=\"cnt_col\">\n<p class=\"wp-embed-aspect-16-9 wp-has-aspect-ratio\" id=\"u32089-16\">Damit wollen wir auch dazu beitragen, dass die Europ\u00e4ische Union ihre politischen und wirtschaftlichen Potentiale ausspielt, \u00fcber die sie gegen\u00fcber den Akteuren verf\u00fcgt, um diese zu einer menschenrechtsorientierten L\u00f6sung zu bewegen.<\/p>\n<\/div><\/div><\/div>\n\n<div class=\"container\" data-sal=\"slide-up\" data-sal-easing=\"ease-in-out\" data-sal-delay=\"200\"><div class=\"row justify-content-md-center pb-3\"><div class=\"cnt_col\">\n<hr class=\"wp-block-separator has-alpha-channel-opacity wp-embed-aspect-16-9 wp-has-aspect-ratio\"\/>\n<\/div><\/div><\/div>","protected":false},"excerpt":{"rendered":"<p>Deutsche Verantwortung f\u00fcr die Verhinderung von V\u00f6lkermord &#8211; Dr. Shir Hever.<\/p>\n","protected":false},"author":1,"featured_media":12397,"comment_status":"open","ping_status":"open","sticky":false,"template":"","format":"standard","meta":{"_acf_changed":false,"inline_featured_image":false,"footnotes":""},"categories":[1],"tags":[22957,21468,401,21870,21191,21216,23014,23015,97,21706,22142,21507,299,404,21743,21295,72,21352,23016,23017,21981,22170,21916,260,21868,21871,22124,22694,21974,22260,22990,22135,22400,23018,271,22566,22145,21469,21217,21943,80,322],"channel":[20955],"class_list":["post-12396","post","type-post","status-publish","format-standard","has-post-thumbnail","hentry","category-latest","tag-ampel","tag-annalena-baerbock","tag-benjamin-netanjahu","tag-benjamin-netanyahu","tag-bip","tag-buendnis-fuer-gerechtigkeit-zwischen-israelis-und-palaestinensern","tag-deutsche-verantwortung","tag-deutsche-waffenexport","tag-deutschland","tag-deutschland-israel","tag-dr-hever-2","tag-dr-shir-hever","tag-drohnen","tag-gaza","tag-gaza-strip","tag-gazastreifen","tag-germany","tag-hamas","tag-heron","tag-heron-drohnen","tag-igh","tag-internationaler-gerichtshof","tag-internationaler-strafgerichtshof","tag-israel","tag-israel-genocide","tag-israel-genozid","tag-israel-voelkermord","tag-israel-volkermord","tag-israel-volkermoerd","tag-istgh","tag-istgh-israel","tag-lebanon","tag-libanon","tag-luftwaffe","tag-netanjahu","tag-netanyahu","tag-nicaragua","tag-robert-habeck","tag-shir-hever","tag-sued-afrika","tag-united-states","tag-usa","channel-import"],"translation":{"provider":"WPGlobus","version":"3.0.0","language":"en","enabled_languages":["de","en"],"languages":{"de":{"title":true,"content":true,"excerpt":true},"en":{"title":true,"content":true,"excerpt":true}}},"acf":[],"yoast_head":"<!-- This site is optimized with the Yoast SEO plugin v27.5 - https:\/\/yoast.com\/product\/yoast-seo-wordpress\/ -->\n<title>Deutsche Verantwortung f\u00fcr die Verhinderung von V\u00f6lkermord<\/title>\n<meta name=\"robots\" content=\"index, follow, max-snippet:-1, max-image-preview:large, max-video-preview:-1\" \/>\n<link rel=\"canonical\" href=\"https:\/\/www.actvism.org\/latest\/deutsche-verantwortung-voelkermord\/\" \/>\n<meta property=\"og:locale\" content=\"en_US\" \/>\n<meta property=\"og:type\" content=\"article\" \/>\n<meta property=\"og:title\" content=\"Deutsche Verantwortung f\u00fcr die Verhinderung von V\u00f6lkermord - Dr. Shir Hever\" \/>\n<meta property=\"og:description\" content=\"Am 20. November sprach der Gesch\u00e4ftsf\u00fchrer von BIP, Dr. Shir Hever, auf Einladung des Referats f\u00fcr Internationale Studierende (RIS) im AStA der Universit\u00e4t Hamburg und der Pal\u00e4stina Initiative Hamburg an der Universit\u00e4t.\" \/>\n<meta property=\"og:url\" content=\"https:\/\/www.actvism.org\/latest\/deutsche-verantwortung-voelkermord\/\" \/>\n<meta property=\"og:site_name\" content=\"acTVism\" \/>\n<meta property=\"article:publisher\" content=\"https:\/\/facebook.com\/acTVism\" \/>\n<meta property=\"article:published_time\" content=\"2024-12-08T08:07:14+00:00\" \/>\n<meta property=\"article:modified_time\" content=\"2024-12-08T08:08:15+00:00\" \/>\n<meta property=\"og:image\" content=\"https:\/\/www.actvism.org\/wp-content\/uploads\/2024\/12\/1853-Design-1024x576.jpg\" \/>\n\t<meta property=\"og:image:width\" content=\"1920\" \/>\n\t<meta property=\"og:image:height\" content=\"1080\" \/>\n\t<meta property=\"og:image:type\" content=\"image\/jpeg\" \/>\n<meta name=\"author\" content=\"atv_admin\" \/>\n<meta name=\"twitter:card\" content=\"summary_large_image\" \/>\n<meta name=\"twitter:creator\" content=\"@acTVismMunich\" \/>\n<meta name=\"twitter:site\" content=\"@acTVismMunich\" \/>\n<meta name=\"twitter:label1\" content=\"Written by\" \/>\n\t<meta name=\"twitter:data1\" content=\"atv_admin\" \/>\n\t<meta name=\"twitter:label2\" content=\"Est. reading time\" \/>\n\t<meta name=\"twitter:data2\" content=\"3 minutes\" \/>\n<script type=\"application\/ld+json\" class=\"yoast-schema-graph\">{\"@context\":\"https:\\\/\\\/schema.org\",\"@graph\":[{\"@type\":\"Article\",\"@id\":\"https:\\\/\\\/www.actvism.org\\\/latest\\\/deutsche-verantwortung-voelkermord\\\/#article\",\"isPartOf\":{\"@id\":\"https:\\\/\\\/www.actvism.org\\\/latest\\\/deutsche-verantwortung-voelkermord\\\/\"},\"author\":{\"name\":\"atv_admin\",\"@id\":\"https:\\\/\\\/www.actvism.org\\\/#\\\/schema\\\/person\\\/bc2c8684912eb2289fe0009f5ca451d6\"},\"headline\":\"Deutsche Verantwortung f\u00fcr die Verhinderung von V\u00f6lkermord &#8211; Dr. Shir Hever\",\"datePublished\":\"2024-12-08T08:07:14+00:00\",\"dateModified\":\"2024-12-08T08:08:15+00:00\",\"mainEntityOfPage\":{\"@id\":\"https:\\\/\\\/www.actvism.org\\\/latest\\\/deutsche-verantwortung-voelkermord\\\/\"},\"wordCount\":703,\"commentCount\":0,\"publisher\":{\"@id\":\"https:\\\/\\\/www.actvism.org\\\/#organization\"},\"image\":{\"@id\":\"https:\\\/\\\/www.actvism.org\\\/latest\\\/deutsche-verantwortung-voelkermord\\\/#primaryimage\"},\"thumbnailUrl\":\"https:\\\/\\\/www.actvism.org\\\/wp-content\\\/uploads\\\/2024\\\/12\\\/1853-Design.jpg\",\"keywords\":[\"ampel\",\"annalena baerbock\",\"Benjamin Netanjahu\",\"Benjamin Netanyahu\",\"BIP\",\"B\u00fcndnis f\u00fcr Gerechtigkeit zwischen Israelis und Pal\u00e4stinensern\",\"deutsche verantwortung\",\"deutsche waffenexport\",\"Deutschland\",\"deutschland israel\",\"dr. hever\",\"dr. shir hever\",\"Drohnen\",\"Gaza\",\"gaza strip\",\"gazastreifen\",\"Germany\",\"hamas\",\"heron\",\"Heron drohnen\",\"igh\",\"Internationaler Gerichtshof\",\"Internationaler Strafgerichtshof\",\"Israel\",\"israel genocide\",\"israel genozid\",\"israel v\u00f6lkermord\",\"israel volkermord\",\"israel volkerm\u00f6rd\",\"IStGH\",\"istgh israel\",\"lebanon\",\"Libanon\",\"luftwaffe\",\"Netanjahu\",\"netanyahu\",\"Nicaragua\",\"Robert Habeck\",\"shir hever\",\"s\u00fcd afrika\",\"United States\",\"USA\"],\"articleSection\":[\"LATEST\"],\"inLanguage\":\"en-US\",\"potentialAction\":[{\"@type\":\"CommentAction\",\"name\":\"Comment\",\"target\":[\"https:\\\/\\\/www.actvism.org\\\/latest\\\/deutsche-verantwortung-voelkermord\\\/#respond\"]}]},{\"@type\":\"WebPage\",\"@id\":\"https:\\\/\\\/www.actvism.org\\\/latest\\\/deutsche-verantwortung-voelkermord\\\/\",\"url\":\"https:\\\/\\\/www.actvism.org\\\/latest\\\/deutsche-verantwortung-voelkermord\\\/\",\"name\":\"Deutsche Verantwortung f\u00fcr die Verhinderung von V\u00f6lkermord\",\"isPartOf\":{\"@id\":\"https:\\\/\\\/www.actvism.org\\\/#website\"},\"primaryImageOfPage\":{\"@id\":\"https:\\\/\\\/www.actvism.org\\\/latest\\\/deutsche-verantwortung-voelkermord\\\/#primaryimage\"},\"image\":{\"@id\":\"https:\\\/\\\/www.actvism.org\\\/latest\\\/deutsche-verantwortung-voelkermord\\\/#primaryimage\"},\"thumbnailUrl\":\"https:\\\/\\\/www.actvism.org\\\/wp-content\\\/uploads\\\/2024\\\/12\\\/1853-Design.jpg\",\"datePublished\":\"2024-12-08T08:07:14+00:00\",\"dateModified\":\"2024-12-08T08:08:15+00:00\",\"description\":\"Am 20. November sprach der Gesch\u00e4ftsf\u00fchrer von BIP, Dr. Shir Hever, auf Einladung des Referats f\u00fcr Internationale Studierende (RIS) im AStA ..\",\"inLanguage\":\"en-US\",\"potentialAction\":[{\"@type\":\"ReadAction\",\"target\":[\"https:\\\/\\\/www.actvism.org\\\/latest\\\/deutsche-verantwortung-voelkermord\\\/\"]}]},{\"@type\":\"ImageObject\",\"inLanguage\":\"en-US\",\"@id\":\"https:\\\/\\\/www.actvism.org\\\/latest\\\/deutsche-verantwortung-voelkermord\\\/#primaryimage\",\"url\":\"https:\\\/\\\/www.actvism.org\\\/wp-content\\\/uploads\\\/2024\\\/12\\\/1853-Design.jpg\",\"contentUrl\":\"https:\\\/\\\/www.actvism.org\\\/wp-content\\\/uploads\\\/2024\\\/12\\\/1853-Design.jpg\",\"width\":1920,\"height\":1080,\"caption\":\"Deutsche Verantwortung f\u00fcr die Verhinderung von V\u00f6lkermord - Dr. Shir Hever\"},{\"@type\":\"WebSite\",\"@id\":\"https:\\\/\\\/www.actvism.org\\\/#website\",\"url\":\"https:\\\/\\\/www.actvism.org\\\/\",\"name\":\"acTVism\",\"description\":\"information that moves\",\"publisher\":{\"@id\":\"https:\\\/\\\/www.actvism.org\\\/#organization\"},\"potentialAction\":[{\"@type\":\"SearchAction\",\"target\":{\"@type\":\"EntryPoint\",\"urlTemplate\":\"https:\\\/\\\/www.actvism.org\\\/?s={search_term_string}\"},\"query-input\":{\"@type\":\"PropertyValueSpecification\",\"valueRequired\":true,\"valueName\":\"search_term_string\"}}],\"inLanguage\":\"en-US\"},{\"@type\":\"Organization\",\"@id\":\"https:\\\/\\\/www.actvism.org\\\/#organization\",\"name\":\"acTVism Munich e.V.\",\"url\":\"https:\\\/\\\/www.actvism.org\\\/\",\"logo\":{\"@type\":\"ImageObject\",\"inLanguage\":\"en-US\",\"@id\":\"https:\\\/\\\/www.actvism.org\\\/#\\\/schema\\\/logo\\\/image\\\/\",\"url\":\"https:\\\/\\\/www.actvism.org\\\/wp-content\\\/uploads\\\/2020\\\/11\\\/logo.svg\",\"contentUrl\":\"https:\\\/\\\/www.actvism.org\\\/wp-content\\\/uploads\\\/2020\\\/11\\\/logo.svg\",\"width\":200,\"height\":57,\"caption\":\"acTVism Munich e.V.\"},\"image\":{\"@id\":\"https:\\\/\\\/www.actvism.org\\\/#\\\/schema\\\/logo\\\/image\\\/\"},\"sameAs\":[\"https:\\\/\\\/facebook.com\\\/acTVism\",\"https:\\\/\\\/x.com\\\/acTVismMunich\"]},{\"@type\":\"Person\",\"@id\":\"https:\\\/\\\/www.actvism.org\\\/#\\\/schema\\\/person\\\/bc2c8684912eb2289fe0009f5ca451d6\",\"name\":\"atv_admin\",\"image\":{\"@type\":\"ImageObject\",\"inLanguage\":\"en-US\",\"@id\":\"https:\\\/\\\/secure.gravatar.com\\\/avatar\\\/53465926e4246ee1b807a849c23197531fd45c1bcd02682ada54ddb12eaa7a6d?s=96&d=mm&r=g\",\"url\":\"https:\\\/\\\/secure.gravatar.com\\\/avatar\\\/53465926e4246ee1b807a849c23197531fd45c1bcd02682ada54ddb12eaa7a6d?s=96&d=mm&r=g\",\"contentUrl\":\"https:\\\/\\\/secure.gravatar.com\\\/avatar\\\/53465926e4246ee1b807a849c23197531fd45c1bcd02682ada54ddb12eaa7a6d?s=96&d=mm&r=g\",\"caption\":\"atv_admin\"},\"url\":\"https:\\\/\\\/www.actvism.org\\\/en\\\/author\\\/atv_admin\\\/\"}]}<\/script>\n<!-- \/ Yoast SEO plugin. -->","yoast_head_json":{"title":"Deutsche Verantwortung f\u00fcr die Verhinderung von V\u00f6lkermord","robots":{"index":"index","follow":"follow","max-snippet":"max-snippet:-1","max-image-preview":"max-image-preview:large","max-video-preview":"max-video-preview:-1"},"canonical":"https:\/\/www.actvism.org\/latest\/deutsche-verantwortung-voelkermord\/","og_locale":"en_US","og_type":"article","og_title":"Deutsche Verantwortung f\u00fcr die Verhinderung von V\u00f6lkermord - Dr. Shir Hever","og_description":"Am 20. November sprach der Gesch\u00e4ftsf\u00fchrer von BIP, Dr. Shir Hever, auf Einladung des Referats f\u00fcr Internationale Studierende (RIS) im AStA der Universit\u00e4t Hamburg und der Pal\u00e4stina Initiative Hamburg an der Universit\u00e4t.","og_url":"https:\/\/www.actvism.org\/latest\/deutsche-verantwortung-voelkermord\/","og_site_name":"acTVism","article_publisher":"https:\/\/facebook.com\/acTVism","article_published_time":"2024-12-08T08:07:14+00:00","article_modified_time":"2024-12-08T08:08:15+00:00","og_image":[{"width":1920,"height":1080,"url":"https:\/\/www.actvism.org\/wp-content\/uploads\/2024\/12\/1853-Design-1024x576.jpg","type":"image\/jpeg"}],"author":"atv_admin","twitter_card":"summary_large_image","twitter_creator":"@acTVismMunich","twitter_site":"@acTVismMunich","twitter_misc":{"Written by":"atv_admin","Est. reading time":"3 minutes"},"schema":{"@context":"https:\/\/schema.org","@graph":[{"@type":"Article","@id":"https:\/\/www.actvism.org\/latest\/deutsche-verantwortung-voelkermord\/#article","isPartOf":{"@id":"https:\/\/www.actvism.org\/latest\/deutsche-verantwortung-voelkermord\/"},"author":{"name":"atv_admin","@id":"https:\/\/www.actvism.org\/#\/schema\/person\/bc2c8684912eb2289fe0009f5ca451d6"},"headline":"Deutsche Verantwortung f\u00fcr die Verhinderung von V\u00f6lkermord &#8211; Dr. Shir Hever","datePublished":"2024-12-08T08:07:14+00:00","dateModified":"2024-12-08T08:08:15+00:00","mainEntityOfPage":{"@id":"https:\/\/www.actvism.org\/latest\/deutsche-verantwortung-voelkermord\/"},"wordCount":703,"commentCount":0,"publisher":{"@id":"https:\/\/www.actvism.org\/#organization"},"image":{"@id":"https:\/\/www.actvism.org\/latest\/deutsche-verantwortung-voelkermord\/#primaryimage"},"thumbnailUrl":"https:\/\/www.actvism.org\/wp-content\/uploads\/2024\/12\/1853-Design.jpg","keywords":["ampel","annalena baerbock","Benjamin Netanjahu","Benjamin Netanyahu","BIP","B\u00fcndnis f\u00fcr Gerechtigkeit zwischen Israelis und Pal\u00e4stinensern","deutsche verantwortung","deutsche waffenexport","Deutschland","deutschland israel","dr. hever","dr. shir hever","Drohnen","Gaza","gaza strip","gazastreifen","Germany","hamas","heron","Heron drohnen","igh","Internationaler Gerichtshof","Internationaler Strafgerichtshof","Israel","israel genocide","israel genozid","israel v\u00f6lkermord","israel volkermord","israel volkerm\u00f6rd","IStGH","istgh israel","lebanon","Libanon","luftwaffe","Netanjahu","netanyahu","Nicaragua","Robert Habeck","shir hever","s\u00fcd afrika","United States","USA"],"articleSection":["LATEST"],"inLanguage":"en-US","potentialAction":[{"@type":"CommentAction","name":"Comment","target":["https:\/\/www.actvism.org\/latest\/deutsche-verantwortung-voelkermord\/#respond"]}]},{"@type":"WebPage","@id":"https:\/\/www.actvism.org\/latest\/deutsche-verantwortung-voelkermord\/","url":"https:\/\/www.actvism.org\/latest\/deutsche-verantwortung-voelkermord\/","name":"Deutsche Verantwortung f\u00fcr die Verhinderung von V\u00f6lkermord","isPartOf":{"@id":"https:\/\/www.actvism.org\/#website"},"primaryImageOfPage":{"@id":"https:\/\/www.actvism.org\/latest\/deutsche-verantwortung-voelkermord\/#primaryimage"},"image":{"@id":"https:\/\/www.actvism.org\/latest\/deutsche-verantwortung-voelkermord\/#primaryimage"},"thumbnailUrl":"https:\/\/www.actvism.org\/wp-content\/uploads\/2024\/12\/1853-Design.jpg","datePublished":"2024-12-08T08:07:14+00:00","dateModified":"2024-12-08T08:08:15+00:00","description":"Am 20. November sprach der Gesch\u00e4ftsf\u00fchrer von BIP, Dr. Shir Hever, auf Einladung des Referats f\u00fcr Internationale Studierende (RIS) im AStA ..","inLanguage":"en-US","potentialAction":[{"@type":"ReadAction","target":["https:\/\/www.actvism.org\/latest\/deutsche-verantwortung-voelkermord\/"]}]},{"@type":"ImageObject","inLanguage":"en-US","@id":"https:\/\/www.actvism.org\/latest\/deutsche-verantwortung-voelkermord\/#primaryimage","url":"https:\/\/www.actvism.org\/wp-content\/uploads\/2024\/12\/1853-Design.jpg","contentUrl":"https:\/\/www.actvism.org\/wp-content\/uploads\/2024\/12\/1853-Design.jpg","width":1920,"height":1080,"caption":"Deutsche Verantwortung f\u00fcr die Verhinderung von V\u00f6lkermord - Dr. Shir Hever"},{"@type":"WebSite","@id":"https:\/\/www.actvism.org\/#website","url":"https:\/\/www.actvism.org\/","name":"acTVism","description":"information that moves","publisher":{"@id":"https:\/\/www.actvism.org\/#organization"},"potentialAction":[{"@type":"SearchAction","target":{"@type":"EntryPoint","urlTemplate":"https:\/\/www.actvism.org\/?s={search_term_string}"},"query-input":{"@type":"PropertyValueSpecification","valueRequired":true,"valueName":"search_term_string"}}],"inLanguage":"en-US"},{"@type":"Organization","@id":"https:\/\/www.actvism.org\/#organization","name":"acTVism Munich e.V.","url":"https:\/\/www.actvism.org\/","logo":{"@type":"ImageObject","inLanguage":"en-US","@id":"https:\/\/www.actvism.org\/#\/schema\/logo\/image\/","url":"https:\/\/www.actvism.org\/wp-content\/uploads\/2020\/11\/logo.svg","contentUrl":"https:\/\/www.actvism.org\/wp-content\/uploads\/2020\/11\/logo.svg","width":200,"height":57,"caption":"acTVism Munich e.V."},"image":{"@id":"https:\/\/www.actvism.org\/#\/schema\/logo\/image\/"},"sameAs":["https:\/\/facebook.com\/acTVism","https:\/\/x.com\/acTVismMunich"]},{"@type":"Person","@id":"https:\/\/www.actvism.org\/#\/schema\/person\/bc2c8684912eb2289fe0009f5ca451d6","name":"atv_admin","image":{"@type":"ImageObject","inLanguage":"en-US","@id":"https:\/\/secure.gravatar.com\/avatar\/53465926e4246ee1b807a849c23197531fd45c1bcd02682ada54ddb12eaa7a6d?s=96&d=mm&r=g","url":"https:\/\/secure.gravatar.com\/avatar\/53465926e4246ee1b807a849c23197531fd45c1bcd02682ada54ddb12eaa7a6d?s=96&d=mm&r=g","contentUrl":"https:\/\/secure.gravatar.com\/avatar\/53465926e4246ee1b807a849c23197531fd45c1bcd02682ada54ddb12eaa7a6d?s=96&d=mm&r=g","caption":"atv_admin"},"url":"https:\/\/www.actvism.org\/en\/author\/atv_admin\/"}]}},"_links":{"self":[{"href":"https:\/\/www.actvism.org\/en\/wp-json\/wp\/v2\/posts\/12396","targetHints":{"allow":["GET"]}}],"collection":[{"href":"https:\/\/www.actvism.org\/en\/wp-json\/wp\/v2\/posts"}],"about":[{"href":"https:\/\/www.actvism.org\/en\/wp-json\/wp\/v2\/types\/post"}],"author":[{"embeddable":true,"href":"https:\/\/www.actvism.org\/en\/wp-json\/wp\/v2\/users\/1"}],"replies":[{"embeddable":true,"href":"https:\/\/www.actvism.org\/en\/wp-json\/wp\/v2\/comments?post=12396"}],"version-history":[{"count":0,"href":"https:\/\/www.actvism.org\/en\/wp-json\/wp\/v2\/posts\/12396\/revisions"}],"wp:featuredmedia":[{"embeddable":true,"href":"https:\/\/www.actvism.org\/en\/wp-json\/wp\/v2\/media\/12397"}],"wp:attachment":[{"href":"https:\/\/www.actvism.org\/en\/wp-json\/wp\/v2\/media?parent=12396"}],"wp:term":[{"taxonomy":"category","embeddable":true,"href":"https:\/\/www.actvism.org\/en\/wp-json\/wp\/v2\/categories?post=12396"},{"taxonomy":"post_tag","embeddable":true,"href":"https:\/\/www.actvism.org\/en\/wp-json\/wp\/v2\/tags?post=12396"},{"taxonomy":"channel","embeddable":true,"href":"https:\/\/www.actvism.org\/en\/wp-json\/wp\/v2\/channel?post=12396"}],"curies":[{"name":"wp","href":"https:\/\/api.w.org\/{rel}","templated":true}]}}