{"id":12893,"date":"2025-04-20T14:20:43","date_gmt":"2025-04-20T12:20:43","guid":{"rendered":"https:\/\/www.actvism.org\/?p=12893"},"modified":"2025-04-20T14:20:44","modified_gmt":"2025-04-20T12:20:44","slug":"israel-gaza-journalisten-getoetet","status":"publish","type":"post","link":"https:\/\/www.actvism.org\/en\/latest\/israel-gaza-journalisten-getoetet\/","title":{"rendered":"Israel hat in Gaza mehr Journalisten get\u00f6tet als in jedem anderen Krieg in der Geschichte"},"content":{"rendered":"<div class=\"container\" data-sal=\"slide-up\" data-sal-easing=\"ease-in-out\" data-sal-delay=\"200\"><div class=\"row justify-content-md-center pb-3\"><div class=\"cnt_col\">\n<p><a href=\"https:\/\/www.patreon.com\/acTVism\" target=\"_blank\" rel=\"noreferrer noopener\">Due to limited capacity as a non-profit and independent organization, the content on this page is only available in German. You can support us via Patreon to help us improve our capacity to produce every video in English as well.<\/a><\/p>\n<\/div><\/div><\/div>\n\n<div class=\"container\" data-sal=\"slide-up\" data-sal-easing=\"ease-in-out\" data-sal-delay=\"200\"><div class=\"row justify-content-md-center pb-3\"><div class=\"cnt_col\">\n<hr class=\"wp-block-separator has-alpha-channel-opacity wp-embed-aspect-16-9 wp-has-aspect-ratio\"\/>\n<\/div><\/div><\/div>\n\n<div class=\"container\" data-sal=\"slide-up\" data-sal-easing=\"ease-in-out\" data-sal-delay=\"200\"><div class=\"row justify-content-md-center pb-3\"><div class=\"cnt_col\">\n<p class=\"wp-embed-aspect-16-9 wp-has-aspect-ratio\">In der ersten Aprilwoche hat Israel erneut Journalisten in Gaza get\u00f6tet, und zwar nicht als so genannte Kollateralsch\u00e4den, sondern als Teil einer geplanten Politik der T\u00f6tung, Verletzung und Verhaftung von Journalisten in Gaza, die darauf abzielt, die Pal\u00e4stinenser zum Schweigen zu bringen und zu verhindern, dass die Fakten \u00fcber Israels V\u00f6lkermord in Gaza an die \u00d6ffentlichkeit gelangen. Zwei aktuelle Studien haben ergeben, dass Israel in Gaza mehr Journalisten als in jedem anderen Krieg der Geschichte get\u00f6tet hat. Die internationalen Medien schwanken zwischen kollegialer Solidarit\u00e4t mit den Journalisten in Gaza auf der einen Seite und einer stark pro-israelischen redaktionellen Ausrichtung auf der anderen Seite. Bislang hatte die gezielte T\u00f6tung von Journalisten f\u00fcr Israel noch keine konkreten Konsequenzen.<\/p>\n<\/div><\/div><\/div>\n\n<div class=\"container\" data-sal=\"slide-up\" data-sal-easing=\"ease-in-out\" data-sal-delay=\"200\"><div class=\"row justify-content-md-center pb-3\"><div class=\"cnt_col\">\n<p class=\"wp-embed-aspect-16-9 wp-has-aspect-ratio\">Link zum Artikel und zu den Quellen: <a href=\"https:\/\/bip-jetzt.de\/2025\/04\/14\/bip-aktuell-344-die-toetung-von-journalisten-in-gaza\/\">https:\/\/bip-jetzt.de\/2025\/04\/14\/bip-aktuell-344-die-toetung-von-journalisten-in-gaza\/<\/a><\/p>\n<\/div><\/div><\/div>\n\n<div class=\"container\" data-sal=\"slide-up\" data-sal-easing=\"ease-in-out\" data-sal-delay=\"200\"><div class=\"row justify-content-md-center pb-3\"><div class=\"cnt_col\">\n<p class=\"wp-embed-aspect-16-9 wp-has-aspect-ratio\">Dieser Text wurde vom B\u00fcndnis f\u00fcr Gerechtigkeit zwischen Israelis und Pal\u00e4stinensern e.V. (BIP) zusammengefasst. Angesichts der mangelnden Berichterstattung zu diesem Thema, hat acTVism Munich e.V. entschieden es heute zu ver\u00f6ffentlichen. Dieser Text wurde urspr\u00fcnglich am 14. April 2025 ver\u00f6ffentlicht.<\/p>\n<\/div><\/div><\/div>\n\n<div class=\"container\" data-sal=\"slide-up\" data-sal-easing=\"ease-in-out\" data-sal-delay=\"200\"><div class=\"row justify-content-md-center pb-3\"><div class=\"cnt_col\">\n<hr class=\"wp-block-separator has-css-opacity wp-embed-aspect-16-9 wp-has-aspect-ratio\"\/>\n<\/div><\/div><\/div>\n\n<div class=\"container\" data-sal=\"slide-up\" data-sal-easing=\"ease-in-out\" data-sal-delay=\"200\"><div class=\"row justify-content-md-center pb-3\"><div class=\"cnt_col\">\n<h2 class=\"wp-block-heading wp-embed-aspect-16-9 wp-has-aspect-ratio\">VIDEO: Israel hat in Gaza mehr Journalisten get\u00f6tet als in jedem anderen Krieg in der Geschichte<\/h2>\n<\/div><\/div><\/div>\n\n<div class=\"container\" data-sal=\"slide-up\" data-sal-easing=\"ease-in-out\" data-sal-delay=\"200\"><div class=\"row justify-content-md-center pb-3\"><div class=\"cnt_col\">\n<figure class=\"wp-block-embed is-type-video is-provider-youtube wp-block-embed-youtube wp-embed-aspect-16-9 wp-has-aspect-ratio\"><div class=\"wp-block-embed__wrapper\">\n<iframe loading=\"lazy\" title=\"Israel hat in Gaza mehr Journalisten get\u00f6tet als in jedem anderen Krieg in der Geschichte\" width=\"500\" height=\"281\" src=\"https:\/\/www.youtube.com\/embed\/Vw8EYbdJY6Q?feature=oembed\" frameborder=\"0\" allow=\"accelerometer; autoplay; clipboard-write; encrypted-media; gyroscope; picture-in-picture; web-share\" referrerpolicy=\"strict-origin-when-cross-origin\" allowfullscreen><\/iframe>\n<\/div><\/figure>\n<\/div><\/div><\/div>\n\n<div class=\"container\" data-sal=\"slide-up\" data-sal-easing=\"ease-in-out\" data-sal-delay=\"200\"><div class=\"row justify-content-md-center pb-3\"><div class=\"cnt_col\">\n<hr class=\"wp-block-separator has-css-opacity wp-embed-aspect-16-9 wp-has-aspect-ratio\"\/>\n<\/div><\/div><\/div>\n\n<div class=\"container\" data-sal=\"slide-up\" data-sal-easing=\"ease-in-out\" data-sal-delay=\"200\"><div class=\"row justify-content-md-center pb-3\"><div class=\"cnt_col\">\n<h2 class=\"wp-block-heading\">Spenden Sie, um unabh\u00e4ngige Medien zu unterst\u00fctzen!<\/h2>\n<\/div><\/div><\/div>\n\n<div class=\"container\" data-sal=\"slide-up\" data-sal-easing=\"ease-in-out\" data-sal-delay=\"200\"><div class=\"row justify-content-md-center pb-3\"><div class=\"cnt_col\">\n<p><a href=\"https:\/\/www.actvism.org\/donate\/\" target=\"_blank\" rel=\"noreferrer noopener\">Klicken Sie hier oder auf das Bild.<\/a><\/p>\n<\/div><\/div><\/div>\n\n<div class=\"d-flex justify-content-center pb-3 sal\" data-sal=\"slide-up\" data-sal-easing=\"ease-in-out\" data-sal-delay=\"200\">\n<div class=\"wp-block-image\"><figure class=\"aligncenter\"><a href=\"https:\/\/www.actvism.org\/donate\/\" target=\"_blank\" rel=\"noreferrer noopener\"><img loading=\"lazy\" decoding=\"async\" width=\"700\" height=\"233\" src=\"https:\/\/www.actvism.org\/wp-content\/uploads\/2018\/06\/28_acTVism_Webseite_Donation-Image_DE_700x233px_Zukunft.jpg\" alt=\"\" class=\"wp-image-4451\" srcset=\"https:\/\/www.actvism.org\/wp-content\/uploads\/2018\/06\/28_acTVism_Webseite_Donation-Image_DE_700x233px_Zukunft.jpg 700w, https:\/\/www.actvism.org\/wp-content\/uploads\/2018\/06\/28_acTVism_Webseite_Donation-Image_DE_700x233px_Zukunft-300x100.jpg 300w\" sizes=\"auto, (max-width: 700px) 100vw, 700px\" \/><\/a><\/figure><\/div>\n<\/div>\n\n<div class=\"container\" data-sal=\"slide-up\" data-sal-easing=\"ease-in-out\" data-sal-delay=\"200\"><div class=\"row justify-content-md-center pb-3\"><div class=\"cnt_col\">\n<hr class=\"wp-block-separator has-css-opacity wp-embed-aspect-16-9 wp-has-aspect-ratio\"\/>\n<\/div><\/div><\/div>\n\n<div class=\"container\" data-sal=\"slide-up\" data-sal-easing=\"ease-in-out\" data-sal-delay=\"200\"><div class=\"row justify-content-md-center pb-3\"><div class=\"cnt_col\">\n<h2 class=\"wp-block-heading wp-embed-aspect-16-9 wp-has-aspect-ratio\" id=\"u32089-2\">\u00dcBER:&nbsp;B\u00fcndnis f\u00fcr Gerechtigkeit zwischen Israelis und Pal\u00e4stinensern e. V.<\/h2>\n<\/div><\/div><\/div>\n\n<div class=\"container\" data-sal=\"slide-up\" data-sal-easing=\"ease-in-out\" data-sal-delay=\"200\"><div class=\"row justify-content-md-center pb-3\"><div class=\"cnt_col\">\n<p class=\"wp-embed-aspect-16-9 wp-has-aspect-ratio\">Das \u201c<strong>B\u00fcndnis f\u00fcr Gerechtigkeit zwischen Israelis und Pal\u00e4stinensern e. V.<\/strong>\u201d (bis Anfang 2019 \u201eB\u00fcndnis zur Beendigung der israelischen Besatzung\u201c (BIB e.V.)) zielt darauf, dass<\/p>\n<\/div><\/div><\/div>\n\n<div class=\"container\" data-sal=\"slide-up\" data-sal-easing=\"ease-in-out\" data-sal-delay=\"200\"><div class=\"row justify-content-md-center pb-3\"><div class=\"cnt_col\">\n<ul type=\"video\" class=\"wp-embed-aspect-16-9 wp-has-aspect-ratio wp-block-list\">\n<li>die deutsche Politik sich ohne Ausnahme zur Einhaltung von Menschenrechten positioniert, auch wenn es um die israelische Besatzung der pal\u00e4stinensischen Gebiete sowie die Blockade von Gaza geht<\/li>\n\n\n\n<li>die deutsche Politik dies gerade deswegen tut, weil sich Deutschland als Freund Israels versteht<\/li>\n\n\n\n<li>Politik und Medien deutlich machen, dass jede Kritik und jede Ma\u00dfnahme einzig zum Ziel hat, eine friedliche und gerechte L\u00f6sung f\u00fcr Pal\u00e4stinenser und Israelis in naher Zukunft zu schaffen. Dies ist selbstverst\u00e4ndlich unvereinbar mit Antisemitismus und Antiislamismus.<\/li>\n<\/ul>\n<\/div><\/div><\/div>\n\n<div class=\"container\" data-sal=\"slide-up\" data-sal-easing=\"ease-in-out\" data-sal-delay=\"200\"><div class=\"row justify-content-md-center pb-3\"><div class=\"cnt_col\">\n<p class=\"wp-embed-aspect-16-9 wp-has-aspect-ratio\" id=\"u32089-16\">Damit wollen wir auch dazu beitragen, dass die Europ\u00e4ische Union ihre politischen und wirtschaftlichen Potentiale ausspielt, \u00fcber die sie gegen\u00fcber den Akteuren verf\u00fcgt, um diese zu einer menschenrechtsorientierten L\u00f6sung zu bewegen.<\/p>\n<\/div><\/div><\/div>\n\n<div class=\"container\" data-sal=\"slide-up\" data-sal-easing=\"ease-in-out\" data-sal-delay=\"200\"><div class=\"row justify-content-md-center pb-3\"><div class=\"cnt_col\">\n<hr class=\"wp-block-separator has-alpha-channel-opacity wp-embed-aspect-16-9 wp-has-aspect-ratio\"\/>\n<\/div><\/div><\/div>","protected":false},"excerpt":{"rendered":"<p>Israel hat in Gaza mehr Journalisten get\u00f6tet als in jedem anderen Krieg in der Geschichte<\/p>\n","protected":false},"author":1,"featured_media":12894,"comment_status":"open","ping_status":"open","sticky":false,"template":"","format":"standard","meta":{"_acf_changed":false,"inline_featured_image":false,"footnotes":""},"categories":[1],"tags":[1662,539,23385,23679,23683,23681,23676,404,21743,21295,775,21352,528,260,23684,76,414,693,2137,435,23682,2132,23678,23677,23680,342,80,322,22126,21926,20987],"channel":[20955],"class_list":["post-12893","post","type-post","status-publish","format-standard","has-post-thumbnail","hentry","category-latest","tag-al-jazeera","tag-associated-press","tag-censur","tag-der-freitag","tag-deutsche-medien","tag-die-zeit","tag-faz","tag-gaza","tag-gaza-strip","tag-gazastreifen","tag-genozid","tag-hamas","tag-idf","tag-israel","tag-israelische-militaer","tag-journalism","tag-journalismus","tag-junge-welt","tag-nachdenkseiten","tag-new-york-times","tag-palestine-today","tag-pressefreiheit","tag-sueddeutsche-zeitung","tag-sz","tag-taz","tag-terrorismus","tag-united-states","tag-usa","tag-volkermord","tag-volkermoerd","tag-zensur","channel-import"],"translation":{"provider":"WPGlobus","version":"3.0.0","language":"en","enabled_languages":["de","en"],"languages":{"de":{"title":true,"content":true,"excerpt":true},"en":{"title":true,"content":true,"excerpt":true}}},"acf":[],"yoast_head":"<!-- This site is optimized with the Yoast SEO plugin v27.4 - https:\/\/yoast.com\/product\/yoast-seo-wordpress\/ -->\n<title>Israel hat in Gaza mehr Journalisten get\u00f6tet als in jedem anderen Krieg in der Geschichte - acTVism<\/title>\n<meta name=\"robots\" content=\"index, follow, max-snippet:-1, max-image-preview:large, max-video-preview:-1\" \/>\n<link rel=\"canonical\" href=\"https:\/\/www.actvism.org\/latest\/israel-gaza-journalisten-getoetet\/\" \/>\n<meta property=\"og:locale\" content=\"en_US\" \/>\n<meta property=\"og:type\" content=\"article\" \/>\n<meta property=\"og:title\" content=\"Israel hat in Gaza mehr Journalisten get\u00f6tet als in jedem anderen Krieg in der Geschichte\" \/>\n<meta property=\"og:description\" content=\"In der ersten Aprilwoche hat Israel erneut Journalisten in Gaza get\u00f6tet, und zwar nicht als so genannte Kollateralsch\u00e4den, sondern als Teil einer geplanten Politik der T\u00f6tung, Verletzung und Verhaftung von Journalisten in Gaza, die darauf abzielt, die Pal\u00e4stinenser zum Schweigen zu bringen und zu verhindern, dass die Fakten \u00fcber Israels V\u00f6lkermord in Gaza an die \u00d6ffentlichkeit gelangen. Zwei aktuelle Studien haben ergeben, dass Israel in Gaza mehr Journalisten als in jedem anderen Krieg der Geschichte get\u00f6tet hat. Die internationalen Medien schwanken zwischen kollegialer Solidarit\u00e4t mit den Journalisten in Gaza auf der einen Seite und einer stark pro-israelischen redaktionellen Ausrichtung auf der anderen Seite. Bislang hatte die gezielte T\u00f6tung von Journalisten f\u00fcr Israel noch keine konkreten Konsequenzen.\" \/>\n<meta property=\"og:url\" content=\"https:\/\/www.actvism.org\/latest\/israel-gaza-journalisten-getoetet\/\" \/>\n<meta property=\"og:site_name\" content=\"acTVism\" \/>\n<meta property=\"article:publisher\" content=\"https:\/\/facebook.com\/acTVism\" \/>\n<meta property=\"article:published_time\" content=\"2025-04-20T12:20:43+00:00\" \/>\n<meta property=\"article:modified_time\" content=\"2025-04-20T12:20:44+00:00\" \/>\n<meta property=\"og:image\" content=\"https:\/\/www.actvism.org\/wp-content\/uploads\/2025\/04\/1995-Design-1024x576.jpg\" \/>\n\t<meta property=\"og:image:width\" content=\"1920\" \/>\n\t<meta property=\"og:image:height\" content=\"1080\" \/>\n\t<meta property=\"og:image:type\" content=\"image\/jpeg\" \/>\n<meta name=\"author\" content=\"atv_admin\" \/>\n<meta name=\"twitter:card\" content=\"summary_large_image\" \/>\n<meta name=\"twitter:creator\" content=\"@acTVismMunich\" \/>\n<meta name=\"twitter:site\" content=\"@acTVismMunich\" \/>\n<meta name=\"twitter:label1\" content=\"Written by\" \/>\n\t<meta name=\"twitter:data1\" content=\"atv_admin\" \/>\n\t<meta name=\"twitter:label2\" content=\"Est. reading time\" \/>\n\t<meta name=\"twitter:data2\" content=\"3 minutes\" \/>\n<script type=\"application\/ld+json\" class=\"yoast-schema-graph\">{\"@context\":\"https:\\\/\\\/schema.org\",\"@graph\":[{\"@type\":\"Article\",\"@id\":\"https:\\\/\\\/www.actvism.org\\\/latest\\\/israel-gaza-journalisten-getoetet\\\/#article\",\"isPartOf\":{\"@id\":\"https:\\\/\\\/www.actvism.org\\\/latest\\\/israel-gaza-journalisten-getoetet\\\/\"},\"author\":{\"name\":\"atv_admin\",\"@id\":\"https:\\\/\\\/www.actvism.org\\\/#\\\/schema\\\/person\\\/bc2c8684912eb2289fe0009f5ca451d6\"},\"headline\":\"Israel hat in Gaza mehr Journalisten get\u00f6tet als in jedem anderen Krieg in der Geschichte\",\"datePublished\":\"2025-04-20T12:20:43+00:00\",\"dateModified\":\"2025-04-20T12:20:44+00:00\",\"mainEntityOfPage\":{\"@id\":\"https:\\\/\\\/www.actvism.org\\\/latest\\\/israel-gaza-journalisten-getoetet\\\/\"},\"wordCount\":808,\"commentCount\":0,\"publisher\":{\"@id\":\"https:\\\/\\\/www.actvism.org\\\/#organization\"},\"image\":{\"@id\":\"https:\\\/\\\/www.actvism.org\\\/latest\\\/israel-gaza-journalisten-getoetet\\\/#primaryimage\"},\"thumbnailUrl\":\"https:\\\/\\\/www.actvism.org\\\/wp-content\\\/uploads\\\/2025\\\/04\\\/1995-Design.jpg\",\"keywords\":[\"Al Jazeera\",\"Associated Press\",\"censur\",\"der freitag\",\"deutsche medien\",\"die zeit\",\"faz\",\"Gaza\",\"gaza strip\",\"gazastreifen\",\"Genozid\",\"hamas\",\"IDF\",\"Israel\",\"israelische milit\u00e4r\",\"journalism\",\"journalismus\",\"Junge Welt\",\"Nachdenkseiten\",\"New York Times\",\"palestine today\",\"Pressefreiheit\",\"s\u00fcddeutsche Zeitung\",\"sz\",\"taz\",\"terrorismus\",\"United States\",\"USA\",\"volkermord\",\"volkerm\u00f6rd\",\"zensur\"],\"articleSection\":[\"LATEST\"],\"inLanguage\":\"en-US\",\"potentialAction\":[{\"@type\":\"CommentAction\",\"name\":\"Comment\",\"target\":[\"https:\\\/\\\/www.actvism.org\\\/latest\\\/israel-gaza-journalisten-getoetet\\\/#respond\"]}]},{\"@type\":\"WebPage\",\"@id\":\"https:\\\/\\\/www.actvism.org\\\/latest\\\/israel-gaza-journalisten-getoetet\\\/\",\"url\":\"https:\\\/\\\/www.actvism.org\\\/latest\\\/israel-gaza-journalisten-getoetet\\\/\",\"name\":\"Israel hat in Gaza mehr Journalisten get\u00f6tet als in jedem anderen Krieg in der Geschichte - acTVism\",\"isPartOf\":{\"@id\":\"https:\\\/\\\/www.actvism.org\\\/#website\"},\"primaryImageOfPage\":{\"@id\":\"https:\\\/\\\/www.actvism.org\\\/latest\\\/israel-gaza-journalisten-getoetet\\\/#primaryimage\"},\"image\":{\"@id\":\"https:\\\/\\\/www.actvism.org\\\/latest\\\/israel-gaza-journalisten-getoetet\\\/#primaryimage\"},\"thumbnailUrl\":\"https:\\\/\\\/www.actvism.org\\\/wp-content\\\/uploads\\\/2025\\\/04\\\/1995-Design.jpg\",\"datePublished\":\"2025-04-20T12:20:43+00:00\",\"dateModified\":\"2025-04-20T12:20:44+00:00\",\"inLanguage\":\"en-US\",\"potentialAction\":[{\"@type\":\"ReadAction\",\"target\":[\"https:\\\/\\\/www.actvism.org\\\/latest\\\/israel-gaza-journalisten-getoetet\\\/\"]}]},{\"@type\":\"ImageObject\",\"inLanguage\":\"en-US\",\"@id\":\"https:\\\/\\\/www.actvism.org\\\/latest\\\/israel-gaza-journalisten-getoetet\\\/#primaryimage\",\"url\":\"https:\\\/\\\/www.actvism.org\\\/wp-content\\\/uploads\\\/2025\\\/04\\\/1995-Design.jpg\",\"contentUrl\":\"https:\\\/\\\/www.actvism.org\\\/wp-content\\\/uploads\\\/2025\\\/04\\\/1995-Design.jpg\",\"width\":1920,\"height\":1080,\"caption\":\"Israel hat in Gaza mehr Journalisten get\u00f6tet als in jedem anderen Krieg in der Geschichte\"},{\"@type\":\"WebSite\",\"@id\":\"https:\\\/\\\/www.actvism.org\\\/#website\",\"url\":\"https:\\\/\\\/www.actvism.org\\\/\",\"name\":\"acTVism\",\"description\":\"information that moves\",\"publisher\":{\"@id\":\"https:\\\/\\\/www.actvism.org\\\/#organization\"},\"potentialAction\":[{\"@type\":\"SearchAction\",\"target\":{\"@type\":\"EntryPoint\",\"urlTemplate\":\"https:\\\/\\\/www.actvism.org\\\/?s={search_term_string}\"},\"query-input\":{\"@type\":\"PropertyValueSpecification\",\"valueRequired\":true,\"valueName\":\"search_term_string\"}}],\"inLanguage\":\"en-US\"},{\"@type\":\"Organization\",\"@id\":\"https:\\\/\\\/www.actvism.org\\\/#organization\",\"name\":\"acTVism Munich e.V.\",\"url\":\"https:\\\/\\\/www.actvism.org\\\/\",\"logo\":{\"@type\":\"ImageObject\",\"inLanguage\":\"en-US\",\"@id\":\"https:\\\/\\\/www.actvism.org\\\/#\\\/schema\\\/logo\\\/image\\\/\",\"url\":\"https:\\\/\\\/www.actvism.org\\\/wp-content\\\/uploads\\\/2020\\\/11\\\/logo.svg\",\"contentUrl\":\"https:\\\/\\\/www.actvism.org\\\/wp-content\\\/uploads\\\/2020\\\/11\\\/logo.svg\",\"width\":200,\"height\":57,\"caption\":\"acTVism Munich e.V.\"},\"image\":{\"@id\":\"https:\\\/\\\/www.actvism.org\\\/#\\\/schema\\\/logo\\\/image\\\/\"},\"sameAs\":[\"https:\\\/\\\/facebook.com\\\/acTVism\",\"https:\\\/\\\/x.com\\\/acTVismMunich\"]},{\"@type\":\"Person\",\"@id\":\"https:\\\/\\\/www.actvism.org\\\/#\\\/schema\\\/person\\\/bc2c8684912eb2289fe0009f5ca451d6\",\"name\":\"atv_admin\",\"image\":{\"@type\":\"ImageObject\",\"inLanguage\":\"en-US\",\"@id\":\"https:\\\/\\\/secure.gravatar.com\\\/avatar\\\/53465926e4246ee1b807a849c23197531fd45c1bcd02682ada54ddb12eaa7a6d?s=96&d=mm&r=g\",\"url\":\"https:\\\/\\\/secure.gravatar.com\\\/avatar\\\/53465926e4246ee1b807a849c23197531fd45c1bcd02682ada54ddb12eaa7a6d?s=96&d=mm&r=g\",\"contentUrl\":\"https:\\\/\\\/secure.gravatar.com\\\/avatar\\\/53465926e4246ee1b807a849c23197531fd45c1bcd02682ada54ddb12eaa7a6d?s=96&d=mm&r=g\",\"caption\":\"atv_admin\"},\"url\":\"https:\\\/\\\/www.actvism.org\\\/en\\\/author\\\/atv_admin\\\/\"}]}<\/script>\n<!-- \/ Yoast SEO plugin. -->","yoast_head_json":{"title":"Israel hat in Gaza mehr Journalisten get\u00f6tet als in jedem anderen Krieg in der Geschichte - acTVism","robots":{"index":"index","follow":"follow","max-snippet":"max-snippet:-1","max-image-preview":"max-image-preview:large","max-video-preview":"max-video-preview:-1"},"canonical":"https:\/\/www.actvism.org\/latest\/israel-gaza-journalisten-getoetet\/","og_locale":"en_US","og_type":"article","og_title":"Israel hat in Gaza mehr Journalisten get\u00f6tet als in jedem anderen Krieg in der Geschichte","og_description":"In der ersten Aprilwoche hat Israel erneut Journalisten in Gaza get\u00f6tet, und zwar nicht als so genannte Kollateralsch\u00e4den, sondern als Teil einer geplanten Politik der T\u00f6tung, Verletzung und Verhaftung von Journalisten in Gaza, die darauf abzielt, die Pal\u00e4stinenser zum Schweigen zu bringen und zu verhindern, dass die Fakten \u00fcber Israels V\u00f6lkermord in Gaza an die \u00d6ffentlichkeit gelangen. Zwei aktuelle Studien haben ergeben, dass Israel in Gaza mehr Journalisten als in jedem anderen Krieg der Geschichte get\u00f6tet hat. Die internationalen Medien schwanken zwischen kollegialer Solidarit\u00e4t mit den Journalisten in Gaza auf der einen Seite und einer stark pro-israelischen redaktionellen Ausrichtung auf der anderen Seite. Bislang hatte die gezielte T\u00f6tung von Journalisten f\u00fcr Israel noch keine konkreten Konsequenzen.","og_url":"https:\/\/www.actvism.org\/latest\/israel-gaza-journalisten-getoetet\/","og_site_name":"acTVism","article_publisher":"https:\/\/facebook.com\/acTVism","article_published_time":"2025-04-20T12:20:43+00:00","article_modified_time":"2025-04-20T12:20:44+00:00","og_image":[{"width":1920,"height":1080,"url":"https:\/\/www.actvism.org\/wp-content\/uploads\/2025\/04\/1995-Design-1024x576.jpg","type":"image\/jpeg"}],"author":"atv_admin","twitter_card":"summary_large_image","twitter_creator":"@acTVismMunich","twitter_site":"@acTVismMunich","twitter_misc":{"Written by":"atv_admin","Est. reading time":"3 minutes"},"schema":{"@context":"https:\/\/schema.org","@graph":[{"@type":"Article","@id":"https:\/\/www.actvism.org\/latest\/israel-gaza-journalisten-getoetet\/#article","isPartOf":{"@id":"https:\/\/www.actvism.org\/latest\/israel-gaza-journalisten-getoetet\/"},"author":{"name":"atv_admin","@id":"https:\/\/www.actvism.org\/#\/schema\/person\/bc2c8684912eb2289fe0009f5ca451d6"},"headline":"Israel hat in Gaza mehr Journalisten get\u00f6tet als in jedem anderen Krieg in der Geschichte","datePublished":"2025-04-20T12:20:43+00:00","dateModified":"2025-04-20T12:20:44+00:00","mainEntityOfPage":{"@id":"https:\/\/www.actvism.org\/latest\/israel-gaza-journalisten-getoetet\/"},"wordCount":808,"commentCount":0,"publisher":{"@id":"https:\/\/www.actvism.org\/#organization"},"image":{"@id":"https:\/\/www.actvism.org\/latest\/israel-gaza-journalisten-getoetet\/#primaryimage"},"thumbnailUrl":"https:\/\/www.actvism.org\/wp-content\/uploads\/2025\/04\/1995-Design.jpg","keywords":["Al Jazeera","Associated Press","censur","der freitag","deutsche medien","die zeit","faz","Gaza","gaza strip","gazastreifen","Genozid","hamas","IDF","Israel","israelische milit\u00e4r","journalism","journalismus","Junge Welt","Nachdenkseiten","New York Times","palestine today","Pressefreiheit","s\u00fcddeutsche Zeitung","sz","taz","terrorismus","United States","USA","volkermord","volkerm\u00f6rd","zensur"],"articleSection":["LATEST"],"inLanguage":"en-US","potentialAction":[{"@type":"CommentAction","name":"Comment","target":["https:\/\/www.actvism.org\/latest\/israel-gaza-journalisten-getoetet\/#respond"]}]},{"@type":"WebPage","@id":"https:\/\/www.actvism.org\/latest\/israel-gaza-journalisten-getoetet\/","url":"https:\/\/www.actvism.org\/latest\/israel-gaza-journalisten-getoetet\/","name":"Israel hat in Gaza mehr Journalisten get\u00f6tet als in jedem anderen Krieg in der Geschichte - acTVism","isPartOf":{"@id":"https:\/\/www.actvism.org\/#website"},"primaryImageOfPage":{"@id":"https:\/\/www.actvism.org\/latest\/israel-gaza-journalisten-getoetet\/#primaryimage"},"image":{"@id":"https:\/\/www.actvism.org\/latest\/israel-gaza-journalisten-getoetet\/#primaryimage"},"thumbnailUrl":"https:\/\/www.actvism.org\/wp-content\/uploads\/2025\/04\/1995-Design.jpg","datePublished":"2025-04-20T12:20:43+00:00","dateModified":"2025-04-20T12:20:44+00:00","inLanguage":"en-US","potentialAction":[{"@type":"ReadAction","target":["https:\/\/www.actvism.org\/latest\/israel-gaza-journalisten-getoetet\/"]}]},{"@type":"ImageObject","inLanguage":"en-US","@id":"https:\/\/www.actvism.org\/latest\/israel-gaza-journalisten-getoetet\/#primaryimage","url":"https:\/\/www.actvism.org\/wp-content\/uploads\/2025\/04\/1995-Design.jpg","contentUrl":"https:\/\/www.actvism.org\/wp-content\/uploads\/2025\/04\/1995-Design.jpg","width":1920,"height":1080,"caption":"Israel hat in Gaza mehr Journalisten get\u00f6tet als in jedem anderen Krieg in der Geschichte"},{"@type":"WebSite","@id":"https:\/\/www.actvism.org\/#website","url":"https:\/\/www.actvism.org\/","name":"acTVism","description":"information that moves","publisher":{"@id":"https:\/\/www.actvism.org\/#organization"},"potentialAction":[{"@type":"SearchAction","target":{"@type":"EntryPoint","urlTemplate":"https:\/\/www.actvism.org\/?s={search_term_string}"},"query-input":{"@type":"PropertyValueSpecification","valueRequired":true,"valueName":"search_term_string"}}],"inLanguage":"en-US"},{"@type":"Organization","@id":"https:\/\/www.actvism.org\/#organization","name":"acTVism Munich e.V.","url":"https:\/\/www.actvism.org\/","logo":{"@type":"ImageObject","inLanguage":"en-US","@id":"https:\/\/www.actvism.org\/#\/schema\/logo\/image\/","url":"https:\/\/www.actvism.org\/wp-content\/uploads\/2020\/11\/logo.svg","contentUrl":"https:\/\/www.actvism.org\/wp-content\/uploads\/2020\/11\/logo.svg","width":200,"height":57,"caption":"acTVism Munich e.V."},"image":{"@id":"https:\/\/www.actvism.org\/#\/schema\/logo\/image\/"},"sameAs":["https:\/\/facebook.com\/acTVism","https:\/\/x.com\/acTVismMunich"]},{"@type":"Person","@id":"https:\/\/www.actvism.org\/#\/schema\/person\/bc2c8684912eb2289fe0009f5ca451d6","name":"atv_admin","image":{"@type":"ImageObject","inLanguage":"en-US","@id":"https:\/\/secure.gravatar.com\/avatar\/53465926e4246ee1b807a849c23197531fd45c1bcd02682ada54ddb12eaa7a6d?s=96&d=mm&r=g","url":"https:\/\/secure.gravatar.com\/avatar\/53465926e4246ee1b807a849c23197531fd45c1bcd02682ada54ddb12eaa7a6d?s=96&d=mm&r=g","contentUrl":"https:\/\/secure.gravatar.com\/avatar\/53465926e4246ee1b807a849c23197531fd45c1bcd02682ada54ddb12eaa7a6d?s=96&d=mm&r=g","caption":"atv_admin"},"url":"https:\/\/www.actvism.org\/en\/author\/atv_admin\/"}]}},"_links":{"self":[{"href":"https:\/\/www.actvism.org\/en\/wp-json\/wp\/v2\/posts\/12893","targetHints":{"allow":["GET"]}}],"collection":[{"href":"https:\/\/www.actvism.org\/en\/wp-json\/wp\/v2\/posts"}],"about":[{"href":"https:\/\/www.actvism.org\/en\/wp-json\/wp\/v2\/types\/post"}],"author":[{"embeddable":true,"href":"https:\/\/www.actvism.org\/en\/wp-json\/wp\/v2\/users\/1"}],"replies":[{"embeddable":true,"href":"https:\/\/www.actvism.org\/en\/wp-json\/wp\/v2\/comments?post=12893"}],"version-history":[{"count":0,"href":"https:\/\/www.actvism.org\/en\/wp-json\/wp\/v2\/posts\/12893\/revisions"}],"wp:featuredmedia":[{"embeddable":true,"href":"https:\/\/www.actvism.org\/en\/wp-json\/wp\/v2\/media\/12894"}],"wp:attachment":[{"href":"https:\/\/www.actvism.org\/en\/wp-json\/wp\/v2\/media?parent=12893"}],"wp:term":[{"taxonomy":"category","embeddable":true,"href":"https:\/\/www.actvism.org\/en\/wp-json\/wp\/v2\/categories?post=12893"},{"taxonomy":"post_tag","embeddable":true,"href":"https:\/\/www.actvism.org\/en\/wp-json\/wp\/v2\/tags?post=12893"},{"taxonomy":"channel","embeddable":true,"href":"https:\/\/www.actvism.org\/en\/wp-json\/wp\/v2\/channel?post=12893"}],"curies":[{"name":"wp","href":"https:\/\/api.w.org\/{rel}","templated":true}]}}