{"id":12954,"date":"2025-05-07T09:33:52","date_gmt":"2025-05-07T07:33:52","guid":{"rendered":"https:\/\/www.actvism.org\/?p=12954"},"modified":"2025-05-07T09:35:54","modified_gmt":"2025-05-07T07:35:54","slug":"antisemitismus-universitaeten-wissenschaftler","status":"publish","type":"post","link":"https:\/\/www.actvism.org\/en\/latest\/antisemitismus-universitaeten-wissenschaftler\/","title":{"rendered":"Jewish Academics DEBUNK \u201cWidespread Campus Antisemitism\u201d Narrative"},"content":{"rendered":"<div class=\"container\" data-sal=\"slide-up\" data-sal-easing=\"ease-in-out\" data-sal-delay=\"200\"><div class=\"row justify-content-md-center pb-3\"><div class=\"cnt_col\">\n<hr class=\"wp-block-separator has-css-opacity wp-embed-aspect-16-9 wp-has-aspect-ratio\"\/>\n<\/div><\/div><\/div>\n\n<div class=\"container\" data-sal=\"slide-up\" data-sal-easing=\"ease-in-out\" data-sal-delay=\"200\"><div class=\"row justify-content-md-center pb-3\"><div class=\"cnt_col\">\n<p class=\"wp-embed-aspect-16-9 wp-has-aspect-ratio\">We are transitioning away from YouTube. Be sure to subscribe to the following channels to stay updated with our journalism:<\/p>\n<\/div><\/div><\/div>\n\n<div class=\"container\" data-sal=\"slide-up\" data-sal-easing=\"ease-in-out\" data-sal-delay=\"200\"><div class=\"row justify-content-md-center pb-3\"><div class=\"cnt_col\">\n<p class=\"wp-embed-aspect-16-9 wp-has-aspect-ratio\">\u25ba<a rel=\"noreferrer noopener\" href=\"https:\/\/rumble.com\/c\/acTVismMunich\" target=\"_blank\">&nbsp;RUMBLE<\/a><br>\u25ba&nbsp;<a rel=\"noreferrer noopener\" href=\"https:\/\/t.me\/acTVismMunich\" target=\"_blank\">TELEGRAM<\/a><\/p>\n<\/div><\/div><\/div>\n\n<div class=\"container\" data-sal=\"slide-up\" data-sal-easing=\"ease-in-out\" data-sal-delay=\"200\"><div class=\"row justify-content-md-center pb-3\"><div class=\"cnt_col\">\n<hr class=\"wp-block-separator has-css-opacity wp-embed-aspect-16-9 wp-has-aspect-ratio\"\/>\n<\/div><\/div><\/div>\n\n<div class=\"container\" data-sal=\"slide-up\" data-sal-easing=\"ease-in-out\" data-sal-delay=\"200\"><div class=\"row justify-content-md-center pb-3\"><div class=\"cnt_col\">\n<p class=\"wp-embed-aspect-16-9 wp-has-aspect-ratio\">In this video, Pulitzer Prize-winning journalist Glenn Greenwald talks to two of three Jewish academics about an article they wrote that challenges the narrative of a widespread &nbsp;anti-Semitism crisis at US universities. The scholars say that this narrative is being used to justify restrictions on civil liberties and academic freedom, and that they do not observe such a widespread crisis at the universities where they work.<\/p>\n<\/div><\/div><\/div>\n\n<div class=\"container\" data-sal=\"slide-up\" data-sal-easing=\"ease-in-out\" data-sal-delay=\"200\"><div class=\"row justify-content-md-center pb-3\"><div class=\"cnt_col\">\n<p class=\"wp-embed-aspect-16-9 wp-has-aspect-ratio\">This video was produced by System Update and published on the Glenn Greenwald YouTube channel on the 1st of May, 2025. <\/p>\n<\/div><\/div><\/div>\n\n<div class=\"container\" data-sal=\"slide-up\" data-sal-easing=\"ease-in-out\" data-sal-delay=\"200\"><div class=\"row justify-content-md-center pb-3\"><div class=\"cnt_col\">\n<p class=\"wp-embed-aspect-16-9 wp-has-aspect-ratio\">To read the transcript of the interview: <strong><a href=\"https:\/\/www.actvism.org\/wp-content\/uploads\/2025\/05\/Jewish-Academics-DEBUNK-Widespread-Campus-Antisemitism-Narrative.docx.pdf\">Jewish Academics DEBUNK \u201cWidespread Campus Antisemitism\u201d Narrative<\/a><\/strong><\/p>\n<\/div><\/div><\/div>\n\n<div class=\"container\" data-sal=\"slide-up\" data-sal-easing=\"ease-in-out\" data-sal-delay=\"200\"><div class=\"row justify-content-md-center pb-3\"><div class=\"cnt_col\">\n<hr class=\"wp-block-separator has-css-opacity wp-embed-aspect-16-9 wp-has-aspect-ratio\"\/>\n<\/div><\/div><\/div>\n\n<div class=\"container\" data-sal=\"slide-up\" data-sal-easing=\"ease-in-out\" data-sal-delay=\"200\"><div class=\"row justify-content-md-center pb-3\"><div class=\"cnt_col\">\n<h2 class=\"wp-block-heading wp-embed-aspect-16-9 wp-has-aspect-ratio\">VIDEO: <strong>Jewish Academics DEBUNK \u201cWidespread Campus Antisemitism\u201d Narrative<\/strong><\/h2>\n<\/div><\/div><\/div>\n\n<div class=\"container\" data-sal=\"slide-up\" data-sal-easing=\"ease-in-out\" data-sal-delay=\"200\"><div class=\"row justify-content-md-center pb-3\"><div class=\"cnt_col\">\n<figure class=\"wp-block-embed is-type-wp-embed is-provider-rumble-com wp-block-embed-rumble-com\"><div class=\"wp-block-embed__wrapper\">\n<iframe loading=\"lazy\" class=\"wp-embedded-content\" sandbox=\"allow-scripts\" security=\"restricted\" title=\"Rapid Fire: Canada Elections, Dem&amp;apos;s Sit-In, Israeli Taking Points Escalate; PLUS: Jewish Academics Push-Back on Antisemitism Claims | SYSTEM UPDATE #445\" src=\"https:\/\/rumble.com\/embed\/v6qk1rr\/#?secret=Ull9iwfwsP\" data-secret=\"Ull9iwfwsP\" width=\"1920\" height=\"1080\" frameborder=\"0\"><\/iframe>\n<\/div><\/figure>\n<\/div><\/div><\/div>\n\n<div class=\"container\" data-sal=\"slide-up\" data-sal-easing=\"ease-in-out\" data-sal-delay=\"200\"><div class=\"row justify-content-md-center pb-3\"><div class=\"cnt_col\">\n<hr class=\"wp-block-separator has-css-opacity wp-embed-aspect-16-9 wp-has-aspect-ratio\"\/>\n<\/div><\/div><\/div>\n\n<div class=\"container\" data-sal=\"slide-up\" data-sal-easing=\"ease-in-out\" data-sal-delay=\"200\"><div class=\"row justify-content-md-center pb-3\"><div class=\"cnt_col\">\n<p class=\"wp-embed-aspect-16-9 wp-has-aspect-ratio\">About our import program: In this program, we publish content from external authors, activists and journalists. This includes both international and local content that, in our editorial opinion, is not sufficiently covered in the media landscape. The content does not necessarily reflect acTVism Munich\u2019s own editorial stance.<\/p>\n<\/div><\/div><\/div>\n\n<div class=\"container\" data-sal=\"slide-up\" data-sal-easing=\"ease-in-out\" data-sal-delay=\"200\"><div class=\"row justify-content-md-center pb-3\"><div class=\"cnt_col\">\n<hr class=\"wp-block-separator has-css-opacity wp-embed-aspect-16-9 wp-has-aspect-ratio\"\/>\n<\/div><\/div><\/div>\n\n<div class=\"container\" data-sal=\"slide-up\" data-sal-easing=\"ease-in-out\" data-sal-delay=\"200\"><div class=\"row justify-content-md-center pb-3\"><div class=\"cnt_col\">\n<h2 class=\"wp-block-heading\">Donate today to support independent &amp; non-profit media!<\/h2>\n<\/div><\/div><\/div>\n\n<div class=\"container\" data-sal=\"slide-up\" data-sal-easing=\"ease-in-out\" data-sal-delay=\"200\"><div class=\"row justify-content-md-center pb-3\"><div class=\"cnt_col\">\n<p><a rel=\"noopener noreferrer\" href=\"https:\/\/www.actvism.org\/en\/donate\/\" target=\"_blank\">Click here<\/a> or on the picture below:<\/p>\n<\/div><\/div><\/div>\n\n<div class=\"d-flex justify-content-center pb-3 sal\" data-sal=\"slide-up\" data-sal-easing=\"ease-in-out\" data-sal-delay=\"200\">\n<figure class=\"wp-block-image size-full\"><a href=\"https:\/\/www.actvism.org\/en\/donate\/\"><img loading=\"lazy\" decoding=\"async\" width=\"700\" height=\"233\" src=\"https:\/\/www.actvism.org\/wp-content\/uploads\/2021\/12\/28_acTVism_Webseite_Donation-Image_EN_700x233px_Future-1-1.jpg\" alt=\"\" class=\"wp-image-8883\" srcset=\"https:\/\/www.actvism.org\/wp-content\/uploads\/2021\/12\/28_acTVism_Webseite_Donation-Image_EN_700x233px_Future-1-1.jpg 700w, https:\/\/www.actvism.org\/wp-content\/uploads\/2021\/12\/28_acTVism_Webseite_Donation-Image_EN_700x233px_Future-1-1-300x100.jpg 300w\" sizes=\"auto, (max-width: 700px) 100vw, 700px\" \/><\/a><\/figure>\n<\/div>\n\n<div class=\"container\" data-sal=\"slide-up\" data-sal-easing=\"ease-in-out\" data-sal-delay=\"200\"><div class=\"row justify-content-md-center pb-3\"><div class=\"cnt_col\">\n<hr class=\"wp-block-separator has-css-opacity wp-embed-aspect-16-9 wp-has-aspect-ratio\"\/>\n<\/div><\/div><\/div>\n\n<div class=\"container\" data-sal=\"slide-up\" data-sal-easing=\"ease-in-out\" data-sal-delay=\"200\"><div class=\"row justify-content-md-center pb-3\"><div class=\"cnt_col\">\n<h2 class=\"wp-block-heading wp-embed-aspect-16-9 wp-has-aspect-ratio\">ABOUT PROFESSOR MEYERHOFF<\/h2>\n<\/div><\/div><\/div>\n\n<div class=\"container\" data-sal=\"slide-up\" data-sal-easing=\"ease-in-out\" data-sal-delay=\"200\"><div class=\"row justify-content-md-center pb-3\"><div class=\"cnt_col\">\n<p class=\"wp-embed-aspect-16-9 wp-has-aspect-ratio\">Professor Meyerhoff is the programme coordinator at Duke University&#8217;s John Hope Franklin Humanities Institute in addition to serving as the lab manager of FHI&#8217;s Amazon Lab and Manuscript Migration Lab<em>&nbsp;<\/em><\/p>\n<\/div><\/div><\/div>\n\n<div class=\"container\" data-sal=\"slide-up\" data-sal-easing=\"ease-in-out\" data-sal-delay=\"200\"><div class=\"row justify-content-md-center pb-3\"><div class=\"cnt_col\">\n<h2 class=\"wp-block-heading wp-embed-aspect-16-9 wp-has-aspect-ratio\">ABOUT EMILY SCHNEIDER<\/h2>\n<\/div><\/div><\/div>\n\n<div class=\"container\" data-sal=\"slide-up\" data-sal-easing=\"ease-in-out\" data-sal-delay=\"200\"><div class=\"row justify-content-md-center pb-3\"><div class=\"cnt_col\">\n<p class=\"wp-embed-aspect-16-9 wp-has-aspect-ratio\">Emily Schneider is an assistant professor in the department of Criminology and Criminal Justice at Northern Arizona University.<\/p>\n<\/div><\/div><\/div>\n\n<div class=\"container\" data-sal=\"slide-up\" data-sal-easing=\"ease-in-out\" data-sal-delay=\"200\"><div class=\"row justify-content-md-center pb-3\"><div class=\"cnt_col\">\n<hr class=\"wp-block-separator has-alpha-channel-opacity wp-embed-aspect-16-9 wp-has-aspect-ratio\"\/>\n<\/div><\/div><\/div>","protected":false},"excerpt":{"rendered":"<p>We are transitioning away from YouTube. Be sure to subscribe to the following channels to stay updated with our journalism: \u25ba&nbsp;RUMBLE\u25ba&nbsp;TELEGRAM In this video, Pulitzer Prize-winning journalist Glenn Greenwald talks to two of three Jewish academics about an article they wrote that challenges the narrative of a widespread &nbsp;anti-Semitism crisis at US universities. The scholars [&hellip;]<\/p>\n","protected":false},"author":1,"featured_media":12958,"comment_status":"open","ping_status":"open","sticky":false,"template":"","format":"standard","meta":{"_acf_changed":true,"inline_featured_image":false,"footnotes":""},"categories":[1],"tags":[23600,23748,23750,23604,21820,21363,22201,23745,610,23755,21822,20986,23385,23754,23758,967,23756,404,21295,776,775,71,21352,260,21424,23746,21868,21871,23736,22574,22694,22124,23751,21961,22360,21214,21962,22921,395,21752,23749,23757,21147,80,23753,23752,23496,322,22126,21723,23747,20987],"channel":[20955],"class_list":["post-12954","post","type-post","status-publish","format-standard","has-post-thumbnail","hentry","category-latest","tag-academic-freedom","tag-akademische-freiheit","tag-anti-israel","tag-anti-semitism","tag-antisemitisch","tag-antisemitism","tag-antisemitismus","tag-antisemtism","tag-antisemtismus","tag-buergerlichen-freiheiten","tag-censor","tag-censorship","tag-censur","tag-civi-liberties","tag-emily-schneider","tag-freiheit","tag-freiheiten","tag-gaza","tag-gazastreifen","tag-genocide","tag-genozid","tag-glenn-greenwald","tag-hamas","tag-israel","tag-israel-apartheid","tag-israel-criticism","tag-israel-genocide","tag-israel-genozid","tag-israel-kritik","tag-israel-politics","tag-israel-volkermord","tag-israel-voelkermord","tag-jewish-students","tag-jews","tag-jude","tag-juden","tag-judentum","tag-online-censorship","tag-palaestina","tag-palestina","tag-pro-palestine","tag-prof-meyerhoff","tag-redefreiheit","tag-united-states","tag-universitaeten","tag-universities","tag-university","tag-usa","tag-volkermord","tag-voelkermord","tag-woke","tag-zensur","channel-import"],"translation":{"provider":"WPGlobus","version":"3.0.0","language":"en","enabled_languages":["de","en"],"languages":{"de":{"title":true,"content":true,"excerpt":false},"en":{"title":true,"content":true,"excerpt":false}}},"acf":[],"yoast_head":"<!-- This site is optimized with the Yoast SEO plugin v27.4 - https:\/\/yoast.com\/product\/yoast-seo-wordpress\/ -->\n<title>Jewish Academics DEBUNK \u201cWidespread Campus Antisemitism\u201d Narrative - acTVism<\/title>\n<meta name=\"robots\" content=\"index, follow, max-snippet:-1, max-image-preview:large, max-video-preview:-1\" \/>\n<link rel=\"canonical\" href=\"https:\/\/www.actvism.org\/latest\/antisemitismus-universitaeten-wissenschaftler\/\" \/>\n<meta property=\"og:locale\" content=\"en_US\" \/>\n<meta property=\"og:type\" content=\"article\" \/>\n<meta property=\"og:title\" content=\"Jewish Academics DEBUNK \u201cWidespread Campus Antisemitism\u201d Narrative\" \/>\n<meta property=\"og:description\" content=\"In this video, Pulitzer Prize-winning journalist Glenn Greenwald discusses an article written by three Jewish academics, Eli Meyerhoff, Emily Schneider, and Brooke Lober, which challenges the narrative of a widespread anti-Semitism crisis on college campuses in the United States. The academics argue that this narrative is being used to justify erosions of civil liberties and academic freedom, and that they have not observed such a crisis on the campuses where they work.\u00a0\" \/>\n<meta property=\"og:url\" content=\"https:\/\/www.actvism.org\/latest\/antisemitismus-universitaeten-wissenschaftler\/\" \/>\n<meta property=\"og:site_name\" content=\"acTVism\" \/>\n<meta property=\"article:publisher\" content=\"https:\/\/facebook.com\/acTVism\" \/>\n<meta property=\"article:published_time\" content=\"2025-05-07T07:33:52+00:00\" \/>\n<meta property=\"article:modified_time\" content=\"2025-05-07T07:35:54+00:00\" \/>\n<meta property=\"og:image\" content=\"https:\/\/www.actvism.org\/wp-content\/uploads\/2025\/05\/2006-Design-1024x576.jpg\" \/>\n\t<meta property=\"og:image:width\" content=\"1920\" \/>\n\t<meta property=\"og:image:height\" content=\"1080\" \/>\n\t<meta property=\"og:image:type\" content=\"image\/jpeg\" \/>\n<meta name=\"author\" content=\"atv_admin\" \/>\n<meta name=\"twitter:card\" content=\"summary_large_image\" \/>\n<meta name=\"twitter:creator\" content=\"@acTVismMunich\" \/>\n<meta name=\"twitter:site\" content=\"@acTVismMunich\" \/>\n<meta name=\"twitter:label1\" content=\"Written by\" \/>\n\t<meta name=\"twitter:data1\" content=\"atv_admin\" \/>\n\t<meta name=\"twitter:label2\" content=\"Est. reading time\" \/>\n\t<meta name=\"twitter:data2\" content=\"2 minutes\" \/>\n<script type=\"application\/ld+json\" class=\"yoast-schema-graph\">{\"@context\":\"https:\\\/\\\/schema.org\",\"@graph\":[{\"@type\":\"Article\",\"@id\":\"https:\\\/\\\/www.actvism.org\\\/latest\\\/antisemitismus-universitaeten-wissenschaftler\\\/#article\",\"isPartOf\":{\"@id\":\"https:\\\/\\\/www.actvism.org\\\/latest\\\/antisemitismus-universitaeten-wissenschaftler\\\/\"},\"author\":{\"name\":\"atv_admin\",\"@id\":\"https:\\\/\\\/www.actvism.org\\\/#\\\/schema\\\/person\\\/bc2c8684912eb2289fe0009f5ca451d6\"},\"headline\":\"Jewish Academics DEBUNK \u201cWidespread Campus Antisemitism\u201d Narrative\",\"datePublished\":\"2025-05-07T07:33:52+00:00\",\"dateModified\":\"2025-05-07T07:35:54+00:00\",\"mainEntityOfPage\":{\"@id\":\"https:\\\/\\\/www.actvism.org\\\/latest\\\/antisemitismus-universitaeten-wissenschaftler\\\/\"},\"wordCount\":561,\"commentCount\":0,\"publisher\":{\"@id\":\"https:\\\/\\\/www.actvism.org\\\/#organization\"},\"image\":{\"@id\":\"https:\\\/\\\/www.actvism.org\\\/latest\\\/antisemitismus-universitaeten-wissenschaftler\\\/#primaryimage\"},\"thumbnailUrl\":\"https:\\\/\\\/www.actvism.org\\\/wp-content\\\/uploads\\\/2025\\\/05\\\/2006-Design-1.jpg\",\"keywords\":[\"academic freedom\",\"akademische freiheit\",\"anti israel\",\"anti-semitism\",\"Antisemitisch\",\"antisemitism\",\"antisemitismus\",\"antisemtism\",\"antisemtismus\",\"b\u00fcrgerlichen freiheiten\",\"censor\",\"censorship\",\"censur\",\"civi liberties\",\"EMILY SCHNEIDER\",\"freiheit\",\"freiheiten\",\"Gaza\",\"gazastreifen\",\"Genocide\",\"Genozid\",\"Glenn Greenwald\",\"hamas\",\"Israel\",\"israel apartheid\",\"israel criticism\",\"israel genocide\",\"israel genozid\",\"israel kritik\",\"israel politics\",\"israel volkermord\",\"israel v\u00f6lkermord\",\"jewish students\",\"jews\",\"jude\",\"juden\",\"judentum\",\"online censorship\",\"Pal\u00e4stina\",\"palestina\",\"pro palestine\",\"PROF. MEYERHOFF\",\"redefreiheit\",\"United States\",\"universit\u00e4ten\",\"universities\",\"university\",\"USA\",\"volkermord\",\"v\u00f6lkermord\",\"woke\",\"zensur\"],\"articleSection\":[\"LATEST\"],\"inLanguage\":\"en-US\",\"potentialAction\":[{\"@type\":\"CommentAction\",\"name\":\"Comment\",\"target\":[\"https:\\\/\\\/www.actvism.org\\\/latest\\\/antisemitismus-universitaeten-wissenschaftler\\\/#respond\"]}]},{\"@type\":\"WebPage\",\"@id\":\"https:\\\/\\\/www.actvism.org\\\/latest\\\/antisemitismus-universitaeten-wissenschaftler\\\/\",\"url\":\"https:\\\/\\\/www.actvism.org\\\/latest\\\/antisemitismus-universitaeten-wissenschaftler\\\/\",\"name\":\"Jewish Academics DEBUNK \u201cWidespread Campus Antisemitism\u201d Narrative - acTVism\",\"isPartOf\":{\"@id\":\"https:\\\/\\\/www.actvism.org\\\/#website\"},\"primaryImageOfPage\":{\"@id\":\"https:\\\/\\\/www.actvism.org\\\/latest\\\/antisemitismus-universitaeten-wissenschaftler\\\/#primaryimage\"},\"image\":{\"@id\":\"https:\\\/\\\/www.actvism.org\\\/latest\\\/antisemitismus-universitaeten-wissenschaftler\\\/#primaryimage\"},\"thumbnailUrl\":\"https:\\\/\\\/www.actvism.org\\\/wp-content\\\/uploads\\\/2025\\\/05\\\/2006-Design-1.jpg\",\"datePublished\":\"2025-05-07T07:33:52+00:00\",\"dateModified\":\"2025-05-07T07:35:54+00:00\",\"inLanguage\":\"en-US\",\"potentialAction\":[{\"@type\":\"ReadAction\",\"target\":[\"https:\\\/\\\/www.actvism.org\\\/latest\\\/antisemitismus-universitaeten-wissenschaftler\\\/\"]}]},{\"@type\":\"ImageObject\",\"inLanguage\":\"en-US\",\"@id\":\"https:\\\/\\\/www.actvism.org\\\/latest\\\/antisemitismus-universitaeten-wissenschaftler\\\/#primaryimage\",\"url\":\"https:\\\/\\\/www.actvism.org\\\/wp-content\\\/uploads\\\/2025\\\/05\\\/2006-Design-1.jpg\",\"contentUrl\":\"https:\\\/\\\/www.actvism.org\\\/wp-content\\\/uploads\\\/2025\\\/05\\\/2006-Design-1.jpg\",\"width\":1920,\"height\":1080,\"caption\":\"J\u00fcdische Wissenschaftler widerlegen Narrativ vom \u201eweit verbreiteten Antisemitismus an Universit\u00e4ten\u201c\"},{\"@type\":\"WebSite\",\"@id\":\"https:\\\/\\\/www.actvism.org\\\/#website\",\"url\":\"https:\\\/\\\/www.actvism.org\\\/\",\"name\":\"acTVism\",\"description\":\"information that moves\",\"publisher\":{\"@id\":\"https:\\\/\\\/www.actvism.org\\\/#organization\"},\"potentialAction\":[{\"@type\":\"SearchAction\",\"target\":{\"@type\":\"EntryPoint\",\"urlTemplate\":\"https:\\\/\\\/www.actvism.org\\\/?s={search_term_string}\"},\"query-input\":{\"@type\":\"PropertyValueSpecification\",\"valueRequired\":true,\"valueName\":\"search_term_string\"}}],\"inLanguage\":\"en-US\"},{\"@type\":\"Organization\",\"@id\":\"https:\\\/\\\/www.actvism.org\\\/#organization\",\"name\":\"acTVism Munich e.V.\",\"url\":\"https:\\\/\\\/www.actvism.org\\\/\",\"logo\":{\"@type\":\"ImageObject\",\"inLanguage\":\"en-US\",\"@id\":\"https:\\\/\\\/www.actvism.org\\\/#\\\/schema\\\/logo\\\/image\\\/\",\"url\":\"https:\\\/\\\/www.actvism.org\\\/wp-content\\\/uploads\\\/2020\\\/11\\\/logo.svg\",\"contentUrl\":\"https:\\\/\\\/www.actvism.org\\\/wp-content\\\/uploads\\\/2020\\\/11\\\/logo.svg\",\"width\":200,\"height\":57,\"caption\":\"acTVism Munich e.V.\"},\"image\":{\"@id\":\"https:\\\/\\\/www.actvism.org\\\/#\\\/schema\\\/logo\\\/image\\\/\"},\"sameAs\":[\"https:\\\/\\\/facebook.com\\\/acTVism\",\"https:\\\/\\\/x.com\\\/acTVismMunich\"]},{\"@type\":\"Person\",\"@id\":\"https:\\\/\\\/www.actvism.org\\\/#\\\/schema\\\/person\\\/bc2c8684912eb2289fe0009f5ca451d6\",\"name\":\"atv_admin\",\"image\":{\"@type\":\"ImageObject\",\"inLanguage\":\"en-US\",\"@id\":\"https:\\\/\\\/secure.gravatar.com\\\/avatar\\\/53465926e4246ee1b807a849c23197531fd45c1bcd02682ada54ddb12eaa7a6d?s=96&d=mm&r=g\",\"url\":\"https:\\\/\\\/secure.gravatar.com\\\/avatar\\\/53465926e4246ee1b807a849c23197531fd45c1bcd02682ada54ddb12eaa7a6d?s=96&d=mm&r=g\",\"contentUrl\":\"https:\\\/\\\/secure.gravatar.com\\\/avatar\\\/53465926e4246ee1b807a849c23197531fd45c1bcd02682ada54ddb12eaa7a6d?s=96&d=mm&r=g\",\"caption\":\"atv_admin\"},\"url\":\"https:\\\/\\\/www.actvism.org\\\/en\\\/author\\\/atv_admin\\\/\"}]}<\/script>\n<!-- \/ Yoast SEO plugin. -->","yoast_head_json":{"title":"Jewish Academics DEBUNK \u201cWidespread Campus Antisemitism\u201d Narrative - acTVism","robots":{"index":"index","follow":"follow","max-snippet":"max-snippet:-1","max-image-preview":"max-image-preview:large","max-video-preview":"max-video-preview:-1"},"canonical":"https:\/\/www.actvism.org\/latest\/antisemitismus-universitaeten-wissenschaftler\/","og_locale":"en_US","og_type":"article","og_title":"Jewish Academics DEBUNK \u201cWidespread Campus Antisemitism\u201d Narrative","og_description":"In this video, Pulitzer Prize-winning journalist Glenn Greenwald discusses an article written by three Jewish academics, Eli Meyerhoff, Emily Schneider, and Brooke Lober, which challenges the narrative of a widespread anti-Semitism crisis on college campuses in the United States. The academics argue that this narrative is being used to justify erosions of civil liberties and academic freedom, and that they have not observed such a crisis on the campuses where they work.\u00a0","og_url":"https:\/\/www.actvism.org\/latest\/antisemitismus-universitaeten-wissenschaftler\/","og_site_name":"acTVism","article_publisher":"https:\/\/facebook.com\/acTVism","article_published_time":"2025-05-07T07:33:52+00:00","article_modified_time":"2025-05-07T07:35:54+00:00","og_image":[{"width":1920,"height":1080,"url":"https:\/\/www.actvism.org\/wp-content\/uploads\/2025\/05\/2006-Design-1024x576.jpg","type":"image\/jpeg"}],"author":"atv_admin","twitter_card":"summary_large_image","twitter_creator":"@acTVismMunich","twitter_site":"@acTVismMunich","twitter_misc":{"Written by":"atv_admin","Est. reading time":"2 minutes"},"schema":{"@context":"https:\/\/schema.org","@graph":[{"@type":"Article","@id":"https:\/\/www.actvism.org\/latest\/antisemitismus-universitaeten-wissenschaftler\/#article","isPartOf":{"@id":"https:\/\/www.actvism.org\/latest\/antisemitismus-universitaeten-wissenschaftler\/"},"author":{"name":"atv_admin","@id":"https:\/\/www.actvism.org\/#\/schema\/person\/bc2c8684912eb2289fe0009f5ca451d6"},"headline":"Jewish Academics DEBUNK \u201cWidespread Campus Antisemitism\u201d Narrative","datePublished":"2025-05-07T07:33:52+00:00","dateModified":"2025-05-07T07:35:54+00:00","mainEntityOfPage":{"@id":"https:\/\/www.actvism.org\/latest\/antisemitismus-universitaeten-wissenschaftler\/"},"wordCount":561,"commentCount":0,"publisher":{"@id":"https:\/\/www.actvism.org\/#organization"},"image":{"@id":"https:\/\/www.actvism.org\/latest\/antisemitismus-universitaeten-wissenschaftler\/#primaryimage"},"thumbnailUrl":"https:\/\/www.actvism.org\/wp-content\/uploads\/2025\/05\/2006-Design-1.jpg","keywords":["academic freedom","akademische freiheit","anti israel","anti-semitism","Antisemitisch","antisemitism","antisemitismus","antisemtism","antisemtismus","b\u00fcrgerlichen freiheiten","censor","censorship","censur","civi liberties","EMILY SCHNEIDER","freiheit","freiheiten","Gaza","gazastreifen","Genocide","Genozid","Glenn Greenwald","hamas","Israel","israel apartheid","israel criticism","israel genocide","israel genozid","israel kritik","israel politics","israel volkermord","israel v\u00f6lkermord","jewish students","jews","jude","juden","judentum","online censorship","Pal\u00e4stina","palestina","pro palestine","PROF. MEYERHOFF","redefreiheit","United States","universit\u00e4ten","universities","university","USA","volkermord","v\u00f6lkermord","woke","zensur"],"articleSection":["LATEST"],"inLanguage":"en-US","potentialAction":[{"@type":"CommentAction","name":"Comment","target":["https:\/\/www.actvism.org\/latest\/antisemitismus-universitaeten-wissenschaftler\/#respond"]}]},{"@type":"WebPage","@id":"https:\/\/www.actvism.org\/latest\/antisemitismus-universitaeten-wissenschaftler\/","url":"https:\/\/www.actvism.org\/latest\/antisemitismus-universitaeten-wissenschaftler\/","name":"Jewish Academics DEBUNK \u201cWidespread Campus Antisemitism\u201d Narrative - acTVism","isPartOf":{"@id":"https:\/\/www.actvism.org\/#website"},"primaryImageOfPage":{"@id":"https:\/\/www.actvism.org\/latest\/antisemitismus-universitaeten-wissenschaftler\/#primaryimage"},"image":{"@id":"https:\/\/www.actvism.org\/latest\/antisemitismus-universitaeten-wissenschaftler\/#primaryimage"},"thumbnailUrl":"https:\/\/www.actvism.org\/wp-content\/uploads\/2025\/05\/2006-Design-1.jpg","datePublished":"2025-05-07T07:33:52+00:00","dateModified":"2025-05-07T07:35:54+00:00","inLanguage":"en-US","potentialAction":[{"@type":"ReadAction","target":["https:\/\/www.actvism.org\/latest\/antisemitismus-universitaeten-wissenschaftler\/"]}]},{"@type":"ImageObject","inLanguage":"en-US","@id":"https:\/\/www.actvism.org\/latest\/antisemitismus-universitaeten-wissenschaftler\/#primaryimage","url":"https:\/\/www.actvism.org\/wp-content\/uploads\/2025\/05\/2006-Design-1.jpg","contentUrl":"https:\/\/www.actvism.org\/wp-content\/uploads\/2025\/05\/2006-Design-1.jpg","width":1920,"height":1080,"caption":"J\u00fcdische Wissenschaftler widerlegen Narrativ vom \u201eweit verbreiteten Antisemitismus an Universit\u00e4ten\u201c"},{"@type":"WebSite","@id":"https:\/\/www.actvism.org\/#website","url":"https:\/\/www.actvism.org\/","name":"acTVism","description":"information that moves","publisher":{"@id":"https:\/\/www.actvism.org\/#organization"},"potentialAction":[{"@type":"SearchAction","target":{"@type":"EntryPoint","urlTemplate":"https:\/\/www.actvism.org\/?s={search_term_string}"},"query-input":{"@type":"PropertyValueSpecification","valueRequired":true,"valueName":"search_term_string"}}],"inLanguage":"en-US"},{"@type":"Organization","@id":"https:\/\/www.actvism.org\/#organization","name":"acTVism Munich e.V.","url":"https:\/\/www.actvism.org\/","logo":{"@type":"ImageObject","inLanguage":"en-US","@id":"https:\/\/www.actvism.org\/#\/schema\/logo\/image\/","url":"https:\/\/www.actvism.org\/wp-content\/uploads\/2020\/11\/logo.svg","contentUrl":"https:\/\/www.actvism.org\/wp-content\/uploads\/2020\/11\/logo.svg","width":200,"height":57,"caption":"acTVism Munich e.V."},"image":{"@id":"https:\/\/www.actvism.org\/#\/schema\/logo\/image\/"},"sameAs":["https:\/\/facebook.com\/acTVism","https:\/\/x.com\/acTVismMunich"]},{"@type":"Person","@id":"https:\/\/www.actvism.org\/#\/schema\/person\/bc2c8684912eb2289fe0009f5ca451d6","name":"atv_admin","image":{"@type":"ImageObject","inLanguage":"en-US","@id":"https:\/\/secure.gravatar.com\/avatar\/53465926e4246ee1b807a849c23197531fd45c1bcd02682ada54ddb12eaa7a6d?s=96&d=mm&r=g","url":"https:\/\/secure.gravatar.com\/avatar\/53465926e4246ee1b807a849c23197531fd45c1bcd02682ada54ddb12eaa7a6d?s=96&d=mm&r=g","contentUrl":"https:\/\/secure.gravatar.com\/avatar\/53465926e4246ee1b807a849c23197531fd45c1bcd02682ada54ddb12eaa7a6d?s=96&d=mm&r=g","caption":"atv_admin"},"url":"https:\/\/www.actvism.org\/en\/author\/atv_admin\/"}]}},"_links":{"self":[{"href":"https:\/\/www.actvism.org\/en\/wp-json\/wp\/v2\/posts\/12954","targetHints":{"allow":["GET"]}}],"collection":[{"href":"https:\/\/www.actvism.org\/en\/wp-json\/wp\/v2\/posts"}],"about":[{"href":"https:\/\/www.actvism.org\/en\/wp-json\/wp\/v2\/types\/post"}],"author":[{"embeddable":true,"href":"https:\/\/www.actvism.org\/en\/wp-json\/wp\/v2\/users\/1"}],"replies":[{"embeddable":true,"href":"https:\/\/www.actvism.org\/en\/wp-json\/wp\/v2\/comments?post=12954"}],"version-history":[{"count":0,"href":"https:\/\/www.actvism.org\/en\/wp-json\/wp\/v2\/posts\/12954\/revisions"}],"wp:featuredmedia":[{"embeddable":true,"href":"https:\/\/www.actvism.org\/en\/wp-json\/wp\/v2\/media\/12958"}],"wp:attachment":[{"href":"https:\/\/www.actvism.org\/en\/wp-json\/wp\/v2\/media?parent=12954"}],"wp:term":[{"taxonomy":"category","embeddable":true,"href":"https:\/\/www.actvism.org\/en\/wp-json\/wp\/v2\/categories?post=12954"},{"taxonomy":"post_tag","embeddable":true,"href":"https:\/\/www.actvism.org\/en\/wp-json\/wp\/v2\/tags?post=12954"},{"taxonomy":"channel","embeddable":true,"href":"https:\/\/www.actvism.org\/en\/wp-json\/wp\/v2\/channel?post=12954"}],"curies":[{"name":"wp","href":"https:\/\/api.w.org\/{rel}","templated":true}]}}