{"id":13616,"date":"2025-11-07T16:42:36","date_gmt":"2025-11-07T15:42:36","guid":{"rendered":"https:\/\/www.actvism.org\/?p=13616"},"modified":"2025-11-08T13:35:23","modified_gmt":"2025-11-08T12:35:23","slug":"zensiert-in-deutschland-albanese-israel","status":"publish","type":"post","link":"https:\/\/www.actvism.org\/en\/latest\/zensiert-in-deutschland-albanese-israel\/","title":{"rendered":"Francesca Albanese calls for &#8220;suspension of all ties with Israel&#8221; until &#8220;Gaza genocide&#8221; ends"},"content":{"rendered":"<div class=\"container\" data-sal=\"slide-up\" data-sal-easing=\"ease-in-out\" data-sal-delay=\"200\"><div class=\"row justify-content-md-center pb-3\"><div class=\"cnt_col\">\n<p>In this video, Francesca Albanese, the UN Special Rapporteur on human rights in the occupied Palestinian territories, delivers her report to the UN General Assembly\u2019s Third Committee. Speaking remotely from South Africa, she condemns the ongoing genocide in Gaza and urges all states to suspend military, trade, and diplomatic relations with Israel until it ends its occupation and apartheid policies. Albanese accuses powerful nations of complicity through arms sales, trade, and diplomatic protection, calling for accountability and a renewed commitment to international law and multilateralism.<\/p>\n<\/div><\/div><\/div>\n\n<div class=\"container\" data-sal=\"slide-up\" data-sal-easing=\"ease-in-out\" data-sal-delay=\"200\"><div class=\"row justify-content-md-center pb-3\"><div class=\"cnt_col\">\n<p>This video was produced by the <a href=\"https:\/\/www.youtube.com\/watch?v=4X0Hbuw7mlE\">UN Human Rights Council and published on their YouTube channel<\/a> on the 28th of October, 2025.<\/p>\n<\/div><\/div><\/div>\n\n<div class=\"container\" data-sal=\"slide-up\" data-sal-easing=\"ease-in-out\" data-sal-delay=\"200\"><div class=\"row justify-content-md-center pb-3\"><div class=\"cnt_col\">\n<p class=\"wp-embed-aspect-16-9 wp-has-aspect-ratio\">To read the transcript of the interview: <strong><strong><strong><strong><strong><strong><strong><a href=\"https:\/\/www.actvism.org\/wp-content\/uploads\/2025\/11\/Francesca-Albanese-calls-for-_suspension-of-all-ties-with-Israel_-until-_Gaza-genocide_-ends.docx.pdf\">Francesca Albanese calls for &#8220;suspension of all ties with Israel&#8221; until &#8220;Gaza genocide&#8221; ends<\/a><\/strong><\/strong><\/strong><\/strong><\/strong><\/strong><\/strong><\/p>\n<\/div><\/div><\/div>\n\n<div class=\"container\" data-sal=\"slide-up\" data-sal-easing=\"ease-in-out\" data-sal-delay=\"200\"><div class=\"row justify-content-md-center pb-3\"><div class=\"cnt_col\">\n<hr class=\"wp-block-separator has-alpha-channel-opacity\"\/>\n<\/div><\/div><\/div>\n\n<div class=\"container\" data-sal=\"slide-up\" data-sal-easing=\"ease-in-out\" data-sal-delay=\"200\"><div class=\"row justify-content-md-center pb-3\"><div class=\"cnt_col\">\n<p class=\"wp-embed-aspect-16-9 wp-has-aspect-ratio\">We are transitioning away from YouTube. Be sure to subscribe to the following channels to stay updated with our journalism:<\/p>\n<\/div><\/div><\/div>\n\n<div class=\"container\" data-sal=\"slide-up\" data-sal-easing=\"ease-in-out\" data-sal-delay=\"200\"><div class=\"row justify-content-md-center pb-3\"><div class=\"cnt_col\">\n<p class=\"wp-embed-aspect-16-9 wp-has-aspect-ratio\">\u25ba<a rel=\"noreferrer noopener\" href=\"https:\/\/rumble.com\/c\/acTVismMunich\" target=\"_blank\">&nbsp;RUMBLE<\/a><br>\u25ba&nbsp;<a rel=\"noreferrer noopener\" href=\"https:\/\/t.me\/acTVismMunich\" target=\"_blank\">TELEGRAM<\/a><\/p>\n<\/div><\/div><\/div>\n\n<div class=\"container\" data-sal=\"slide-up\" data-sal-easing=\"ease-in-out\" data-sal-delay=\"200\"><div class=\"row justify-content-md-center pb-3\"><div class=\"cnt_col\">\n<hr class=\"wp-block-separator has-css-opacity wp-embed-aspect-16-9 wp-has-aspect-ratio\"\/>\n<\/div><\/div><\/div>\n\n<div class=\"container\" data-sal=\"slide-up\" data-sal-easing=\"ease-in-out\" data-sal-delay=\"200\"><div class=\"row justify-content-md-center pb-3\"><div class=\"cnt_col\">\n<h2 class=\"wp-block-heading wp-embed-aspect-16-9 wp-has-aspect-ratio\">VIDEO:<strong> Francesca Albanese calls for &#8220;suspension of all ties with Israel&#8221; until &#8220;Gaza genocide&#8221; ends<\/strong><\/h2>\n<\/div><\/div><\/div>\n\n<div class=\"container\" data-sal=\"slide-up\" data-sal-easing=\"ease-in-out\" data-sal-delay=\"200\"><div class=\"row justify-content-md-center pb-3\"><div class=\"cnt_col\">\n<figure class=\"wp-block-embed is-type-video is-provider-youtube wp-block-embed-youtube wp-embed-aspect-16-9 wp-has-aspect-ratio\"><div class=\"wp-block-embed__wrapper\">\n<iframe loading=\"lazy\" title=\"Francesca Albanese calls for &quot;suspension of all ties with Israel&quot; until &quot;Gaza genocide&quot; ends\" width=\"500\" height=\"281\" src=\"https:\/\/www.youtube.com\/embed\/4X0Hbuw7mlE?feature=oembed\" frameborder=\"0\" allow=\"accelerometer; autoplay; clipboard-write; encrypted-media; gyroscope; picture-in-picture; web-share\" referrerpolicy=\"strict-origin-when-cross-origin\" allowfullscreen><\/iframe>\n<\/div><\/figure>\n<\/div><\/div><\/div>\n\n<div class=\"container\" data-sal=\"slide-up\" data-sal-easing=\"ease-in-out\" data-sal-delay=\"200\"><div class=\"row justify-content-md-center pb-3\"><div class=\"cnt_col\">\n<hr class=\"wp-block-separator has-css-opacity wp-embed-aspect-16-9 wp-has-aspect-ratio\"\/>\n<\/div><\/div><\/div>\n\n<div class=\"container\" data-sal=\"slide-up\" data-sal-easing=\"ease-in-out\" data-sal-delay=\"200\"><div class=\"row justify-content-md-center pb-3\"><div class=\"cnt_col\">\n<p class=\"wp-embed-aspect-16-9 wp-has-aspect-ratio\">About our import program: In this program, we publish content from external authors, activists and journalists. This includes both international and local content that, in our editorial opinion, is not sufficiently covered in the media landscape. The content does not necessarily reflect acTVism Munich\u2019s own editorial stance.<\/p>\n<\/div><\/div><\/div>\n\n<div class=\"container\" data-sal=\"slide-up\" data-sal-easing=\"ease-in-out\" data-sal-delay=\"200\"><div class=\"row justify-content-md-center pb-3\"><div class=\"cnt_col\">\n<hr class=\"wp-block-separator has-css-opacity wp-embed-aspect-16-9 wp-has-aspect-ratio\"\/>\n<\/div><\/div><\/div>\n\n<div class=\"container\" data-sal=\"slide-up\" data-sal-easing=\"ease-in-out\" data-sal-delay=\"200\"><div class=\"row justify-content-md-center pb-3\"><div class=\"cnt_col\">\n<h2 class=\"wp-block-heading\">Donate today to support independent &amp; non-profit media!<\/h2>\n<\/div><\/div><\/div>\n\n<div class=\"container\" data-sal=\"slide-up\" data-sal-easing=\"ease-in-out\" data-sal-delay=\"200\"><div class=\"row justify-content-md-center pb-3\"><div class=\"cnt_col\">\n<p><a rel=\"noopener noreferrer\" href=\"https:\/\/www.actvism.org\/en\/donate\/\" target=\"_blank\">Click here<\/a> or on the picture below:<\/p>\n<\/div><\/div><\/div>\n\n<div class=\"d-flex justify-content-center pb-3 sal\" data-sal=\"slide-up\" data-sal-easing=\"ease-in-out\" data-sal-delay=\"200\">\n<figure class=\"wp-block-image size-full\"><a href=\"https:\/\/www.actvism.org\/en\/donate\/\"><img loading=\"lazy\" decoding=\"async\" width=\"700\" height=\"233\" src=\"https:\/\/www.actvism.org\/wp-content\/uploads\/2021\/12\/28_acTVism_Webseite_Donation-Image_EN_700x233px_Future-1-1.jpg\" alt=\"\" class=\"wp-image-8883\" srcset=\"https:\/\/www.actvism.org\/wp-content\/uploads\/2021\/12\/28_acTVism_Webseite_Donation-Image_EN_700x233px_Future-1-1.jpg 700w, https:\/\/www.actvism.org\/wp-content\/uploads\/2021\/12\/28_acTVism_Webseite_Donation-Image_EN_700x233px_Future-1-1-300x100.jpg 300w\" sizes=\"auto, (max-width: 700px) 100vw, 700px\" \/><\/a><\/figure>\n<\/div>\n\n<div class=\"container\" data-sal=\"slide-up\" data-sal-easing=\"ease-in-out\" data-sal-delay=\"200\"><div class=\"row justify-content-md-center pb-3\"><div class=\"cnt_col\">\n<hr class=\"wp-block-separator has-css-opacity wp-embed-aspect-16-9 wp-has-aspect-ratio\"\/>\n<\/div><\/div><\/div>\n\n<div class=\"container\" data-sal=\"slide-up\" data-sal-easing=\"ease-in-out\" data-sal-delay=\"200\"><div class=\"row justify-content-md-center pb-3\"><div class=\"cnt_col\">\n<h2 class=\"wp-block-heading\">ABOUT FRANCESCA ALBANESE<\/h2>\n<\/div><\/div><\/div>\n\n<div class=\"container\" data-sal=\"slide-up\" data-sal-easing=\"ease-in-out\" data-sal-delay=\"200\"><div class=\"row justify-content-md-center pb-3\"><div class=\"cnt_col\">\n<p>Francesca Albanese is an international lawyer and academic.On 1 May 2022, she was appointed United Nations (UN) Special Rapporteur on the occupied Palestinian territories. She is the first woman to hold the position. Albanese holds a law degree with honours from the University of Pisa and a Master of Laws in human rights from SOAS University of London. She is an Affiliate Scholar at the Institute for the Study of International Migration at Georgetown University, a Senior Advisor on Migration and Forced Displacement at the non-profit Arab Renaissance for Democracy and Development (ARDD).<\/p>\n<\/div><\/div><\/div>\n\n<div class=\"container\" data-sal=\"slide-up\" data-sal-easing=\"ease-in-out\" data-sal-delay=\"200\"><div class=\"row justify-content-md-center pb-3\"><div class=\"cnt_col\">\n<hr class=\"wp-block-separator has-alpha-channel-opacity wp-embed-aspect-16-9 wp-has-aspect-ratio\"\/>\n<\/div><\/div><\/div>","protected":false},"excerpt":{"rendered":"<p>In this video, Francesca Albanese, the UN Special Rapporteur on human rights in the occupied Palestinian territories, delivers her report to the UN General Assembly\u2019s Third Committee. Speaking remotely from South Africa, she condemns the ongoing genocide in Gaza and urges all states to suspend military, trade, and diplomatic relations with Israel until it ends [&hellip;]<\/p>\n","protected":false},"author":1,"featured_media":13617,"comment_status":"open","ping_status":"open","sticky":false,"template":"","format":"standard","meta":{"_acf_changed":true,"inline_featured_image":false,"footnotes":""},"categories":[1],"tags":[23390,21012,23391,22268,404,21743,21295,776,775,24444,260,21868,21871,23741,22124,23322,387,194,21716,24448,395,21852,22340,263,24447,24321,24446,24449,24445,24450,268,80,322,22126,21723,21342,21748,21818,21783],"channel":[20955],"class_list":["post-13616","post","type-post","status-publish","format-standard","has-post-thumbnail","hentry","category-latest","tag-albanese","tag-apartheid","tag-francesca","tag-francesca-albanese","tag-gaza","tag-gaza-strip","tag-gazastreifen","tag-genocide","tag-genozid","tag-human-rights-council","tag-israel","tag-israel-genocide","tag-israel-genozid","tag-israel-siedlung","tag-israel-voelkermord","tag-menschenrecht","tag-menschenrechte","tag-nato","tag-occupation","tag-occupied-palestinian-territories","tag-palaestina","tag-palastina","tag-paelastina","tag-palestine","tag-sanktion","tag-un-general-assembly","tag-un-human-rights-council","tag-un-special-rapporteur","tag-un-generalversammlung-2","tag-un-sonderberichterstatter","tag-united-nations","tag-united-states","tag-usa","tag-volkermord","tag-voelkermord","tag-west-bank","tag-west-jordan-2","tag-west-jordanian","tag-westjordanland","channel-import"],"translation":{"provider":"WPGlobus","version":"3.0.0","language":"en","enabled_languages":["de","en"],"languages":{"de":{"title":true,"content":true,"excerpt":false},"en":{"title":true,"content":true,"excerpt":false}}},"acf":[],"yoast_head":"<!-- This site is optimized with the Yoast SEO plugin v27.5 - https:\/\/yoast.com\/product\/yoast-seo-wordpress\/ -->\n<title>Francesca Albanese calls for &quot;suspension of all ties with Israel&quot;<\/title>\n<meta name=\"description\" content=\"Francesca Albanese calls for &quot;suspension of all ties with Israel&quot; until &quot;Gaza genocide&quot; ends.\" \/>\n<meta name=\"robots\" content=\"index, follow, max-snippet:-1, max-image-preview:large, max-video-preview:-1\" \/>\n<link rel=\"canonical\" href=\"https:\/\/www.actvism.org\/latest\/zensiert-in-deutschland-albanese-israel\/\" \/>\n<meta property=\"og:locale\" content=\"en_US\" \/>\n<meta property=\"og:type\" content=\"article\" \/>\n<meta property=\"og:title\" content=\"Francesca Albanese calls for &quot;suspension of all ties with Israel&quot; until &quot;Gaza genocide&quot; ends\" \/>\n<meta property=\"og:description\" content=\"In this video, Francesca Albanese, the UN Special Rapporteur on human rights in the occupied Palestinian territories, delivers her report to the UN General Assembly\u2019s Third Committee.\" \/>\n<meta property=\"og:url\" content=\"https:\/\/www.actvism.org\/latest\/zensiert-in-deutschland-albanese-israel\/\" \/>\n<meta property=\"og:site_name\" content=\"acTVism\" \/>\n<meta property=\"article:publisher\" content=\"https:\/\/facebook.com\/acTVism\" \/>\n<meta property=\"article:published_time\" content=\"2025-11-07T15:42:36+00:00\" \/>\n<meta property=\"article:modified_time\" content=\"2025-11-08T12:35:23+00:00\" \/>\n<meta property=\"og:image\" content=\"https:\/\/www.actvism.org\/wp-content\/uploads\/2025\/11\/2165-Design-ENG-1024x576.jpg\" \/>\n\t<meta property=\"og:image:width\" content=\"1920\" \/>\n\t<meta property=\"og:image:height\" content=\"1080\" \/>\n\t<meta property=\"og:image:type\" content=\"image\/jpeg\" \/>\n<meta name=\"author\" content=\"atv_admin\" \/>\n<meta name=\"twitter:card\" content=\"summary_large_image\" \/>\n<meta name=\"twitter:creator\" content=\"@acTVismMunich\" \/>\n<meta name=\"twitter:site\" content=\"@acTVismMunich\" \/>\n<meta name=\"twitter:label1\" content=\"Written by\" \/>\n\t<meta name=\"twitter:data1\" content=\"atv_admin\" \/>\n\t<meta name=\"twitter:label2\" content=\"Est. reading time\" \/>\n\t<meta name=\"twitter:data2\" content=\"2 minutes\" \/>\n<script type=\"application\/ld+json\" class=\"yoast-schema-graph\">{\"@context\":\"https:\\\/\\\/schema.org\",\"@graph\":[{\"@type\":\"Article\",\"@id\":\"https:\\\/\\\/www.actvism.org\\\/latest\\\/zensiert-in-deutschland-albanese-israel\\\/#article\",\"isPartOf\":{\"@id\":\"https:\\\/\\\/www.actvism.org\\\/latest\\\/zensiert-in-deutschland-albanese-israel\\\/\"},\"author\":{\"name\":\"atv_admin\",\"@id\":\"https:\\\/\\\/www.actvism.org\\\/#\\\/schema\\\/person\\\/bc2c8684912eb2289fe0009f5ca451d6\"},\"headline\":\"Francesca Albanese calls for &#8220;suspension of all ties with Israel&#8221; until &#8220;Gaza genocide&#8221; ends\",\"datePublished\":\"2025-11-07T15:42:36+00:00\",\"dateModified\":\"2025-11-08T12:35:23+00:00\",\"mainEntityOfPage\":{\"@id\":\"https:\\\/\\\/www.actvism.org\\\/latest\\\/zensiert-in-deutschland-albanese-israel\\\/\"},\"wordCount\":667,\"commentCount\":0,\"publisher\":{\"@id\":\"https:\\\/\\\/www.actvism.org\\\/#organization\"},\"image\":{\"@id\":\"https:\\\/\\\/www.actvism.org\\\/latest\\\/zensiert-in-deutschland-albanese-israel\\\/#primaryimage\"},\"thumbnailUrl\":\"https:\\\/\\\/www.actvism.org\\\/wp-content\\\/uploads\\\/2025\\\/11\\\/2165-Design.jpg\",\"keywords\":[\"Albanese\",\"apartheid\",\"Francesca\",\"Francesca Albanese\",\"Gaza\",\"gaza strip\",\"gazastreifen\",\"Genocide\",\"Genozid\",\"human rights council\",\"Israel\",\"israel genocide\",\"israel genozid\",\"israel siedlung\",\"israel v\u00f6lkermord\",\"menschenrecht\",\"Menschenrechte\",\"NATO\",\"occupation\",\"occupied Palestinian territories\",\"Pal\u00e4stina\",\"palastina\",\"p\u00e4lastina\",\"Palestine\",\"sanktion\",\"un general assembly\",\"UN human rights council\",\"UN Special Rapporteur\",\"UN-Generalversammlung\",\"UN-Sonderberichterstatter\",\"United nations\",\"United States\",\"USA\",\"volkermord\",\"v\u00f6lkermord\",\"west bank\",\"west jordan\",\"west jordanian\",\"westjordanland\"],\"articleSection\":[\"LATEST\"],\"inLanguage\":\"en-US\",\"potentialAction\":[{\"@type\":\"CommentAction\",\"name\":\"Comment\",\"target\":[\"https:\\\/\\\/www.actvism.org\\\/latest\\\/zensiert-in-deutschland-albanese-israel\\\/#respond\"]}]},{\"@type\":\"WebPage\",\"@id\":\"https:\\\/\\\/www.actvism.org\\\/latest\\\/zensiert-in-deutschland-albanese-israel\\\/\",\"url\":\"https:\\\/\\\/www.actvism.org\\\/latest\\\/zensiert-in-deutschland-albanese-israel\\\/\",\"name\":\"Francesca Albanese calls for \\\"suspension of all ties with Israel\\\"\",\"isPartOf\":{\"@id\":\"https:\\\/\\\/www.actvism.org\\\/#website\"},\"primaryImageOfPage\":{\"@id\":\"https:\\\/\\\/www.actvism.org\\\/latest\\\/zensiert-in-deutschland-albanese-israel\\\/#primaryimage\"},\"image\":{\"@id\":\"https:\\\/\\\/www.actvism.org\\\/latest\\\/zensiert-in-deutschland-albanese-israel\\\/#primaryimage\"},\"thumbnailUrl\":\"https:\\\/\\\/www.actvism.org\\\/wp-content\\\/uploads\\\/2025\\\/11\\\/2165-Design.jpg\",\"datePublished\":\"2025-11-07T15:42:36+00:00\",\"dateModified\":\"2025-11-08T12:35:23+00:00\",\"description\":\"Francesca Albanese calls for \\\"suspension of all ties with Israel\\\" until \\\"Gaza genocide\\\" ends.\",\"inLanguage\":\"en-US\",\"potentialAction\":[{\"@type\":\"ReadAction\",\"target\":[\"https:\\\/\\\/www.actvism.org\\\/latest\\\/zensiert-in-deutschland-albanese-israel\\\/\"]}]},{\"@type\":\"ImageObject\",\"inLanguage\":\"en-US\",\"@id\":\"https:\\\/\\\/www.actvism.org\\\/latest\\\/zensiert-in-deutschland-albanese-israel\\\/#primaryimage\",\"url\":\"https:\\\/\\\/www.actvism.org\\\/wp-content\\\/uploads\\\/2025\\\/11\\\/2165-Design.jpg\",\"contentUrl\":\"https:\\\/\\\/www.actvism.org\\\/wp-content\\\/uploads\\\/2025\\\/11\\\/2165-Design.jpg\",\"width\":1920,\"height\":1080,\"caption\":\"Zensiert in Deutschland: UN-Expertin Albanese \u2013 alle Beziehungen zu Israel stoppen\"},{\"@type\":\"WebSite\",\"@id\":\"https:\\\/\\\/www.actvism.org\\\/#website\",\"url\":\"https:\\\/\\\/www.actvism.org\\\/\",\"name\":\"acTVism\",\"description\":\"information that moves\",\"publisher\":{\"@id\":\"https:\\\/\\\/www.actvism.org\\\/#organization\"},\"potentialAction\":[{\"@type\":\"SearchAction\",\"target\":{\"@type\":\"EntryPoint\",\"urlTemplate\":\"https:\\\/\\\/www.actvism.org\\\/?s={search_term_string}\"},\"query-input\":{\"@type\":\"PropertyValueSpecification\",\"valueRequired\":true,\"valueName\":\"search_term_string\"}}],\"inLanguage\":\"en-US\"},{\"@type\":\"Organization\",\"@id\":\"https:\\\/\\\/www.actvism.org\\\/#organization\",\"name\":\"acTVism Munich e.V.\",\"url\":\"https:\\\/\\\/www.actvism.org\\\/\",\"logo\":{\"@type\":\"ImageObject\",\"inLanguage\":\"en-US\",\"@id\":\"https:\\\/\\\/www.actvism.org\\\/#\\\/schema\\\/logo\\\/image\\\/\",\"url\":\"https:\\\/\\\/www.actvism.org\\\/wp-content\\\/uploads\\\/2020\\\/11\\\/logo.svg\",\"contentUrl\":\"https:\\\/\\\/www.actvism.org\\\/wp-content\\\/uploads\\\/2020\\\/11\\\/logo.svg\",\"width\":200,\"height\":57,\"caption\":\"acTVism Munich e.V.\"},\"image\":{\"@id\":\"https:\\\/\\\/www.actvism.org\\\/#\\\/schema\\\/logo\\\/image\\\/\"},\"sameAs\":[\"https:\\\/\\\/facebook.com\\\/acTVism\",\"https:\\\/\\\/x.com\\\/acTVismMunich\"]},{\"@type\":\"Person\",\"@id\":\"https:\\\/\\\/www.actvism.org\\\/#\\\/schema\\\/person\\\/bc2c8684912eb2289fe0009f5ca451d6\",\"name\":\"atv_admin\",\"image\":{\"@type\":\"ImageObject\",\"inLanguage\":\"en-US\",\"@id\":\"https:\\\/\\\/secure.gravatar.com\\\/avatar\\\/53465926e4246ee1b807a849c23197531fd45c1bcd02682ada54ddb12eaa7a6d?s=96&d=mm&r=g\",\"url\":\"https:\\\/\\\/secure.gravatar.com\\\/avatar\\\/53465926e4246ee1b807a849c23197531fd45c1bcd02682ada54ddb12eaa7a6d?s=96&d=mm&r=g\",\"contentUrl\":\"https:\\\/\\\/secure.gravatar.com\\\/avatar\\\/53465926e4246ee1b807a849c23197531fd45c1bcd02682ada54ddb12eaa7a6d?s=96&d=mm&r=g\",\"caption\":\"atv_admin\"},\"url\":\"https:\\\/\\\/www.actvism.org\\\/en\\\/author\\\/atv_admin\\\/\"}]}<\/script>\n<!-- \/ Yoast SEO plugin. -->","yoast_head_json":{"title":"Francesca Albanese calls for \"suspension of all ties with Israel\"","description":"Francesca Albanese calls for \"suspension of all ties with Israel\" until \"Gaza genocide\" ends.","robots":{"index":"index","follow":"follow","max-snippet":"max-snippet:-1","max-image-preview":"max-image-preview:large","max-video-preview":"max-video-preview:-1"},"canonical":"https:\/\/www.actvism.org\/latest\/zensiert-in-deutschland-albanese-israel\/","og_locale":"en_US","og_type":"article","og_title":"Francesca Albanese calls for \"suspension of all ties with Israel\" until \"Gaza genocide\" ends","og_description":"In this video, Francesca Albanese, the UN Special Rapporteur on human rights in the occupied Palestinian territories, delivers her report to the UN General Assembly\u2019s Third Committee.","og_url":"https:\/\/www.actvism.org\/latest\/zensiert-in-deutschland-albanese-israel\/","og_site_name":"acTVism","article_publisher":"https:\/\/facebook.com\/acTVism","article_published_time":"2025-11-07T15:42:36+00:00","article_modified_time":"2025-11-08T12:35:23+00:00","og_image":[{"width":1920,"height":1080,"url":"https:\/\/www.actvism.org\/wp-content\/uploads\/2025\/11\/2165-Design-ENG-1024x576.jpg","type":"image\/jpeg"}],"author":"atv_admin","twitter_card":"summary_large_image","twitter_creator":"@acTVismMunich","twitter_site":"@acTVismMunich","twitter_misc":{"Written by":"atv_admin","Est. reading time":"2 minutes"},"schema":{"@context":"https:\/\/schema.org","@graph":[{"@type":"Article","@id":"https:\/\/www.actvism.org\/latest\/zensiert-in-deutschland-albanese-israel\/#article","isPartOf":{"@id":"https:\/\/www.actvism.org\/latest\/zensiert-in-deutschland-albanese-israel\/"},"author":{"name":"atv_admin","@id":"https:\/\/www.actvism.org\/#\/schema\/person\/bc2c8684912eb2289fe0009f5ca451d6"},"headline":"Francesca Albanese calls for &#8220;suspension of all ties with Israel&#8221; until &#8220;Gaza genocide&#8221; ends","datePublished":"2025-11-07T15:42:36+00:00","dateModified":"2025-11-08T12:35:23+00:00","mainEntityOfPage":{"@id":"https:\/\/www.actvism.org\/latest\/zensiert-in-deutschland-albanese-israel\/"},"wordCount":667,"commentCount":0,"publisher":{"@id":"https:\/\/www.actvism.org\/#organization"},"image":{"@id":"https:\/\/www.actvism.org\/latest\/zensiert-in-deutschland-albanese-israel\/#primaryimage"},"thumbnailUrl":"https:\/\/www.actvism.org\/wp-content\/uploads\/2025\/11\/2165-Design.jpg","keywords":["Albanese","apartheid","Francesca","Francesca Albanese","Gaza","gaza strip","gazastreifen","Genocide","Genozid","human rights council","Israel","israel genocide","israel genozid","israel siedlung","israel v\u00f6lkermord","menschenrecht","Menschenrechte","NATO","occupation","occupied Palestinian territories","Pal\u00e4stina","palastina","p\u00e4lastina","Palestine","sanktion","un general assembly","UN human rights council","UN Special Rapporteur","UN-Generalversammlung","UN-Sonderberichterstatter","United nations","United States","USA","volkermord","v\u00f6lkermord","west bank","west jordan","west jordanian","westjordanland"],"articleSection":["LATEST"],"inLanguage":"en-US","potentialAction":[{"@type":"CommentAction","name":"Comment","target":["https:\/\/www.actvism.org\/latest\/zensiert-in-deutschland-albanese-israel\/#respond"]}]},{"@type":"WebPage","@id":"https:\/\/www.actvism.org\/latest\/zensiert-in-deutschland-albanese-israel\/","url":"https:\/\/www.actvism.org\/latest\/zensiert-in-deutschland-albanese-israel\/","name":"Francesca Albanese calls for \"suspension of all ties with Israel\"","isPartOf":{"@id":"https:\/\/www.actvism.org\/#website"},"primaryImageOfPage":{"@id":"https:\/\/www.actvism.org\/latest\/zensiert-in-deutschland-albanese-israel\/#primaryimage"},"image":{"@id":"https:\/\/www.actvism.org\/latest\/zensiert-in-deutschland-albanese-israel\/#primaryimage"},"thumbnailUrl":"https:\/\/www.actvism.org\/wp-content\/uploads\/2025\/11\/2165-Design.jpg","datePublished":"2025-11-07T15:42:36+00:00","dateModified":"2025-11-08T12:35:23+00:00","description":"Francesca Albanese calls for \"suspension of all ties with Israel\" until \"Gaza genocide\" ends.","inLanguage":"en-US","potentialAction":[{"@type":"ReadAction","target":["https:\/\/www.actvism.org\/latest\/zensiert-in-deutschland-albanese-israel\/"]}]},{"@type":"ImageObject","inLanguage":"en-US","@id":"https:\/\/www.actvism.org\/latest\/zensiert-in-deutschland-albanese-israel\/#primaryimage","url":"https:\/\/www.actvism.org\/wp-content\/uploads\/2025\/11\/2165-Design.jpg","contentUrl":"https:\/\/www.actvism.org\/wp-content\/uploads\/2025\/11\/2165-Design.jpg","width":1920,"height":1080,"caption":"Zensiert in Deutschland: UN-Expertin Albanese \u2013 alle Beziehungen zu Israel stoppen"},{"@type":"WebSite","@id":"https:\/\/www.actvism.org\/#website","url":"https:\/\/www.actvism.org\/","name":"acTVism","description":"information that moves","publisher":{"@id":"https:\/\/www.actvism.org\/#organization"},"potentialAction":[{"@type":"SearchAction","target":{"@type":"EntryPoint","urlTemplate":"https:\/\/www.actvism.org\/?s={search_term_string}"},"query-input":{"@type":"PropertyValueSpecification","valueRequired":true,"valueName":"search_term_string"}}],"inLanguage":"en-US"},{"@type":"Organization","@id":"https:\/\/www.actvism.org\/#organization","name":"acTVism Munich e.V.","url":"https:\/\/www.actvism.org\/","logo":{"@type":"ImageObject","inLanguage":"en-US","@id":"https:\/\/www.actvism.org\/#\/schema\/logo\/image\/","url":"https:\/\/www.actvism.org\/wp-content\/uploads\/2020\/11\/logo.svg","contentUrl":"https:\/\/www.actvism.org\/wp-content\/uploads\/2020\/11\/logo.svg","width":200,"height":57,"caption":"acTVism Munich e.V."},"image":{"@id":"https:\/\/www.actvism.org\/#\/schema\/logo\/image\/"},"sameAs":["https:\/\/facebook.com\/acTVism","https:\/\/x.com\/acTVismMunich"]},{"@type":"Person","@id":"https:\/\/www.actvism.org\/#\/schema\/person\/bc2c8684912eb2289fe0009f5ca451d6","name":"atv_admin","image":{"@type":"ImageObject","inLanguage":"en-US","@id":"https:\/\/secure.gravatar.com\/avatar\/53465926e4246ee1b807a849c23197531fd45c1bcd02682ada54ddb12eaa7a6d?s=96&d=mm&r=g","url":"https:\/\/secure.gravatar.com\/avatar\/53465926e4246ee1b807a849c23197531fd45c1bcd02682ada54ddb12eaa7a6d?s=96&d=mm&r=g","contentUrl":"https:\/\/secure.gravatar.com\/avatar\/53465926e4246ee1b807a849c23197531fd45c1bcd02682ada54ddb12eaa7a6d?s=96&d=mm&r=g","caption":"atv_admin"},"url":"https:\/\/www.actvism.org\/en\/author\/atv_admin\/"}]}},"_links":{"self":[{"href":"https:\/\/www.actvism.org\/en\/wp-json\/wp\/v2\/posts\/13616","targetHints":{"allow":["GET"]}}],"collection":[{"href":"https:\/\/www.actvism.org\/en\/wp-json\/wp\/v2\/posts"}],"about":[{"href":"https:\/\/www.actvism.org\/en\/wp-json\/wp\/v2\/types\/post"}],"author":[{"embeddable":true,"href":"https:\/\/www.actvism.org\/en\/wp-json\/wp\/v2\/users\/1"}],"replies":[{"embeddable":true,"href":"https:\/\/www.actvism.org\/en\/wp-json\/wp\/v2\/comments?post=13616"}],"version-history":[{"count":0,"href":"https:\/\/www.actvism.org\/en\/wp-json\/wp\/v2\/posts\/13616\/revisions"}],"wp:featuredmedia":[{"embeddable":true,"href":"https:\/\/www.actvism.org\/en\/wp-json\/wp\/v2\/media\/13617"}],"wp:attachment":[{"href":"https:\/\/www.actvism.org\/en\/wp-json\/wp\/v2\/media?parent=13616"}],"wp:term":[{"taxonomy":"category","embeddable":true,"href":"https:\/\/www.actvism.org\/en\/wp-json\/wp\/v2\/categories?post=13616"},{"taxonomy":"post_tag","embeddable":true,"href":"https:\/\/www.actvism.org\/en\/wp-json\/wp\/v2\/tags?post=13616"},{"taxonomy":"channel","embeddable":true,"href":"https:\/\/www.actvism.org\/en\/wp-json\/wp\/v2\/channel?post=13616"}],"curies":[{"name":"wp","href":"https:\/\/api.w.org\/{rel}","templated":true}]}}