{"id":13916,"date":"2026-01-01T15:24:05","date_gmt":"2026-01-01T14:24:05","guid":{"rendered":"https:\/\/www.actvism.org\/?p=13916"},"modified":"2026-01-01T15:24:06","modified_gmt":"2026-01-01T14:24:06","slug":"epstein-akten-fbi","status":"publish","type":"post","link":"https:\/\/www.actvism.org\/en\/latest\/epstein-akten-fbi\/","title":{"rendered":"Jeffrey Epstein&#8217;s Co-Conspirators: The Noose Is Tightening"},"content":{"rendered":"\n            <div class=\"container\"><div class=\"row justify-content-md-center\">\n                <div class=\"col-md-8 pb-3\"><\/p>\n\n<\/div>\n            <\/div><\/div><div class=\"container\" data-sal=\"slide-up\" data-sal-easing=\"ease-in-out\" data-sal-delay=\"200\"><div class=\"row justify-content-md-center pb-3\"><div class=\"cnt_col\">\n<p><em><em><a href=\"https:\/\/www.actvism.org\/en\/latest\/crowdfunding-2026-actvism\/\">We are currently in our annual crowdfunding campaign. If you want our independent and non-profit media network to continue in 2025, please participate in this campaign&nbsp;by&nbsp;clicking here.<\/a><\/em><\/em><\/p>\n<\/div><\/div><\/div>\n\n<div class=\"container\" data-sal=\"slide-up\" data-sal-easing=\"ease-in-out\" data-sal-delay=\"200\"><div class=\"row justify-content-md-center pb-3\"><div class=\"cnt_col\">\n<hr class=\"wp-block-separator has-alpha-channel-opacity\"\/>\n<\/div><\/div><\/div>\n\n<div class=\"container\" data-sal=\"slide-up\" data-sal-easing=\"ease-in-out\" data-sal-delay=\"200\"><div class=\"row justify-content-md-center pb-3\"><div class=\"cnt_col\">\n<p>For years, U.S. authorities insisted that Jeffrey Epstein and Ghislaine Maxwell acted alone. Despite vast quantities of evidence, thousands of victim testimonies, and extensive internal reviews, the Department of Justice and the FBI publicly maintained that there was no credible basis to pursue anyone else connected to Epstein\u2019s crimes. That official narrative shaped public understanding and effectively closed the door on further accountability. Recently released documents, internal emails, and congressional testimony now point to a different reality. <\/p>\n<\/div><\/div><\/div>\n\n<div class=\"container\" data-sal=\"slide-up\" data-sal-easing=\"ease-in-out\" data-sal-delay=\"200\"><div class=\"row justify-content-md-center pb-3\"><div class=\"cnt_col\">\n<p>In this episode, Dimitri Lascaris examines evidence indicating that investigators were aware of additional co-conspirators while prosecutions stalled and key records remained undisclosed. Rami Yahia situates these revelations within a broader pattern of institutional misrepresentation that has defined major political narratives in 2025, raising serious questions about how power, accountability, and truth are managed at the highest levels.<\/p>\n<\/div><\/div><\/div>\n\n<div class=\"container\" data-sal=\"slide-up\" data-sal-easing=\"ease-in-out\" data-sal-delay=\"200\"><div class=\"row justify-content-md-center pb-3\"><div class=\"cnt_col\">\n<p>This video was produced by Reason2Resist and published on their YouTube channel on the 27th of December, 2025.<\/p>\n<\/div><\/div><\/div>\n\n<div class=\"container\" data-sal=\"slide-up\" data-sal-easing=\"ease-in-out\" data-sal-delay=\"200\"><div class=\"row justify-content-md-center pb-3\"><div class=\"cnt_col\">\n<p class=\"wp-embed-aspect-16-9 wp-has-aspect-ratio\">To read the transcript of the interview: <strong><strong><strong><strong><strong><strong><a href=\"https:\/\/www.actvism.org\/wp-content\/uploads\/2026\/01\/Jeffrey-Epsteins-Co-Conspirators_-The-Noose-Is-Tightening.docx-2.pdf\">Jeffrey Epstein&#8217;s Co-Conspirators: The Noose Is Tightening<\/a><\/strong><\/strong><\/strong><\/strong><\/strong><\/strong><\/p>\n<\/div><\/div><\/div>\n\n<div class=\"container\" data-sal=\"slide-up\" data-sal-easing=\"ease-in-out\" data-sal-delay=\"200\"><div class=\"row justify-content-md-center pb-3\"><div class=\"cnt_col\">\n<hr class=\"wp-block-separator has-alpha-channel-opacity\"\/>\n<\/div><\/div><\/div>\n\n<div class=\"container\" data-sal=\"slide-up\" data-sal-easing=\"ease-in-out\" data-sal-delay=\"200\"><div class=\"row justify-content-md-center pb-3\"><div class=\"cnt_col\">\n<p class=\"wp-embed-aspect-16-9 wp-has-aspect-ratio\">We are transitioning away from YouTube. Be sure to subscribe to the following channels to stay updated with our journalism:<\/p>\n<\/div><\/div><\/div>\n\n<div class=\"container\" data-sal=\"slide-up\" data-sal-easing=\"ease-in-out\" data-sal-delay=\"200\"><div class=\"row justify-content-md-center pb-3\"><div class=\"cnt_col\">\n<p class=\"wp-embed-aspect-16-9 wp-has-aspect-ratio\">\u25ba<a rel=\"noreferrer noopener\" href=\"https:\/\/rumble.com\/c\/acTVismMunich\" target=\"_blank\">&nbsp;RUMBLE<\/a><br>\u25ba&nbsp;<a rel=\"noreferrer noopener\" href=\"https:\/\/t.me\/acTVismMunich\" target=\"_blank\">TELEGRAM<\/a><\/p>\n<\/div><\/div><\/div>\n\n<div class=\"container\" data-sal=\"slide-up\" data-sal-easing=\"ease-in-out\" data-sal-delay=\"200\"><div class=\"row justify-content-md-center pb-3\"><div class=\"cnt_col\">\n<hr class=\"wp-block-separator has-css-opacity wp-embed-aspect-16-9 wp-has-aspect-ratio\"\/>\n<\/div><\/div><\/div>\n\n<div class=\"container\" data-sal=\"slide-up\" data-sal-easing=\"ease-in-out\" data-sal-delay=\"200\"><div class=\"row justify-content-md-center pb-3\"><div class=\"cnt_col\">\n<h2 class=\"wp-block-heading wp-embed-aspect-16-9 wp-has-aspect-ratio\">VIDEO:<strong> <strong><strong><strong><strong>Jeffrey Epstein&#8217;s Co-Conspirators: The Noose Is Tightening<\/strong><\/strong><\/strong><\/strong><\/strong><\/h2>\n<\/div><\/div><\/div>\n\n<div class=\"container\" data-sal=\"slide-up\" data-sal-easing=\"ease-in-out\" data-sal-delay=\"200\"><div class=\"row justify-content-md-center pb-3\"><div class=\"cnt_col\">\n<figure class=\"wp-block-embed is-type-video is-provider-youtube wp-block-embed-youtube wp-embed-aspect-16-9 wp-has-aspect-ratio\"><div class=\"wp-block-embed__wrapper\">\n<iframe loading=\"lazy\" title=\"Jeffrey Epstein&#039;s Co-Conspirators: The Noose Is Tightening\" width=\"500\" height=\"281\" src=\"https:\/\/www.youtube.com\/embed\/cXuy7K0FFrY?feature=oembed\" frameborder=\"0\" allow=\"accelerometer; autoplay; clipboard-write; encrypted-media; gyroscope; picture-in-picture; web-share\" referrerpolicy=\"strict-origin-when-cross-origin\" allowfullscreen><\/iframe>\n<\/div><\/figure>\n<\/div><\/div><\/div>\n\n<div class=\"container\" data-sal=\"slide-up\" data-sal-easing=\"ease-in-out\" data-sal-delay=\"200\"><div class=\"row justify-content-md-center pb-3\"><div class=\"cnt_col\">\n<hr class=\"wp-block-separator has-css-opacity wp-embed-aspect-16-9 wp-has-aspect-ratio\"\/>\n<\/div><\/div><\/div>\n\n<div class=\"container\" data-sal=\"slide-up\" data-sal-easing=\"ease-in-out\" data-sal-delay=\"200\"><div class=\"row justify-content-md-center pb-3\"><div class=\"cnt_col\">\n<p class=\"wp-embed-aspect-16-9 wp-has-aspect-ratio\">About our import program: In this program, we publish content from external authors, activists and journalists. This includes both international and local content that, in our editorial opinion, is not sufficiently covered in the media landscape. The content does not necessarily reflect acTVism Munich\u2019s own editorial stance.<\/p>\n<\/div><\/div><\/div>\n\n<div class=\"container\" data-sal=\"slide-up\" data-sal-easing=\"ease-in-out\" data-sal-delay=\"200\"><div class=\"row justify-content-md-center pb-3\"><div class=\"cnt_col\">\n<hr class=\"wp-block-separator has-css-opacity wp-embed-aspect-16-9 wp-has-aspect-ratio\"\/>\n<\/div><\/div><\/div>\n\n<div class=\"container\" data-sal=\"slide-up\" data-sal-easing=\"ease-in-out\" data-sal-delay=\"200\"><div class=\"row justify-content-md-center pb-3\"><div class=\"cnt_col\">\n<h2 class=\"wp-block-heading\">Donate today to support independent &amp; non-profit media!<\/h2>\n<\/div><\/div><\/div>\n\n<div class=\"container\" data-sal=\"slide-up\" data-sal-easing=\"ease-in-out\" data-sal-delay=\"200\"><div class=\"row justify-content-md-center pb-3\"><div class=\"cnt_col\">\n<p><a rel=\"noopener noreferrer\" href=\"https:\/\/www.actvism.org\/en\/donate\/\" target=\"_blank\">Click here<\/a> or on the picture below:<\/p>\n<\/div><\/div><\/div>\n\n<div class=\"d-flex justify-content-center pb-3 sal\" data-sal=\"slide-up\" data-sal-easing=\"ease-in-out\" data-sal-delay=\"200\">\n<figure class=\"wp-block-image size-full\"><a href=\"https:\/\/www.actvism.org\/en\/donate\/\"><img loading=\"lazy\" decoding=\"async\" width=\"700\" height=\"233\" src=\"https:\/\/www.actvism.org\/wp-content\/uploads\/2021\/12\/28_acTVism_Webseite_Donation-Image_EN_700x233px_Future-1-1.jpg\" alt=\"\" class=\"wp-image-8883\" srcset=\"https:\/\/www.actvism.org\/wp-content\/uploads\/2021\/12\/28_acTVism_Webseite_Donation-Image_EN_700x233px_Future-1-1.jpg 700w, https:\/\/www.actvism.org\/wp-content\/uploads\/2021\/12\/28_acTVism_Webseite_Donation-Image_EN_700x233px_Future-1-1-300x100.jpg 300w\" sizes=\"auto, (max-width: 700px) 100vw, 700px\" \/><\/a><\/figure>\n<\/div>\n\n<div class=\"container\" data-sal=\"slide-up\" data-sal-easing=\"ease-in-out\" data-sal-delay=\"200\"><div class=\"row justify-content-md-center pb-3\"><div class=\"cnt_col\">\n<hr class=\"wp-block-separator has-css-opacity wp-embed-aspect-16-9 wp-has-aspect-ratio\"\/>\n<\/div><\/div><\/div>\n\n<div class=\"container\" data-sal=\"slide-up\" data-sal-easing=\"ease-in-out\" data-sal-delay=\"200\"><div class=\"row justify-content-md-center pb-3\"><div class=\"cnt_col\">\n<h2 class=\"wp-block-heading\">ABOUT DIMITRI LASCARIS<\/h2>\n<\/div><\/div><\/div>\n\n<div class=\"container\" data-sal=\"slide-up\" data-sal-easing=\"ease-in-out\" data-sal-delay=\"200\"><div class=\"row justify-content-md-center pb-3\"><div class=\"cnt_col\">\n<p>Dimitri Lascaris is a journalist and lawyer. As a lawyer, he specializes in class action litigation, international law and human rights. He was a member of the shadow cabinets of the Green Parties of Canada and Quebec. In 2020, he ran for the leadership of the Green Party of Canada and came in second. He is also the founder and editor of the YouTube channel Reason2Resist with Dimitri Lascaris: <a href=\"https:\/\/www.youtube.com\/@reason2resist\">https:\/\/www.youtube.com\/@reason2resist<\/a><\/p>\n<\/div><\/div><\/div>\n\n<div class=\"container\" data-sal=\"slide-up\" data-sal-easing=\"ease-in-out\" data-sal-delay=\"200\"><div class=\"row justify-content-md-center pb-3\"><div class=\"cnt_col\">\n<h2 class=\"wp-block-heading\">ABOUT RAMI YAHIA<\/h2>\n<\/div><\/div><\/div>\n\n<div class=\"container\" data-sal=\"slide-up\" data-sal-easing=\"ease-in-out\" data-sal-delay=\"200\"><div class=\"row justify-content-md-center pb-3\"><div class=\"cnt_col\">\n<p> Rami Yahia is a political analyst, commentator, and co-host of the Reason2Resist livestream series, where he examines global conflicts and Western foreign policy alongside Dimitri Lascaris. His work centers on critical perspectives of U.S. and European geopolitical strategies, with particular attention to issues of militarism, resource politics, and justice for marginalized communities. Yahia frequently moderates discussions that highlight contradictions in official narratives and provide space for alternative viewpoints on international affairs.<\/p>\n<\/div><\/div><\/div>\n\n<div class=\"container\" data-sal=\"slide-up\" data-sal-easing=\"ease-in-out\" data-sal-delay=\"200\"><div class=\"row justify-content-md-center pb-3\"><div class=\"cnt_col\">\n<hr class=\"wp-block-separator has-alpha-channel-opacity wp-embed-aspect-16-9 wp-has-aspect-ratio\"\/>\n<\/div><\/div><\/div>","protected":false},"excerpt":{"rendered":"<p>We are currently in our annual crowdfunding campaign. If you want our independent and non-profit media network to continue in 2025, please participate in this campaign&nbsp;by&nbsp;clicking here. For years, U.S. authorities insisted that Jeffrey Epstein and Ghislaine Maxwell acted alone. Despite vast quantities of evidence, thousands of victim testimonies, and extensive internal reviews, the Department [&hellip;]<\/p>\n","protected":false},"author":1,"featured_media":13919,"comment_status":"open","ping_status":"open","sticky":false,"template":"","format":"standard","meta":{"_acf_changed":true,"inline_featured_image":false,"footnotes":""},"categories":[1],"tags":[104,24531,24539,23983,24505,24534,24535,24834,23984,24727,24810,23986,24530,24504,24809,103,24835,24836,260,24538,23981,24532,24766,24536,24811,23987,24812,24837,70],"channel":[20955],"class_list":["post-13916","post","type-post","status-publish","format-standard","has-post-thumbnail","hentry","category-latest","tag-cia","tag-donald-trump-jeffrey-epstein","tag-ehud-barak-jeffrey-epstein","tag-epstein","tag-epstein-akten-2","tag-epstein-email","tag-epstein-emails","tag-epstein-fbi","tag-epstein-files","tag-epstein-files-transparency-act","tag-epstein-fotos-2","tag-epstein-israel","tag-epstein-trump","tag-epstein-akten","tag-epstein-fotos","tag-fbi","tag-fbi-epstein","tag-ghislaine-maxwell","tag-israel","tag-israel-jeffrey-epstein","tag-jeffrey-epstein","tag-jeffrey-epstein-donald-trump","tag-jeffrey-epstein-ehud-barak","tag-jeffrey-epstein-emails","tag-jeffrey-epstein-fotos","tag-jeffrey-epstein-israel","tag-jeffrey-epstein-photos","tag-maxwell","tag-propaganda","channel-import"],"translation":{"provider":"WPGlobus","version":"3.0.0","language":"en","enabled_languages":["de","en"],"languages":{"de":{"title":true,"content":true,"excerpt":false},"en":{"title":true,"content":true,"excerpt":false}}},"acf":[],"yoast_head":"<!-- This site is optimized with the Yoast SEO plugin v27.5 - https:\/\/yoast.com\/product\/yoast-seo-wordpress\/ -->\n<title>Jeffrey Epstein&#039;s Co-Conspirators: The Noose Is Tightening<\/title>\n<meta name=\"description\" content=\"Jeffrey Epstein&#039;s Co-Conspirators: The Noose Is Tightening. In this episode, Dimitri Lascaris examines evidence indicating that investigators\" \/>\n<meta name=\"robots\" content=\"index, follow, max-snippet:-1, max-image-preview:large, max-video-preview:-1\" \/>\n<link rel=\"canonical\" href=\"https:\/\/www.actvism.org\/latest\/epstein-akten-fbi\/\" \/>\n<meta property=\"og:locale\" content=\"en_US\" \/>\n<meta property=\"og:type\" content=\"article\" \/>\n<meta property=\"og:title\" content=\"Jeffrey Epstein&#039;s Co-Conspirators: The Noose Is Tightening\" \/>\n<meta property=\"og:description\" content=\"In this episode, Dimitri Lascaris examines evidence indicating that investigators were aware of additional co-conspirators while prosecutions stalled and key records remained undisclosed.\" \/>\n<meta property=\"og:url\" content=\"https:\/\/www.actvism.org\/latest\/epstein-akten-fbi\/\" \/>\n<meta property=\"og:site_name\" content=\"acTVism\" \/>\n<meta property=\"article:publisher\" content=\"https:\/\/facebook.com\/acTVism\" \/>\n<meta property=\"article:published_time\" content=\"2026-01-01T14:24:05+00:00\" \/>\n<meta property=\"article:modified_time\" content=\"2026-01-01T14:24:06+00:00\" \/>\n<meta property=\"og:image\" content=\"https:\/\/www.actvism.org\/wp-content\/uploads\/2026\/01\/2252-Design-ENG-1024x576.jpg\" \/>\n\t<meta property=\"og:image:width\" content=\"1920\" \/>\n\t<meta property=\"og:image:height\" content=\"1080\" \/>\n\t<meta property=\"og:image:type\" content=\"image\/jpeg\" \/>\n<meta name=\"author\" content=\"atv_admin\" \/>\n<meta name=\"twitter:card\" content=\"summary_large_image\" \/>\n<meta name=\"twitter:creator\" content=\"@acTVismMunich\" \/>\n<meta name=\"twitter:site\" content=\"@acTVismMunich\" \/>\n<meta name=\"twitter:label1\" content=\"Written by\" \/>\n\t<meta name=\"twitter:data1\" content=\"atv_admin\" \/>\n\t<meta name=\"twitter:label2\" content=\"Est. reading time\" \/>\n\t<meta name=\"twitter:data2\" content=\"12 minutes\" \/>\n<script type=\"application\/ld+json\" class=\"yoast-schema-graph\">{\"@context\":\"https:\\\/\\\/schema.org\",\"@graph\":[{\"@type\":\"Article\",\"@id\":\"https:\\\/\\\/www.actvism.org\\\/latest\\\/epstein-akten-fbi\\\/#article\",\"isPartOf\":{\"@id\":\"https:\\\/\\\/www.actvism.org\\\/latest\\\/epstein-akten-fbi\\\/\"},\"author\":{\"name\":\"atv_admin\",\"@id\":\"https:\\\/\\\/www.actvism.org\\\/#\\\/schema\\\/person\\\/bc2c8684912eb2289fe0009f5ca451d6\"},\"headline\":\"Jeffrey Epstein&#8217;s Co-Conspirators: The Noose Is Tightening\",\"datePublished\":\"2026-01-01T14:24:05+00:00\",\"dateModified\":\"2026-01-01T14:24:06+00:00\",\"mainEntityOfPage\":{\"@id\":\"https:\\\/\\\/www.actvism.org\\\/latest\\\/epstein-akten-fbi\\\/\"},\"wordCount\":932,\"commentCount\":0,\"publisher\":{\"@id\":\"https:\\\/\\\/www.actvism.org\\\/#organization\"},\"image\":{\"@id\":\"https:\\\/\\\/www.actvism.org\\\/latest\\\/epstein-akten-fbi\\\/#primaryimage\"},\"thumbnailUrl\":\"https:\\\/\\\/www.actvism.org\\\/wp-content\\\/uploads\\\/2026\\\/01\\\/2252-Design.jpg\",\"keywords\":[\"CIA\",\"donald trump jeffrey epstein\",\"ehud barak jeffrey epstein\",\"epstein\",\"epstein akten\",\"epstein email\",\"epstein emails\",\"epstein fbi\",\"epstein files\",\"Epstein Files Transparency Act\",\"epstein fotos\",\"epstein israel\",\"epstein trump\",\"Epstein-Akten\",\"epstein-fotos\",\"FBI\",\"fbi epstein\",\"Ghislaine Maxwell\",\"Israel\",\"israel jeffrey epstein\",\"jeffrey epstein\",\"jeffrey epstein donald trump\",\"jeffrey epstein ehud barak\",\"jeffrey epstein emails\",\"jeffrey epstein fotos\",\"jeffrey epstein israel\",\"jeffrey epstein photos\",\"maxwell\",\"Propaganda\"],\"articleSection\":[\"LATEST\"],\"inLanguage\":\"en-US\",\"potentialAction\":[{\"@type\":\"CommentAction\",\"name\":\"Comment\",\"target\":[\"https:\\\/\\\/www.actvism.org\\\/latest\\\/epstein-akten-fbi\\\/#respond\"]}]},{\"@type\":\"WebPage\",\"@id\":\"https:\\\/\\\/www.actvism.org\\\/latest\\\/epstein-akten-fbi\\\/\",\"url\":\"https:\\\/\\\/www.actvism.org\\\/latest\\\/epstein-akten-fbi\\\/\",\"name\":\"Epstein-Akten: Das FBI wusste von Mitverschw\u00f6rern\",\"isPartOf\":{\"@id\":\"https:\\\/\\\/www.actvism.org\\\/#website\"},\"primaryImageOfPage\":{\"@id\":\"https:\\\/\\\/www.actvism.org\\\/latest\\\/epstein-akten-fbi\\\/#primaryimage\"},\"image\":{\"@id\":\"https:\\\/\\\/www.actvism.org\\\/latest\\\/epstein-akten-fbi\\\/#primaryimage\"},\"thumbnailUrl\":\"https:\\\/\\\/www.actvism.org\\\/wp-content\\\/uploads\\\/2026\\\/01\\\/2252-Design.jpg\",\"datePublished\":\"2026-01-01T14:24:05+00:00\",\"dateModified\":\"2026-01-01T14:24:06+00:00\",\"description\":\"Epstein-Akten: Das FBI wusste von Mitverschw\u00f6rern. In dieser Folge analysiert Dimitri Lascaris die Belege daf\u00fcr, dass Ermittlungsbeh\u00f6rden ...\",\"inLanguage\":\"en-US\",\"potentialAction\":[{\"@type\":\"ReadAction\",\"target\":[\"https:\\\/\\\/www.actvism.org\\\/latest\\\/epstein-akten-fbi\\\/\"]}]},{\"@type\":\"ImageObject\",\"inLanguage\":\"en-US\",\"@id\":\"https:\\\/\\\/www.actvism.org\\\/latest\\\/epstein-akten-fbi\\\/#primaryimage\",\"url\":\"https:\\\/\\\/www.actvism.org\\\/wp-content\\\/uploads\\\/2026\\\/01\\\/2252-Design.jpg\",\"contentUrl\":\"https:\\\/\\\/www.actvism.org\\\/wp-content\\\/uploads\\\/2026\\\/01\\\/2252-Design.jpg\",\"width\":1920,\"height\":1080,\"caption\":\"Epstein-Akten: Das FBI wusste von Mitverschw\u00f6rern\"},{\"@type\":\"WebSite\",\"@id\":\"https:\\\/\\\/www.actvism.org\\\/#website\",\"url\":\"https:\\\/\\\/www.actvism.org\\\/\",\"name\":\"acTVism\",\"description\":\"information that moves\",\"publisher\":{\"@id\":\"https:\\\/\\\/www.actvism.org\\\/#organization\"},\"potentialAction\":[{\"@type\":\"SearchAction\",\"target\":{\"@type\":\"EntryPoint\",\"urlTemplate\":\"https:\\\/\\\/www.actvism.org\\\/?s={search_term_string}\"},\"query-input\":{\"@type\":\"PropertyValueSpecification\",\"valueRequired\":true,\"valueName\":\"search_term_string\"}}],\"inLanguage\":\"en-US\"},{\"@type\":\"Organization\",\"@id\":\"https:\\\/\\\/www.actvism.org\\\/#organization\",\"name\":\"acTVism Munich e.V.\",\"url\":\"https:\\\/\\\/www.actvism.org\\\/\",\"logo\":{\"@type\":\"ImageObject\",\"inLanguage\":\"en-US\",\"@id\":\"https:\\\/\\\/www.actvism.org\\\/#\\\/schema\\\/logo\\\/image\\\/\",\"url\":\"https:\\\/\\\/www.actvism.org\\\/wp-content\\\/uploads\\\/2020\\\/11\\\/logo.svg\",\"contentUrl\":\"https:\\\/\\\/www.actvism.org\\\/wp-content\\\/uploads\\\/2020\\\/11\\\/logo.svg\",\"width\":200,\"height\":57,\"caption\":\"acTVism Munich e.V.\"},\"image\":{\"@id\":\"https:\\\/\\\/www.actvism.org\\\/#\\\/schema\\\/logo\\\/image\\\/\"},\"sameAs\":[\"https:\\\/\\\/facebook.com\\\/acTVism\",\"https:\\\/\\\/x.com\\\/acTVismMunich\"]},{\"@type\":\"Person\",\"@id\":\"https:\\\/\\\/www.actvism.org\\\/#\\\/schema\\\/person\\\/bc2c8684912eb2289fe0009f5ca451d6\",\"name\":\"atv_admin\",\"image\":{\"@type\":\"ImageObject\",\"inLanguage\":\"en-US\",\"@id\":\"https:\\\/\\\/secure.gravatar.com\\\/avatar\\\/53465926e4246ee1b807a849c23197531fd45c1bcd02682ada54ddb12eaa7a6d?s=96&d=mm&r=g\",\"url\":\"https:\\\/\\\/secure.gravatar.com\\\/avatar\\\/53465926e4246ee1b807a849c23197531fd45c1bcd02682ada54ddb12eaa7a6d?s=96&d=mm&r=g\",\"contentUrl\":\"https:\\\/\\\/secure.gravatar.com\\\/avatar\\\/53465926e4246ee1b807a849c23197531fd45c1bcd02682ada54ddb12eaa7a6d?s=96&d=mm&r=g\",\"caption\":\"atv_admin\"},\"url\":\"https:\\\/\\\/www.actvism.org\\\/en\\\/author\\\/atv_admin\\\/\"}]}<\/script>\n<!-- \/ Yoast SEO plugin. -->","yoast_head_json":{"title":"Jeffrey Epstein's Co-Conspirators: The Noose Is Tightening","description":"Jeffrey Epstein's Co-Conspirators: The Noose Is Tightening. In this episode, Dimitri Lascaris examines evidence indicating that investigators","robots":{"index":"index","follow":"follow","max-snippet":"max-snippet:-1","max-image-preview":"max-image-preview:large","max-video-preview":"max-video-preview:-1"},"canonical":"https:\/\/www.actvism.org\/latest\/epstein-akten-fbi\/","og_locale":"en_US","og_type":"article","og_title":"Jeffrey Epstein's Co-Conspirators: The Noose Is Tightening","og_description":"In this episode, Dimitri Lascaris examines evidence indicating that investigators were aware of additional co-conspirators while prosecutions stalled and key records remained undisclosed.","og_url":"https:\/\/www.actvism.org\/latest\/epstein-akten-fbi\/","og_site_name":"acTVism","article_publisher":"https:\/\/facebook.com\/acTVism","article_published_time":"2026-01-01T14:24:05+00:00","article_modified_time":"2026-01-01T14:24:06+00:00","og_image":[{"width":1920,"height":1080,"url":"https:\/\/www.actvism.org\/wp-content\/uploads\/2026\/01\/2252-Design-ENG-1024x576.jpg","type":"image\/jpeg"}],"author":"atv_admin","twitter_card":"summary_large_image","twitter_creator":"@acTVismMunich","twitter_site":"@acTVismMunich","twitter_misc":{"Written by":"atv_admin","Est. reading time":"12 minutes"},"schema":{"@context":"https:\/\/schema.org","@graph":[{"@type":"Article","@id":"https:\/\/www.actvism.org\/latest\/epstein-akten-fbi\/#article","isPartOf":{"@id":"https:\/\/www.actvism.org\/latest\/epstein-akten-fbi\/"},"author":{"name":"atv_admin","@id":"https:\/\/www.actvism.org\/#\/schema\/person\/bc2c8684912eb2289fe0009f5ca451d6"},"headline":"Jeffrey Epstein&#8217;s Co-Conspirators: The Noose Is Tightening","datePublished":"2026-01-01T14:24:05+00:00","dateModified":"2026-01-01T14:24:06+00:00","mainEntityOfPage":{"@id":"https:\/\/www.actvism.org\/latest\/epstein-akten-fbi\/"},"wordCount":932,"commentCount":0,"publisher":{"@id":"https:\/\/www.actvism.org\/#organization"},"image":{"@id":"https:\/\/www.actvism.org\/latest\/epstein-akten-fbi\/#primaryimage"},"thumbnailUrl":"https:\/\/www.actvism.org\/wp-content\/uploads\/2026\/01\/2252-Design.jpg","keywords":["CIA","donald trump jeffrey epstein","ehud barak jeffrey epstein","epstein","epstein akten","epstein email","epstein emails","epstein fbi","epstein files","Epstein Files Transparency Act","epstein fotos","epstein israel","epstein trump","Epstein-Akten","epstein-fotos","FBI","fbi epstein","Ghislaine Maxwell","Israel","israel jeffrey epstein","jeffrey epstein","jeffrey epstein donald trump","jeffrey epstein ehud barak","jeffrey epstein emails","jeffrey epstein fotos","jeffrey epstein israel","jeffrey epstein photos","maxwell","Propaganda"],"articleSection":["LATEST"],"inLanguage":"en-US","potentialAction":[{"@type":"CommentAction","name":"Comment","target":["https:\/\/www.actvism.org\/latest\/epstein-akten-fbi\/#respond"]}]},{"@type":"WebPage","@id":"https:\/\/www.actvism.org\/latest\/epstein-akten-fbi\/","url":"https:\/\/www.actvism.org\/latest\/epstein-akten-fbi\/","name":"Epstein-Akten: Das FBI wusste von Mitverschw\u00f6rern","isPartOf":{"@id":"https:\/\/www.actvism.org\/#website"},"primaryImageOfPage":{"@id":"https:\/\/www.actvism.org\/latest\/epstein-akten-fbi\/#primaryimage"},"image":{"@id":"https:\/\/www.actvism.org\/latest\/epstein-akten-fbi\/#primaryimage"},"thumbnailUrl":"https:\/\/www.actvism.org\/wp-content\/uploads\/2026\/01\/2252-Design.jpg","datePublished":"2026-01-01T14:24:05+00:00","dateModified":"2026-01-01T14:24:06+00:00","description":"Epstein-Akten: Das FBI wusste von Mitverschw\u00f6rern. In dieser Folge analysiert Dimitri Lascaris die Belege daf\u00fcr, dass Ermittlungsbeh\u00f6rden ...","inLanguage":"en-US","potentialAction":[{"@type":"ReadAction","target":["https:\/\/www.actvism.org\/latest\/epstein-akten-fbi\/"]}]},{"@type":"ImageObject","inLanguage":"en-US","@id":"https:\/\/www.actvism.org\/latest\/epstein-akten-fbi\/#primaryimage","url":"https:\/\/www.actvism.org\/wp-content\/uploads\/2026\/01\/2252-Design.jpg","contentUrl":"https:\/\/www.actvism.org\/wp-content\/uploads\/2026\/01\/2252-Design.jpg","width":1920,"height":1080,"caption":"Epstein-Akten: Das FBI wusste von Mitverschw\u00f6rern"},{"@type":"WebSite","@id":"https:\/\/www.actvism.org\/#website","url":"https:\/\/www.actvism.org\/","name":"acTVism","description":"information that moves","publisher":{"@id":"https:\/\/www.actvism.org\/#organization"},"potentialAction":[{"@type":"SearchAction","target":{"@type":"EntryPoint","urlTemplate":"https:\/\/www.actvism.org\/?s={search_term_string}"},"query-input":{"@type":"PropertyValueSpecification","valueRequired":true,"valueName":"search_term_string"}}],"inLanguage":"en-US"},{"@type":"Organization","@id":"https:\/\/www.actvism.org\/#organization","name":"acTVism Munich e.V.","url":"https:\/\/www.actvism.org\/","logo":{"@type":"ImageObject","inLanguage":"en-US","@id":"https:\/\/www.actvism.org\/#\/schema\/logo\/image\/","url":"https:\/\/www.actvism.org\/wp-content\/uploads\/2020\/11\/logo.svg","contentUrl":"https:\/\/www.actvism.org\/wp-content\/uploads\/2020\/11\/logo.svg","width":200,"height":57,"caption":"acTVism Munich e.V."},"image":{"@id":"https:\/\/www.actvism.org\/#\/schema\/logo\/image\/"},"sameAs":["https:\/\/facebook.com\/acTVism","https:\/\/x.com\/acTVismMunich"]},{"@type":"Person","@id":"https:\/\/www.actvism.org\/#\/schema\/person\/bc2c8684912eb2289fe0009f5ca451d6","name":"atv_admin","image":{"@type":"ImageObject","inLanguage":"en-US","@id":"https:\/\/secure.gravatar.com\/avatar\/53465926e4246ee1b807a849c23197531fd45c1bcd02682ada54ddb12eaa7a6d?s=96&d=mm&r=g","url":"https:\/\/secure.gravatar.com\/avatar\/53465926e4246ee1b807a849c23197531fd45c1bcd02682ada54ddb12eaa7a6d?s=96&d=mm&r=g","contentUrl":"https:\/\/secure.gravatar.com\/avatar\/53465926e4246ee1b807a849c23197531fd45c1bcd02682ada54ddb12eaa7a6d?s=96&d=mm&r=g","caption":"atv_admin"},"url":"https:\/\/www.actvism.org\/en\/author\/atv_admin\/"}]}},"_links":{"self":[{"href":"https:\/\/www.actvism.org\/en\/wp-json\/wp\/v2\/posts\/13916","targetHints":{"allow":["GET"]}}],"collection":[{"href":"https:\/\/www.actvism.org\/en\/wp-json\/wp\/v2\/posts"}],"about":[{"href":"https:\/\/www.actvism.org\/en\/wp-json\/wp\/v2\/types\/post"}],"author":[{"embeddable":true,"href":"https:\/\/www.actvism.org\/en\/wp-json\/wp\/v2\/users\/1"}],"replies":[{"embeddable":true,"href":"https:\/\/www.actvism.org\/en\/wp-json\/wp\/v2\/comments?post=13916"}],"version-history":[{"count":0,"href":"https:\/\/www.actvism.org\/en\/wp-json\/wp\/v2\/posts\/13916\/revisions"}],"wp:featuredmedia":[{"embeddable":true,"href":"https:\/\/www.actvism.org\/en\/wp-json\/wp\/v2\/media\/13919"}],"wp:attachment":[{"href":"https:\/\/www.actvism.org\/en\/wp-json\/wp\/v2\/media?parent=13916"}],"wp:term":[{"taxonomy":"category","embeddable":true,"href":"https:\/\/www.actvism.org\/en\/wp-json\/wp\/v2\/categories?post=13916"},{"taxonomy":"post_tag","embeddable":true,"href":"https:\/\/www.actvism.org\/en\/wp-json\/wp\/v2\/tags?post=13916"},{"taxonomy":"channel","embeddable":true,"href":"https:\/\/www.actvism.org\/en\/wp-json\/wp\/v2\/channel?post=13916"}],"curies":[{"name":"wp","href":"https:\/\/api.w.org\/{rel}","templated":true}]}}