{"id":14149,"date":"2026-03-14T10:15:54","date_gmt":"2026-03-14T09:15:54","guid":{"rendered":"https:\/\/www.actvism.org\/?p=14149"},"modified":"2026-03-14T10:15:55","modified_gmt":"2026-03-14T09:15:55","slug":"gaza-deutschen-medien-zaboura","status":"publish","type":"post","link":"https:\/\/www.actvism.org\/en\/latest\/gaza-deutschen-medien-zaboura\/","title":{"rendered":"BERICHT: Gaza und die deutschen Medien \u2013 Eine kritische Analyse"},"content":{"rendered":"<div class=\"container\" data-sal=\"slide-up\" data-sal-easing=\"ease-in-out\" data-sal-delay=\"200\"><div class=\"row justify-content-md-center pb-3\"><div class=\"cnt_col\">\n<p><a href=\"https:\/\/www.patreon.com\/acTVism\" target=\"_blank\" rel=\"noreferrer noopener\">Due to limited capacity as a non-profit and independent organization, the content on this page is only available in German. You can support us via Patreon to help us improve our capacity to produce every video in English as well.<\/a><\/p>\n<\/div><\/div><\/div>\n\n<div class=\"container\" data-sal=\"slide-up\" data-sal-easing=\"ease-in-out\" data-sal-delay=\"200\"><div class=\"row justify-content-md-center pb-3\"><div class=\"cnt_col\">\n<hr class=\"wp-block-separator has-alpha-channel-opacity\"\/>\n<\/div><\/div><\/div>\n\n<div class=\"container\" data-sal=\"slide-up\" data-sal-easing=\"ease-in-out\" data-sal-delay=\"200\"><div class=\"row justify-content-md-center pb-3\"><div class=\"cnt_col\">\n<p class=\"wp-embed-aspect-16-9 wp-has-aspect-ratio\">In diesem Bericht dokumentieren wir die Veranstaltung \u201eGaza und die deutschen Medien\u201c, die am 12. M\u00e4rz 2026 im Hansa Haus in M\u00fcnchen stattfand. Die Veranstaltung widmete sich der Frage, wie deutsche Medien \u00fcber den Gaza-Krieg berichten und welche Rolle Narrative, Sprache und journalistische Verantwortung in der \u00f6ffentlichen Berichterstattung spielen.<\/p>\n<\/div><\/div><\/div>\n\n<div class=\"container\" data-sal=\"slide-up\" data-sal-easing=\"ease-in-out\" data-sal-delay=\"200\"><div class=\"row justify-content-md-center pb-3\"><div class=\"cnt_col\">\n<p>Der Bericht enth\u00e4lt Eindr\u00fccke aus dem Vortrag der Kommunikationswissenschaftlerin und Linguistin Nadia S. Zaboura sowie ein Interview mit Riad Othman, Nahostreferent von medico international. Die vollst\u00e4ndige Version des Vortrags wird n\u00e4chste Woche auf unserem Kanal ver\u00f6ffentlicht.<\/p>\n<\/div><\/div><\/div>\n\n<div class=\"container\" data-sal=\"slide-up\" data-sal-easing=\"ease-in-out\" data-sal-delay=\"200\"><div class=\"row justify-content-md-center pb-3\"><div class=\"cnt_col\">\n<hr class=\"wp-block-separator has-alpha-channel-opacity\"\/>\n<\/div><\/div><\/div>\n\n<div class=\"container\" data-sal=\"slide-up\" data-sal-easing=\"ease-in-out\" data-sal-delay=\"200\"><div class=\"row justify-content-md-center pb-3\"><div class=\"cnt_col\">\n<p class=\"wp-embed-aspect-16-9 wp-has-aspect-ratio\">Wir steigen von&nbsp;<a href=\"https:\/\/www.actvism.org\/politics\/youtube-sperrt-inhalte-russland\/\" target=\"_blank\" rel=\"noreferrer noopener\">YouTube aus<\/a>. Treten Sie unseren neuen Kan\u00e4len bei. Klicken Sie auf die untenstehenden Links und abonnieren Sie noch heute:<\/p>\n<\/div><\/div><\/div>\n\n<div class=\"container\" data-sal=\"slide-up\" data-sal-easing=\"ease-in-out\" data-sal-delay=\"200\"><div class=\"row justify-content-md-center pb-3\"><div class=\"cnt_col\">\n<p class=\"wp-embed-aspect-16-9 wp-has-aspect-ratio\">\u25ba<a href=\"https:\/\/rumble.com\/c\/acTVismMunich\" target=\"_blank\" rel=\"noreferrer noopener\">&nbsp;RUMBLE<\/a><br>\u25ba&nbsp;<a href=\"https:\/\/t.me\/acTVismMunich\" target=\"_blank\" rel=\"noreferrer noopener\">TELEGRAM<\/a><\/p>\n<\/div><\/div><\/div>\n\n<div class=\"container\" data-sal=\"slide-up\" data-sal-easing=\"ease-in-out\" data-sal-delay=\"200\"><div class=\"row justify-content-md-center pb-3\"><div class=\"cnt_col\">\n<hr class=\"wp-block-separator has-css-opacity wp-embed-aspect-16-9 wp-has-aspect-ratio\"\/>\n<\/div><\/div><\/div>\n\n<div class=\"container\" data-sal=\"slide-up\" data-sal-easing=\"ease-in-out\" data-sal-delay=\"200\"><div class=\"row justify-content-md-center pb-3\"><div class=\"cnt_col\">\n<h2 class=\"wp-block-heading wp-embed-aspect-16-9 wp-has-aspect-ratio\">VIDEO: BERICHT: Gaza und die deutschen Medien \u2013 Eine kritische Analyse<\/h2>\n<\/div><\/div><\/div>\n\n<div class=\"container\" data-sal=\"slide-up\" data-sal-easing=\"ease-in-out\" data-sal-delay=\"200\"><div class=\"row justify-content-md-center pb-3\"><div class=\"cnt_col\">\n<figure class=\"wp-block-embed is-type-video is-provider-youtube wp-block-embed-youtube wp-embed-aspect-16-9 wp-has-aspect-ratio\"><div class=\"wp-block-embed__wrapper\">\n<iframe loading=\"lazy\" title=\"BERICHT: Gaza und die deutschen Medien \u2013 Eine kritische Analyse\" width=\"500\" height=\"281\" src=\"https:\/\/www.youtube.com\/embed\/fSdQJV27fqE?feature=oembed\" frameborder=\"0\" allow=\"accelerometer; autoplay; clipboard-write; encrypted-media; gyroscope; picture-in-picture; web-share\" referrerpolicy=\"strict-origin-when-cross-origin\" allowfullscreen><\/iframe>\n<\/div><\/figure>\n<\/div><\/div><\/div>\n\n<div class=\"container\" data-sal=\"slide-up\" data-sal-easing=\"ease-in-out\" data-sal-delay=\"200\"><div class=\"row justify-content-md-center pb-3\"><div class=\"cnt_col\">\n<hr class=\"wp-block-separator has-css-opacity wp-embed-aspect-16-9 wp-has-aspect-ratio\"\/>\n<\/div><\/div><\/div>\n\n<div class=\"container\" data-sal=\"slide-up\" data-sal-easing=\"ease-in-out\" data-sal-delay=\"200\"><div class=\"row justify-content-md-center pb-3\"><div class=\"cnt_col\">\n<h2 class=\"wp-block-heading\">Spenden Sie, um unabh\u00e4ngige Medien zu unterst\u00fctzen!<\/h2>\n<\/div><\/div><\/div>\n\n<div class=\"container\" data-sal=\"slide-up\" data-sal-easing=\"ease-in-out\" data-sal-delay=\"200\"><div class=\"row justify-content-md-center pb-3\"><div class=\"cnt_col\">\n<p><a href=\"https:\/\/www.actvism.org\/donate\/\" target=\"_blank\" rel=\"noreferrer noopener\">Klicken Sie hier oder auf das Bild.<\/a><\/p>\n<\/div><\/div><\/div>\n\n<div class=\"d-flex justify-content-center pb-3 sal\" data-sal=\"slide-up\" data-sal-easing=\"ease-in-out\" data-sal-delay=\"200\">\n<div class=\"wp-block-image\"><figure class=\"aligncenter\"><a href=\"https:\/\/www.actvism.org\/donate\/\" target=\"_blank\" rel=\"noreferrer noopener\"><img loading=\"lazy\" decoding=\"async\" width=\"700\" height=\"233\" src=\"https:\/\/www.actvism.org\/wp-content\/uploads\/2018\/06\/28_acTVism_Webseite_Donation-Image_DE_700x233px_Zukunft.jpg\" alt=\"\" class=\"wp-image-4451\" srcset=\"https:\/\/www.actvism.org\/wp-content\/uploads\/2018\/06\/28_acTVism_Webseite_Donation-Image_DE_700x233px_Zukunft.jpg 700w, https:\/\/www.actvism.org\/wp-content\/uploads\/2018\/06\/28_acTVism_Webseite_Donation-Image_DE_700x233px_Zukunft-300x100.jpg 300w\" sizes=\"auto, (max-width: 700px) 100vw, 700px\" \/><\/a><\/figure><\/div>\n<\/div>\n\n<div class=\"container\" data-sal=\"slide-up\" data-sal-easing=\"ease-in-out\" data-sal-delay=\"200\"><div class=\"row justify-content-md-center pb-3\"><div class=\"cnt_col\">\n<hr class=\"wp-block-separator has-css-opacity wp-embed-aspect-16-9 wp-has-aspect-ratio\"\/>\n<\/div><\/div><\/div>","protected":false},"excerpt":{"rendered":"<p>Due to limited capacity as a non-profit and independent organization, the content on this page is only available in German. You can support us via Patreon to help us improve our capacity to produce every video in English as well. In diesem Bericht dokumentieren wir die Veranstaltung \u201eGaza und die deutschen Medien\u201c, die am 12. [&hellip;]<\/p>\n","protected":false},"author":1,"featured_media":14150,"comment_status":"open","ping_status":"open","sticky":false,"template":"","format":"standard","meta":{"_acf_changed":true,"inline_featured_image":false,"footnotes":""},"categories":[1],"tags":[21363,22201,23683,25098,25099,404,25100,21352,528,260,21849,414,896,1873,25096,25095,395,263,70,21828,1120,23567,1965,25097],"channel":[20956],"class_list":["post-14149","post","type-post","status-publish","format-standard","has-post-thumbnail","hentry","category-latest","tag-antisemitism","tag-antisemitismus","tag-deutsche-medien","tag-deutschland-medien","tag-felix-klein","tag-gaza","tag-gaza-und-die-deutschen-medien","tag-hamas","tag-idf","tag-israel","tag-israel-propaganda","tag-journalismus","tag-kerem-schamberger","tag-medien","tag-nadia-s-zaboura","tag-nadia-zaboura","tag-palaestina","tag-palestine","tag-propaganda","tag-propaganda-model","tag-propagandamodell","tag-tagesschau","tag-welt","tag-zaboura","channel-hotspot"],"translation":{"provider":"WPGlobus","version":"3.0.0","language":"en","enabled_languages":["de","en"],"languages":{"de":{"title":true,"content":true,"excerpt":false},"en":{"title":true,"content":true,"excerpt":false}}},"acf":[],"yoast_head":"<!-- This site is optimized with the Yoast SEO plugin v27.5 - https:\/\/yoast.com\/product\/yoast-seo-wordpress\/ -->\n<title>Gaza und die deutschen Medien \u2013 Eine kritische Analyse<\/title>\n<meta name=\"description\" content=\"Bericht zur Veranstaltung \u201eGaza und die deutschen Medien\u201c in M\u00fcnchen mit Medienanalyse von Nadia Zaboura und Interview mit Riad Othman.\" \/>\n<meta name=\"robots\" content=\"index, follow, max-snippet:-1, max-image-preview:large, max-video-preview:-1\" \/>\n<link rel=\"canonical\" href=\"https:\/\/www.actvism.org\/latest\/gaza-deutschen-medien-zaboura\/\" \/>\n<meta property=\"og:locale\" content=\"en_US\" \/>\n<meta property=\"og:type\" content=\"article\" \/>\n<meta property=\"og:title\" content=\"Gaza und die deutschen Medien \u2013 Eine kritische Analyse\" \/>\n<meta property=\"og:description\" content=\"Bericht zur Veranstaltung \u201eGaza und die deutschen Medien\u201c in M\u00fcnchen mit Medienanalyse von Nadia Zaboura und Interview mit Riad Othman.\" \/>\n<meta property=\"og:url\" content=\"https:\/\/www.actvism.org\/latest\/gaza-deutschen-medien-zaboura\/\" \/>\n<meta property=\"og:site_name\" content=\"acTVism\" \/>\n<meta property=\"article:publisher\" content=\"https:\/\/facebook.com\/acTVism\" \/>\n<meta property=\"article:published_time\" content=\"2026-03-14T09:15:54+00:00\" \/>\n<meta property=\"article:modified_time\" content=\"2026-03-14T09:15:55+00:00\" \/>\n<meta property=\"og:image\" content=\"https:\/\/www.actvism.org\/wp-content\/uploads\/2026\/03\/shutterstock_2754246921-1024x572.jpg\" \/>\n\t<meta property=\"og:image:width\" content=\"1376\" \/>\n\t<meta property=\"og:image:height\" content=\"768\" \/>\n\t<meta property=\"og:image:type\" content=\"image\/jpeg\" \/>\n<meta name=\"author\" content=\"atv_admin\" \/>\n<meta name=\"twitter:card\" content=\"summary_large_image\" \/>\n<meta name=\"twitter:creator\" content=\"@acTVismMunich\" \/>\n<meta name=\"twitter:site\" content=\"@acTVismMunich\" \/>\n<meta name=\"twitter:label1\" content=\"Written by\" \/>\n\t<meta name=\"twitter:data1\" content=\"atv_admin\" \/>\n\t<meta name=\"twitter:label2\" content=\"Est. reading time\" \/>\n\t<meta name=\"twitter:data2\" content=\"2 minutes\" \/>\n<script type=\"application\/ld+json\" class=\"yoast-schema-graph\">{\"@context\":\"https:\\\/\\\/schema.org\",\"@graph\":[{\"@type\":\"Article\",\"@id\":\"https:\\\/\\\/www.actvism.org\\\/latest\\\/gaza-deutschen-medien-zaboura\\\/#article\",\"isPartOf\":{\"@id\":\"https:\\\/\\\/www.actvism.org\\\/latest\\\/gaza-deutschen-medien-zaboura\\\/\"},\"author\":{\"name\":\"atv_admin\",\"@id\":\"https:\\\/\\\/www.actvism.org\\\/#\\\/schema\\\/person\\\/bc2c8684912eb2289fe0009f5ca451d6\"},\"headline\":\"BERICHT: Gaza und die deutschen Medien \u2013 Eine kritische Analyse\",\"datePublished\":\"2026-03-14T09:15:54+00:00\",\"dateModified\":\"2026-03-14T09:15:55+00:00\",\"mainEntityOfPage\":{\"@id\":\"https:\\\/\\\/www.actvism.org\\\/latest\\\/gaza-deutschen-medien-zaboura\\\/\"},\"wordCount\":328,\"commentCount\":0,\"publisher\":{\"@id\":\"https:\\\/\\\/www.actvism.org\\\/#organization\"},\"image\":{\"@id\":\"https:\\\/\\\/www.actvism.org\\\/latest\\\/gaza-deutschen-medien-zaboura\\\/#primaryimage\"},\"thumbnailUrl\":\"https:\\\/\\\/www.actvism.org\\\/wp-content\\\/uploads\\\/2026\\\/03\\\/shutterstock_2754246921.jpg\",\"keywords\":[\"antisemitism\",\"antisemitismus\",\"deutsche medien\",\"deutschland medien\",\"felix klein\",\"Gaza\",\"gaza und die deutschen medien\",\"hamas\",\"IDF\",\"Israel\",\"israel propaganda\",\"journalismus\",\"Kerem Schamberger\",\"Medien\",\"Nadia S. Zaboura\",\"nadia zaboura\",\"Pal\u00e4stina\",\"Palestine\",\"Propaganda\",\"propaganda model\",\"Propagandamodell\",\"tagesschau\",\"Welt\",\"zaboura\"],\"articleSection\":[\"LATEST\"],\"inLanguage\":\"en-US\",\"potentialAction\":[{\"@type\":\"CommentAction\",\"name\":\"Comment\",\"target\":[\"https:\\\/\\\/www.actvism.org\\\/latest\\\/gaza-deutschen-medien-zaboura\\\/#respond\"]}]},{\"@type\":\"WebPage\",\"@id\":\"https:\\\/\\\/www.actvism.org\\\/latest\\\/gaza-deutschen-medien-zaboura\\\/\",\"url\":\"https:\\\/\\\/www.actvism.org\\\/latest\\\/gaza-deutschen-medien-zaboura\\\/\",\"name\":\"Gaza und die deutschen Medien \u2013 Eine kritische Analyse\",\"isPartOf\":{\"@id\":\"https:\\\/\\\/www.actvism.org\\\/#website\"},\"primaryImageOfPage\":{\"@id\":\"https:\\\/\\\/www.actvism.org\\\/latest\\\/gaza-deutschen-medien-zaboura\\\/#primaryimage\"},\"image\":{\"@id\":\"https:\\\/\\\/www.actvism.org\\\/latest\\\/gaza-deutschen-medien-zaboura\\\/#primaryimage\"},\"thumbnailUrl\":\"https:\\\/\\\/www.actvism.org\\\/wp-content\\\/uploads\\\/2026\\\/03\\\/shutterstock_2754246921.jpg\",\"datePublished\":\"2026-03-14T09:15:54+00:00\",\"dateModified\":\"2026-03-14T09:15:55+00:00\",\"description\":\"Bericht zur Veranstaltung \u201eGaza und die deutschen Medien\u201c in M\u00fcnchen mit Medienanalyse von Nadia Zaboura und Interview mit Riad Othman.\",\"inLanguage\":\"en-US\",\"potentialAction\":[{\"@type\":\"ReadAction\",\"target\":[\"https:\\\/\\\/www.actvism.org\\\/latest\\\/gaza-deutschen-medien-zaboura\\\/\"]}]},{\"@type\":\"ImageObject\",\"inLanguage\":\"en-US\",\"@id\":\"https:\\\/\\\/www.actvism.org\\\/latest\\\/gaza-deutschen-medien-zaboura\\\/#primaryimage\",\"url\":\"https:\\\/\\\/www.actvism.org\\\/wp-content\\\/uploads\\\/2026\\\/03\\\/shutterstock_2754246921.jpg\",\"contentUrl\":\"https:\\\/\\\/www.actvism.org\\\/wp-content\\\/uploads\\\/2026\\\/03\\\/shutterstock_2754246921.jpg\",\"width\":1376,\"height\":768,\"caption\":\"BERICHT: Gaza und die deutschen Medien \u2013 Eine kritische Analyse\"},{\"@type\":\"WebSite\",\"@id\":\"https:\\\/\\\/www.actvism.org\\\/#website\",\"url\":\"https:\\\/\\\/www.actvism.org\\\/\",\"name\":\"acTVism\",\"description\":\"information that moves\",\"publisher\":{\"@id\":\"https:\\\/\\\/www.actvism.org\\\/#organization\"},\"potentialAction\":[{\"@type\":\"SearchAction\",\"target\":{\"@type\":\"EntryPoint\",\"urlTemplate\":\"https:\\\/\\\/www.actvism.org\\\/?s={search_term_string}\"},\"query-input\":{\"@type\":\"PropertyValueSpecification\",\"valueRequired\":true,\"valueName\":\"search_term_string\"}}],\"inLanguage\":\"en-US\"},{\"@type\":\"Organization\",\"@id\":\"https:\\\/\\\/www.actvism.org\\\/#organization\",\"name\":\"acTVism Munich e.V.\",\"url\":\"https:\\\/\\\/www.actvism.org\\\/\",\"logo\":{\"@type\":\"ImageObject\",\"inLanguage\":\"en-US\",\"@id\":\"https:\\\/\\\/www.actvism.org\\\/#\\\/schema\\\/logo\\\/image\\\/\",\"url\":\"https:\\\/\\\/www.actvism.org\\\/wp-content\\\/uploads\\\/2020\\\/11\\\/logo.svg\",\"contentUrl\":\"https:\\\/\\\/www.actvism.org\\\/wp-content\\\/uploads\\\/2020\\\/11\\\/logo.svg\",\"width\":200,\"height\":57,\"caption\":\"acTVism Munich e.V.\"},\"image\":{\"@id\":\"https:\\\/\\\/www.actvism.org\\\/#\\\/schema\\\/logo\\\/image\\\/\"},\"sameAs\":[\"https:\\\/\\\/facebook.com\\\/acTVism\",\"https:\\\/\\\/x.com\\\/acTVismMunich\"]},{\"@type\":\"Person\",\"@id\":\"https:\\\/\\\/www.actvism.org\\\/#\\\/schema\\\/person\\\/bc2c8684912eb2289fe0009f5ca451d6\",\"name\":\"atv_admin\",\"image\":{\"@type\":\"ImageObject\",\"inLanguage\":\"en-US\",\"@id\":\"https:\\\/\\\/secure.gravatar.com\\\/avatar\\\/53465926e4246ee1b807a849c23197531fd45c1bcd02682ada54ddb12eaa7a6d?s=96&d=mm&r=g\",\"url\":\"https:\\\/\\\/secure.gravatar.com\\\/avatar\\\/53465926e4246ee1b807a849c23197531fd45c1bcd02682ada54ddb12eaa7a6d?s=96&d=mm&r=g\",\"contentUrl\":\"https:\\\/\\\/secure.gravatar.com\\\/avatar\\\/53465926e4246ee1b807a849c23197531fd45c1bcd02682ada54ddb12eaa7a6d?s=96&d=mm&r=g\",\"caption\":\"atv_admin\"},\"url\":\"https:\\\/\\\/www.actvism.org\\\/en\\\/author\\\/atv_admin\\\/\"}]}<\/script>\n<!-- \/ Yoast SEO plugin. -->","yoast_head_json":{"title":"Gaza und die deutschen Medien \u2013 Eine kritische Analyse","description":"Bericht zur Veranstaltung \u201eGaza und die deutschen Medien\u201c in M\u00fcnchen mit Medienanalyse von Nadia Zaboura und Interview mit Riad Othman.","robots":{"index":"index","follow":"follow","max-snippet":"max-snippet:-1","max-image-preview":"max-image-preview:large","max-video-preview":"max-video-preview:-1"},"canonical":"https:\/\/www.actvism.org\/latest\/gaza-deutschen-medien-zaboura\/","og_locale":"en_US","og_type":"article","og_title":"Gaza und die deutschen Medien \u2013 Eine kritische Analyse","og_description":"Bericht zur Veranstaltung \u201eGaza und die deutschen Medien\u201c in M\u00fcnchen mit Medienanalyse von Nadia Zaboura und Interview mit Riad Othman.","og_url":"https:\/\/www.actvism.org\/latest\/gaza-deutschen-medien-zaboura\/","og_site_name":"acTVism","article_publisher":"https:\/\/facebook.com\/acTVism","article_published_time":"2026-03-14T09:15:54+00:00","article_modified_time":"2026-03-14T09:15:55+00:00","og_image":[{"width":1376,"height":768,"url":"https:\/\/www.actvism.org\/wp-content\/uploads\/2026\/03\/shutterstock_2754246921-1024x572.jpg","type":"image\/jpeg"}],"author":"atv_admin","twitter_card":"summary_large_image","twitter_creator":"@acTVismMunich","twitter_site":"@acTVismMunich","twitter_misc":{"Written by":"atv_admin","Est. reading time":"2 minutes"},"schema":{"@context":"https:\/\/schema.org","@graph":[{"@type":"Article","@id":"https:\/\/www.actvism.org\/latest\/gaza-deutschen-medien-zaboura\/#article","isPartOf":{"@id":"https:\/\/www.actvism.org\/latest\/gaza-deutschen-medien-zaboura\/"},"author":{"name":"atv_admin","@id":"https:\/\/www.actvism.org\/#\/schema\/person\/bc2c8684912eb2289fe0009f5ca451d6"},"headline":"BERICHT: Gaza und die deutschen Medien \u2013 Eine kritische Analyse","datePublished":"2026-03-14T09:15:54+00:00","dateModified":"2026-03-14T09:15:55+00:00","mainEntityOfPage":{"@id":"https:\/\/www.actvism.org\/latest\/gaza-deutschen-medien-zaboura\/"},"wordCount":328,"commentCount":0,"publisher":{"@id":"https:\/\/www.actvism.org\/#organization"},"image":{"@id":"https:\/\/www.actvism.org\/latest\/gaza-deutschen-medien-zaboura\/#primaryimage"},"thumbnailUrl":"https:\/\/www.actvism.org\/wp-content\/uploads\/2026\/03\/shutterstock_2754246921.jpg","keywords":["antisemitism","antisemitismus","deutsche medien","deutschland medien","felix klein","Gaza","gaza und die deutschen medien","hamas","IDF","Israel","israel propaganda","journalismus","Kerem Schamberger","Medien","Nadia S. Zaboura","nadia zaboura","Pal\u00e4stina","Palestine","Propaganda","propaganda model","Propagandamodell","tagesschau","Welt","zaboura"],"articleSection":["LATEST"],"inLanguage":"en-US","potentialAction":[{"@type":"CommentAction","name":"Comment","target":["https:\/\/www.actvism.org\/latest\/gaza-deutschen-medien-zaboura\/#respond"]}]},{"@type":"WebPage","@id":"https:\/\/www.actvism.org\/latest\/gaza-deutschen-medien-zaboura\/","url":"https:\/\/www.actvism.org\/latest\/gaza-deutschen-medien-zaboura\/","name":"Gaza und die deutschen Medien \u2013 Eine kritische Analyse","isPartOf":{"@id":"https:\/\/www.actvism.org\/#website"},"primaryImageOfPage":{"@id":"https:\/\/www.actvism.org\/latest\/gaza-deutschen-medien-zaboura\/#primaryimage"},"image":{"@id":"https:\/\/www.actvism.org\/latest\/gaza-deutschen-medien-zaboura\/#primaryimage"},"thumbnailUrl":"https:\/\/www.actvism.org\/wp-content\/uploads\/2026\/03\/shutterstock_2754246921.jpg","datePublished":"2026-03-14T09:15:54+00:00","dateModified":"2026-03-14T09:15:55+00:00","description":"Bericht zur Veranstaltung \u201eGaza und die deutschen Medien\u201c in M\u00fcnchen mit Medienanalyse von Nadia Zaboura und Interview mit Riad Othman.","inLanguage":"en-US","potentialAction":[{"@type":"ReadAction","target":["https:\/\/www.actvism.org\/latest\/gaza-deutschen-medien-zaboura\/"]}]},{"@type":"ImageObject","inLanguage":"en-US","@id":"https:\/\/www.actvism.org\/latest\/gaza-deutschen-medien-zaboura\/#primaryimage","url":"https:\/\/www.actvism.org\/wp-content\/uploads\/2026\/03\/shutterstock_2754246921.jpg","contentUrl":"https:\/\/www.actvism.org\/wp-content\/uploads\/2026\/03\/shutterstock_2754246921.jpg","width":1376,"height":768,"caption":"BERICHT: Gaza und die deutschen Medien \u2013 Eine kritische Analyse"},{"@type":"WebSite","@id":"https:\/\/www.actvism.org\/#website","url":"https:\/\/www.actvism.org\/","name":"acTVism","description":"information that moves","publisher":{"@id":"https:\/\/www.actvism.org\/#organization"},"potentialAction":[{"@type":"SearchAction","target":{"@type":"EntryPoint","urlTemplate":"https:\/\/www.actvism.org\/?s={search_term_string}"},"query-input":{"@type":"PropertyValueSpecification","valueRequired":true,"valueName":"search_term_string"}}],"inLanguage":"en-US"},{"@type":"Organization","@id":"https:\/\/www.actvism.org\/#organization","name":"acTVism Munich e.V.","url":"https:\/\/www.actvism.org\/","logo":{"@type":"ImageObject","inLanguage":"en-US","@id":"https:\/\/www.actvism.org\/#\/schema\/logo\/image\/","url":"https:\/\/www.actvism.org\/wp-content\/uploads\/2020\/11\/logo.svg","contentUrl":"https:\/\/www.actvism.org\/wp-content\/uploads\/2020\/11\/logo.svg","width":200,"height":57,"caption":"acTVism Munich e.V."},"image":{"@id":"https:\/\/www.actvism.org\/#\/schema\/logo\/image\/"},"sameAs":["https:\/\/facebook.com\/acTVism","https:\/\/x.com\/acTVismMunich"]},{"@type":"Person","@id":"https:\/\/www.actvism.org\/#\/schema\/person\/bc2c8684912eb2289fe0009f5ca451d6","name":"atv_admin","image":{"@type":"ImageObject","inLanguage":"en-US","@id":"https:\/\/secure.gravatar.com\/avatar\/53465926e4246ee1b807a849c23197531fd45c1bcd02682ada54ddb12eaa7a6d?s=96&d=mm&r=g","url":"https:\/\/secure.gravatar.com\/avatar\/53465926e4246ee1b807a849c23197531fd45c1bcd02682ada54ddb12eaa7a6d?s=96&d=mm&r=g","contentUrl":"https:\/\/secure.gravatar.com\/avatar\/53465926e4246ee1b807a849c23197531fd45c1bcd02682ada54ddb12eaa7a6d?s=96&d=mm&r=g","caption":"atv_admin"},"url":"https:\/\/www.actvism.org\/en\/author\/atv_admin\/"}]}},"_links":{"self":[{"href":"https:\/\/www.actvism.org\/en\/wp-json\/wp\/v2\/posts\/14149","targetHints":{"allow":["GET"]}}],"collection":[{"href":"https:\/\/www.actvism.org\/en\/wp-json\/wp\/v2\/posts"}],"about":[{"href":"https:\/\/www.actvism.org\/en\/wp-json\/wp\/v2\/types\/post"}],"author":[{"embeddable":true,"href":"https:\/\/www.actvism.org\/en\/wp-json\/wp\/v2\/users\/1"}],"replies":[{"embeddable":true,"href":"https:\/\/www.actvism.org\/en\/wp-json\/wp\/v2\/comments?post=14149"}],"version-history":[{"count":0,"href":"https:\/\/www.actvism.org\/en\/wp-json\/wp\/v2\/posts\/14149\/revisions"}],"wp:featuredmedia":[{"embeddable":true,"href":"https:\/\/www.actvism.org\/en\/wp-json\/wp\/v2\/media\/14150"}],"wp:attachment":[{"href":"https:\/\/www.actvism.org\/en\/wp-json\/wp\/v2\/media?parent=14149"}],"wp:term":[{"taxonomy":"category","embeddable":true,"href":"https:\/\/www.actvism.org\/en\/wp-json\/wp\/v2\/categories?post=14149"},{"taxonomy":"post_tag","embeddable":true,"href":"https:\/\/www.actvism.org\/en\/wp-json\/wp\/v2\/tags?post=14149"},{"taxonomy":"channel","embeddable":true,"href":"https:\/\/www.actvism.org\/en\/wp-json\/wp\/v2\/channel?post=14149"}],"curies":[{"name":"wp","href":"https:\/\/api.w.org\/{rel}","templated":true}]}}