{"id":14692,"date":"2026-08-31T12:25:20","date_gmt":"2026-08-31T10:25:20","guid":{"rendered":"https:\/\/www.actvism.org\/?p=14692"},"modified":"2026-08-31T12:25:21","modified_gmt":"2026-08-31T10:25:21","slug":"miller-anti-zionismus-gericht","status":"publish","type":"post","link":"https:\/\/www.actvism.org\/en\/latest\/miller-anti-zionismus-gericht\/","title":{"rendered":"Fired for Anti-Zionism \u2013 Now He Wins in Court"},"content":{"rendered":"<div class=\"container\" data-sal=\"slide-up\" data-sal-easing=\"ease-in-out\" data-sal-delay=\"200\"><div class=\"row justify-content-md-center pb-3\"><div class=\"cnt_col\">\n<p class=\"wp-embed-aspect-16-9 wp-has-aspect-ratio\">In this video, investigative journalist and human rights lawyer Dimitri Lascaris speaks with former Professor of Political Sociology David Miller about his years-long legal battle with the University of Bristol. Miller was dismissed in 2021 following controversy over his anti-Zionist statements \u2013 but several years later, a British appeals tribunal upheld a decision that could have consequences far beyond his personal case.<\/p>\n<\/div><\/div><\/div>\n\n<div class=\"container\" data-sal=\"slide-up\" data-sal-easing=\"ease-in-out\" data-sal-delay=\"200\"><div class=\"row justify-content-md-center pb-3\"><div class=\"cnt_col\">\n<p class=\"wp-embed-aspect-16-9 wp-has-aspect-ratio\">What exactly did the court decide about anti-Zionist beliefs \u2013 and what could the ruling mean for universities, the IHRA definition of antisemitism and the limits of academic freedom of expression? Lascaris and Miller discuss the extraordinary events behind his dismissal, political pressure on the university and whether this ruling could mark a turning point in Britain\u2019s public debate over Zionism.<\/p>\n<\/div><\/div><\/div>\n\n<div class=\"container\" data-sal=\"slide-up\" data-sal-easing=\"ease-in-out\" data-sal-delay=\"200\"><div class=\"row justify-content-md-center pb-3\"><div class=\"cnt_col\">\n<p class=\"wp-embed-aspect-16-9 wp-has-aspect-ratio\">This video was produced by Reason2Resist and published on their YouTube channel on the 7th of August, 2026. We have translated it into German and are republishing it today to help build opinion on this issue in Germany and beyond.<\/p>\n<\/div><\/div><\/div>\n\n<div class=\"container\" data-sal=\"slide-up\" data-sal-easing=\"ease-in-out\" data-sal-delay=\"200\"><div class=\"row justify-content-md-center pb-3\"><div class=\"cnt_col\">\n<p>To read the transcript of this video: <strong><a href=\"https:\/\/www.actvism.org\/wp-content\/uploads\/2026\/08\/Fired-for-Anti-Zionism-\u2013-Now-He-Wins-in-Court.docx.pdf\">Fired for Anti-Zionism \u2013 Now He Wins in Court<\/a><\/strong><\/p>\n<\/div><\/div><\/div>\n\n<div class=\"container\" data-sal=\"slide-up\" data-sal-easing=\"ease-in-out\" data-sal-delay=\"200\"><div class=\"row justify-content-md-center pb-3\"><div class=\"cnt_col\">\n<hr class=\"wp-block-separator has-alpha-channel-opacity\"\/>\n<\/div><\/div><\/div>\n\n<div class=\"container\" data-sal=\"slide-up\" data-sal-easing=\"ease-in-out\" data-sal-delay=\"200\"><div class=\"row justify-content-md-center pb-3\"><div class=\"cnt_col\">\n<p>We are transitioning away from YouTube. Be sure to subscribe to the following channels to stay updated with our journalism:<\/p>\n<\/div><\/div><\/div>\n\n<div class=\"container\" data-sal=\"slide-up\" data-sal-easing=\"ease-in-out\" data-sal-delay=\"200\"><div class=\"row justify-content-md-center pb-3\"><div class=\"cnt_col\">\n<p>\u25ba<a rel=\"noreferrer noopener\" href=\"https:\/\/rumble.com\/c\/acTVismMunich\" target=\"_blank\">&nbsp;RUMBLE<\/a><br>\u25ba&nbsp;<a rel=\"noreferrer noopener\" href=\"https:\/\/t.me\/acTVismMunich\" target=\"_blank\">TELEGRAM<\/a><\/p>\n<\/div><\/div><\/div>\n\n<div class=\"container\" data-sal=\"slide-up\" data-sal-easing=\"ease-in-out\" data-sal-delay=\"200\"><div class=\"row justify-content-md-center pb-3\"><div class=\"cnt_col\">\n<hr class=\"wp-block-separator has-alpha-channel-opacity\"\/>\n<\/div><\/div><\/div>\n\n<div class=\"container\" data-sal=\"slide-up\" data-sal-easing=\"ease-in-out\" data-sal-delay=\"200\"><div class=\"row justify-content-md-center pb-3\"><div class=\"cnt_col\">\n<h2 class=\"wp-block-heading\">VIDEO: Fired for Anti-Zionism \u2013 Now He Wins in Court<\/h2>\n<\/div><\/div><\/div>\n\n<div class=\"container\" data-sal=\"slide-up\" data-sal-easing=\"ease-in-out\" data-sal-delay=\"200\"><div class=\"row justify-content-md-center pb-3\"><div class=\"cnt_col\">\n<figure class=\"wp-block-embed is-type-video is-provider-youtube wp-block-embed-youtube wp-embed-aspect-16-9 wp-has-aspect-ratio\"><div class=\"wp-block-embed__wrapper\">\n<iframe loading=\"lazy\" title=\"UK Tribunal Says Anti-Zionism Is Protected Speech w\/ Dr. David Miller\" width=\"500\" height=\"281\" src=\"https:\/\/www.youtube.com\/embed\/ZyYVOU5EeUQ?feature=oembed\" frameborder=\"0\" allow=\"accelerometer; autoplay; clipboard-write; encrypted-media; gyroscope; picture-in-picture; web-share\" referrerpolicy=\"strict-origin-when-cross-origin\" allowfullscreen><\/iframe>\n<\/div><\/figure>\n<\/div><\/div><\/div>\n\n<div class=\"container\" data-sal=\"slide-up\" data-sal-easing=\"ease-in-out\" data-sal-delay=\"200\"><div class=\"row justify-content-md-center pb-3\"><div class=\"cnt_col\">\n<hr class=\"wp-block-separator has-alpha-channel-opacity\"\/>\n<\/div><\/div><\/div>\n\n<div class=\"container\" data-sal=\"slide-up\" data-sal-easing=\"ease-in-out\" data-sal-delay=\"200\"><div class=\"row justify-content-md-center pb-3\"><div class=\"cnt_col\">\n<p>About our import program: In this program, we publish content from external authors, activists and journalists. This includes both international and local content that, in our editorial opinion, is not sufficiently covered in the media landscape. The content does not necessarily reflect acTVism Munich\u2019s own editorial stance.<\/p>\n<\/div><\/div><\/div>\n\n<div class=\"container\" data-sal=\"slide-up\" data-sal-easing=\"ease-in-out\" data-sal-delay=\"200\"><div class=\"row justify-content-md-center pb-3\"><div class=\"cnt_col\">\n<hr class=\"wp-block-separator has-alpha-channel-opacity\"\/>\n<\/div><\/div><\/div>\n\n<div class=\"container\" data-sal=\"slide-up\" data-sal-easing=\"ease-in-out\" data-sal-delay=\"200\"><div class=\"row justify-content-md-center pb-3\"><div class=\"cnt_col\">\n<h2 class=\"wp-block-heading\">Donate today to support independent &amp; non-profit media!<\/h2>\n<\/div><\/div><\/div>\n\n<div class=\"container\" data-sal=\"slide-up\" data-sal-easing=\"ease-in-out\" data-sal-delay=\"200\"><div class=\"row justify-content-md-center pb-3\"><div class=\"cnt_col\">\n<p><a rel=\"noreferrer noopener\" href=\"https:\/\/www.actvism.org\/en\/donate\/\" target=\"_blank\">Click here<\/a>&nbsp;or on the picture below:<\/p>\n<\/div><\/div><\/div>\n\n<div class=\"d-flex justify-content-center pb-3 sal\" data-sal=\"slide-up\" data-sal-easing=\"ease-in-out\" data-sal-delay=\"200\">\n<figure class=\"wp-block-image\"><a href=\"https:\/\/www.actvism.org\/en\/donate\/\"><img loading=\"lazy\" decoding=\"async\" width=\"700\" height=\"233\" src=\"https:\/\/www.actvism.org\/wp-content\/uploads\/2021\/12\/28_acTVism_Webseite_Donation-Image_EN_700x233px_Future-1-1.jpg\" alt=\"\" class=\"wp-image-8883\" srcset=\"https:\/\/www.actvism.org\/wp-content\/uploads\/2021\/12\/28_acTVism_Webseite_Donation-Image_EN_700x233px_Future-1-1.jpg 700w, https:\/\/www.actvism.org\/wp-content\/uploads\/2021\/12\/28_acTVism_Webseite_Donation-Image_EN_700x233px_Future-1-1-300x100.jpg 300w\" sizes=\"auto, (max-width: 700px) 100vw, 700px\" \/><\/a><\/figure>\n<\/div>\n\n<div class=\"container\" data-sal=\"slide-up\" data-sal-easing=\"ease-in-out\" data-sal-delay=\"200\"><div class=\"row justify-content-md-center pb-3\"><div class=\"cnt_col\">\n<hr class=\"wp-block-separator has-alpha-channel-opacity\"\/>\n<\/div><\/div><\/div>\n\n<div class=\"container\" data-sal=\"slide-up\" data-sal-easing=\"ease-in-out\" data-sal-delay=\"200\"><div class=\"row justify-content-md-center pb-3\"><div class=\"cnt_col\">\n<h2 class=\"wp-block-heading\">ABOUT DR. DAVID MILLER: <\/h2>\n<\/div><\/div><\/div>\n\n<div class=\"container\" data-sal=\"slide-up\" data-sal-easing=\"ease-in-out\" data-sal-delay=\"200\"><div class=\"row justify-content-md-center pb-3\"><div class=\"cnt_col\">\n<p>David Miller is a British sociologist and former professor of political sociology at the University of Bristol, whose work focuses on political power, lobbying, propaganda, and public institutions. He runs the research platforms Spinwatch and Powerbase and produces <em>Palestine Declassified<\/em>; he has also gained attention for his legal challenge against Bristol over his 2021 dismissal and the protection of his anti-Zionist beliefs under UK equality law.\u00a0<\/p>\n<\/div><\/div><\/div>\n\n<div class=\"container\" data-sal=\"slide-up\" data-sal-easing=\"ease-in-out\" data-sal-delay=\"200\"><div class=\"row justify-content-md-center pb-3\"><div class=\"cnt_col\">\n<hr class=\"wp-block-separator has-alpha-channel-opacity\"\/>\n<\/div><\/div><\/div>","protected":false},"excerpt":{"rendered":"<p>In this video, investigative journalist and human rights lawyer Dimitri Lascaris speaks with former Professor of Political Sociology David Miller about his years-long legal battle with the University of Bristol. Miller was dismissed in 2021 following controversy over his anti-Zionist statements \u2013 but several years later, a British appeals tribunal upheld a decision that could [&hellip;]<\/p>\n","protected":false},"author":1,"featured_media":14695,"comment_status":"open","ping_status":"open","sticky":false,"template":"","format":"standard","meta":{"_acf_changed":true,"inline_featured_image":false,"footnotes":""},"categories":[1],"tags":[22005,21820,21363,22201,23745,610,22028,22044,125,25478,260,901,25479,80,322,2202,21368,21215],"channel":[20955],"class_list":["post-14692","post","type-post","status-publish","format-standard","has-post-thumbnail","hentry","category-latest","tag-anti-zionism","tag-antisemitisch","tag-antisemitism","tag-antisemitismus","tag-antisemtism","tag-antisemtismus","tag-antizionism","tag-david-miller","tag-dimitri-lascaris","tag-ihra","tag-israel","tag-meinungsfreiheit","tag-nationalsozialismus","tag-united-states","tag-usa","tag-zionism","tag-zionismus","tag-zionist","channel-import"],"translation":{"provider":"WPGlobus","version":"3.0.2","language":"en","enabled_languages":["de","en"],"languages":{"de":{"title":true,"content":true,"excerpt":false},"en":{"title":true,"content":true,"excerpt":false}}},"acf":[],"yoast_head":"<!-- This site is optimized with the Yoast SEO plugin v28.0 - https:\/\/yoast.com\/product\/yoast-seo-wordpress\/ -->\n<title>Fired for Anti-Zionism \u2013 Now He Wins in Court<\/title>\n<meta name=\"description\" content=\"David Miller discusses his court victory, anti-Zionism and what the ruling could mean for academic freedom in Britain.\" \/>\n<meta name=\"robots\" content=\"index, follow, max-snippet:-1, max-image-preview:large, max-video-preview:-1\" \/>\n<link rel=\"canonical\" href=\"https:\/\/www.actvism.org\/latest\/miller-anti-zionismus-gericht\/\" \/>\n<meta property=\"og:locale\" content=\"en_US\" \/>\n<meta property=\"og:type\" content=\"article\" \/>\n<meta property=\"og:title\" content=\"Fired for Anti-Zionism \u2013 Now He Wins in Court\" \/>\n<meta property=\"og:description\" content=\"David Miller discusses his court victory, anti-Zionism and what the ruling could mean for academic freedom in Britain.\" \/>\n<meta property=\"og:url\" content=\"https:\/\/www.actvism.org\/latest\/miller-anti-zionismus-gericht\/\" \/>\n<meta property=\"og:site_name\" content=\"acTVism\" \/>\n<meta property=\"article:publisher\" content=\"https:\/\/facebook.com\/acTVism\" \/>\n<meta property=\"article:published_time\" content=\"2026-08-31T10:25:20+00:00\" \/>\n<meta property=\"article:modified_time\" content=\"2026-08-31T10:25:21+00:00\" \/>\n<meta property=\"og:image\" content=\"https:\/\/www.actvism.org\/wp-content\/uploads\/2026\/08\/shutterstock_2836251731-1024x576.jpg\" \/>\n\t<meta property=\"og:image:width\" content=\"1536\" \/>\n\t<meta property=\"og:image:height\" content=\"864\" \/>\n\t<meta property=\"og:image:type\" content=\"image\/jpeg\" \/>\n<meta name=\"author\" content=\"atv_admin\" \/>\n<meta name=\"twitter:card\" content=\"summary_large_image\" \/>\n<meta name=\"twitter:creator\" content=\"@acTVismMunich\" \/>\n<meta name=\"twitter:site\" content=\"@acTVismMunich\" \/>\n<meta name=\"twitter:label1\" content=\"Written by\" \/>\n\t<meta name=\"twitter:data1\" content=\"atv_admin\" \/>\n\t<meta name=\"twitter:label2\" content=\"Est. reading time\" \/>\n\t<meta name=\"twitter:data2\" content=\"2 minutes\" \/>\n<script type=\"application\/ld+json\" class=\"yoast-schema-graph\">{\"@context\":\"https:\\\/\\\/schema.org\",\"@graph\":[{\"@type\":\"Article\",\"@id\":\"https:\\\/\\\/www.actvism.org\\\/latest\\\/miller-anti-zionismus-gericht\\\/#article\",\"isPartOf\":{\"@id\":\"https:\\\/\\\/www.actvism.org\\\/latest\\\/miller-anti-zionismus-gericht\\\/\"},\"author\":{\"name\":\"atv_admin\",\"@id\":\"https:\\\/\\\/www.actvism.org\\\/#\\\/schema\\\/person\\\/bc2c8684912eb2289fe0009f5ca451d6\"},\"headline\":\"Fired for Anti-Zionism \u2013 Now He Wins in Court\",\"datePublished\":\"2026-08-31T10:25:20+00:00\",\"dateModified\":\"2026-08-31T10:25:21+00:00\",\"mainEntityOfPage\":{\"@id\":\"https:\\\/\\\/www.actvism.org\\\/latest\\\/miller-anti-zionismus-gericht\\\/\"},\"wordCount\":737,\"commentCount\":0,\"publisher\":{\"@id\":\"https:\\\/\\\/www.actvism.org\\\/#organization\"},\"image\":{\"@id\":\"https:\\\/\\\/www.actvism.org\\\/latest\\\/miller-anti-zionismus-gericht\\\/#primaryimage\"},\"thumbnailUrl\":\"https:\\\/\\\/www.actvism.org\\\/wp-content\\\/uploads\\\/2026\\\/08\\\/shutterstock_2836251731.jpg\",\"keywords\":[\"anti zionism\",\"Antisemitisch\",\"antisemitism\",\"antisemitismus\",\"antisemtism\",\"antisemtismus\",\"antizionism\",\"david miller\",\"Dimitri Lascaris\",\"IHRA\",\"Israel\",\"Meinungsfreiheit\",\"nationalsozialismus\",\"United States\",\"USA\",\"Zionism\",\"zionismus\",\"zionist\"],\"articleSection\":[\"LATEST\"],\"inLanguage\":\"en-US\",\"potentialAction\":[{\"@type\":\"CommentAction\",\"name\":\"Comment\",\"target\":[\"https:\\\/\\\/www.actvism.org\\\/latest\\\/miller-anti-zionismus-gericht\\\/#respond\"]}]},{\"@type\":\"WebPage\",\"@id\":\"https:\\\/\\\/www.actvism.org\\\/latest\\\/miller-anti-zionismus-gericht\\\/\",\"url\":\"https:\\\/\\\/www.actvism.org\\\/latest\\\/miller-anti-zionismus-gericht\\\/\",\"name\":\"Wegen Anti-Zionismus entlassen \u2013 jetzt siegt er vor Gericht\",\"isPartOf\":{\"@id\":\"https:\\\/\\\/www.actvism.org\\\/#website\"},\"primaryImageOfPage\":{\"@id\":\"https:\\\/\\\/www.actvism.org\\\/latest\\\/miller-anti-zionismus-gericht\\\/#primaryimage\"},\"image\":{\"@id\":\"https:\\\/\\\/www.actvism.org\\\/latest\\\/miller-anti-zionismus-gericht\\\/#primaryimage\"},\"thumbnailUrl\":\"https:\\\/\\\/www.actvism.org\\\/wp-content\\\/uploads\\\/2026\\\/08\\\/shutterstock_2836251731.jpg\",\"datePublished\":\"2026-08-31T10:25:20+00:00\",\"dateModified\":\"2026-08-31T10:25:21+00:00\",\"description\":\"David Miller \u00fcber seinen Gerichtssieg, Anti-Zionismus und die m\u00f6glichen Folgen f\u00fcr die akademische Meinungsfreiheit in Gro\u00dfbritannien.\",\"inLanguage\":\"en-US\",\"potentialAction\":[{\"@type\":\"ReadAction\",\"target\":[\"https:\\\/\\\/www.actvism.org\\\/latest\\\/miller-anti-zionismus-gericht\\\/\"]}]},{\"@type\":\"ImageObject\",\"inLanguage\":\"en-US\",\"@id\":\"https:\\\/\\\/www.actvism.org\\\/latest\\\/miller-anti-zionismus-gericht\\\/#primaryimage\",\"url\":\"https:\\\/\\\/www.actvism.org\\\/wp-content\\\/uploads\\\/2026\\\/08\\\/shutterstock_2836251731.jpg\",\"contentUrl\":\"https:\\\/\\\/www.actvism.org\\\/wp-content\\\/uploads\\\/2026\\\/08\\\/shutterstock_2836251731.jpg\",\"width\":1536,\"height\":864,\"caption\":\"Wegen Anti-Zionismus entlassen \u2013 jetzt siegt er vor Gericht\"},{\"@type\":\"WebSite\",\"@id\":\"https:\\\/\\\/www.actvism.org\\\/#website\",\"url\":\"https:\\\/\\\/www.actvism.org\\\/\",\"name\":\"acTVism\",\"description\":\"information that moves\",\"publisher\":{\"@id\":\"https:\\\/\\\/www.actvism.org\\\/#organization\"},\"potentialAction\":[{\"@type\":\"SearchAction\",\"target\":{\"@type\":\"EntryPoint\",\"urlTemplate\":\"https:\\\/\\\/www.actvism.org\\\/?s={search_term_string}\"},\"query-input\":{\"@type\":\"PropertyValueSpecification\",\"valueRequired\":true,\"valueName\":\"search_term_string\"}}],\"inLanguage\":\"en-US\"},{\"@type\":\"Organization\",\"@id\":\"https:\\\/\\\/www.actvism.org\\\/#organization\",\"name\":\"acTVism Munich e.V.\",\"url\":\"https:\\\/\\\/www.actvism.org\\\/\",\"logo\":{\"@type\":\"ImageObject\",\"inLanguage\":\"en-US\",\"@id\":\"https:\\\/\\\/www.actvism.org\\\/#\\\/schema\\\/logo\\\/image\\\/\",\"url\":\"https:\\\/\\\/www.actvism.org\\\/wp-content\\\/uploads\\\/2020\\\/11\\\/logo.svg\",\"contentUrl\":\"https:\\\/\\\/www.actvism.org\\\/wp-content\\\/uploads\\\/2020\\\/11\\\/logo.svg\",\"width\":200,\"height\":57,\"caption\":\"acTVism Munich e.V.\"},\"image\":{\"@id\":\"https:\\\/\\\/www.actvism.org\\\/#\\\/schema\\\/logo\\\/image\\\/\"},\"sameAs\":[\"https:\\\/\\\/facebook.com\\\/acTVism\",\"https:\\\/\\\/x.com\\\/acTVismMunich\"]},{\"@type\":\"Person\",\"@id\":\"https:\\\/\\\/www.actvism.org\\\/#\\\/schema\\\/person\\\/bc2c8684912eb2289fe0009f5ca451d6\",\"name\":\"atv_admin\",\"image\":{\"@type\":\"ImageObject\",\"inLanguage\":\"en-US\",\"@id\":\"https:\\\/\\\/secure.gravatar.com\\\/avatar\\\/53465926e4246ee1b807a849c23197531fd45c1bcd02682ada54ddb12eaa7a6d?s=96&d=mm&r=g\",\"url\":\"https:\\\/\\\/secure.gravatar.com\\\/avatar\\\/53465926e4246ee1b807a849c23197531fd45c1bcd02682ada54ddb12eaa7a6d?s=96&d=mm&r=g\",\"contentUrl\":\"https:\\\/\\\/secure.gravatar.com\\\/avatar\\\/53465926e4246ee1b807a849c23197531fd45c1bcd02682ada54ddb12eaa7a6d?s=96&d=mm&r=g\",\"caption\":\"atv_admin\"},\"url\":\"https:\\\/\\\/www.actvism.org\\\/en\\\/author\\\/atv_admin\\\/\"}]}<\/script>\n<!-- \/ Yoast SEO plugin. -->","yoast_head_json":{"title":"Fired for Anti-Zionism \u2013 Now He Wins in Court","description":"David Miller discusses his court victory, anti-Zionism and what the ruling could mean for academic freedom in Britain.","robots":{"index":"index","follow":"follow","max-snippet":"max-snippet:-1","max-image-preview":"max-image-preview:large","max-video-preview":"max-video-preview:-1"},"canonical":"https:\/\/www.actvism.org\/latest\/miller-anti-zionismus-gericht\/","og_locale":"en_US","og_type":"article","og_title":"Fired for Anti-Zionism \u2013 Now He Wins in Court","og_description":"David Miller discusses his court victory, anti-Zionism and what the ruling could mean for academic freedom in Britain.","og_url":"https:\/\/www.actvism.org\/latest\/miller-anti-zionismus-gericht\/","og_site_name":"acTVism","article_publisher":"https:\/\/facebook.com\/acTVism","article_published_time":"2026-08-31T10:25:20+00:00","article_modified_time":"2026-08-31T10:25:21+00:00","og_image":[{"width":1536,"height":864,"url":"https:\/\/www.actvism.org\/wp-content\/uploads\/2026\/08\/shutterstock_2836251731-1024x576.jpg","type":"image\/jpeg"}],"author":"atv_admin","twitter_card":"summary_large_image","twitter_creator":"@acTVismMunich","twitter_site":"@acTVismMunich","twitter_misc":{"Written by":"atv_admin","Est. reading time":"2 minutes"},"schema":{"@context":"https:\/\/schema.org","@graph":[{"@type":"Article","@id":"https:\/\/www.actvism.org\/latest\/miller-anti-zionismus-gericht\/#article","isPartOf":{"@id":"https:\/\/www.actvism.org\/latest\/miller-anti-zionismus-gericht\/"},"author":{"name":"atv_admin","@id":"https:\/\/www.actvism.org\/#\/schema\/person\/bc2c8684912eb2289fe0009f5ca451d6"},"headline":"Fired for Anti-Zionism \u2013 Now He Wins in Court","datePublished":"2026-08-31T10:25:20+00:00","dateModified":"2026-08-31T10:25:21+00:00","mainEntityOfPage":{"@id":"https:\/\/www.actvism.org\/latest\/miller-anti-zionismus-gericht\/"},"wordCount":737,"commentCount":0,"publisher":{"@id":"https:\/\/www.actvism.org\/#organization"},"image":{"@id":"https:\/\/www.actvism.org\/latest\/miller-anti-zionismus-gericht\/#primaryimage"},"thumbnailUrl":"https:\/\/www.actvism.org\/wp-content\/uploads\/2026\/08\/shutterstock_2836251731.jpg","keywords":["anti zionism","Antisemitisch","antisemitism","antisemitismus","antisemtism","antisemtismus","antizionism","david miller","Dimitri Lascaris","IHRA","Israel","Meinungsfreiheit","nationalsozialismus","United States","USA","Zionism","zionismus","zionist"],"articleSection":["LATEST"],"inLanguage":"en-US","potentialAction":[{"@type":"CommentAction","name":"Comment","target":["https:\/\/www.actvism.org\/latest\/miller-anti-zionismus-gericht\/#respond"]}]},{"@type":"WebPage","@id":"https:\/\/www.actvism.org\/latest\/miller-anti-zionismus-gericht\/","url":"https:\/\/www.actvism.org\/latest\/miller-anti-zionismus-gericht\/","name":"Wegen Anti-Zionismus entlassen \u2013 jetzt siegt er vor Gericht","isPartOf":{"@id":"https:\/\/www.actvism.org\/#website"},"primaryImageOfPage":{"@id":"https:\/\/www.actvism.org\/latest\/miller-anti-zionismus-gericht\/#primaryimage"},"image":{"@id":"https:\/\/www.actvism.org\/latest\/miller-anti-zionismus-gericht\/#primaryimage"},"thumbnailUrl":"https:\/\/www.actvism.org\/wp-content\/uploads\/2026\/08\/shutterstock_2836251731.jpg","datePublished":"2026-08-31T10:25:20+00:00","dateModified":"2026-08-31T10:25:21+00:00","description":"David Miller \u00fcber seinen Gerichtssieg, Anti-Zionismus und die m\u00f6glichen Folgen f\u00fcr die akademische Meinungsfreiheit in Gro\u00dfbritannien.","inLanguage":"en-US","potentialAction":[{"@type":"ReadAction","target":["https:\/\/www.actvism.org\/latest\/miller-anti-zionismus-gericht\/"]}]},{"@type":"ImageObject","inLanguage":"en-US","@id":"https:\/\/www.actvism.org\/latest\/miller-anti-zionismus-gericht\/#primaryimage","url":"https:\/\/www.actvism.org\/wp-content\/uploads\/2026\/08\/shutterstock_2836251731.jpg","contentUrl":"https:\/\/www.actvism.org\/wp-content\/uploads\/2026\/08\/shutterstock_2836251731.jpg","width":1536,"height":864,"caption":"Wegen Anti-Zionismus entlassen \u2013 jetzt siegt er vor Gericht"},{"@type":"WebSite","@id":"https:\/\/www.actvism.org\/#website","url":"https:\/\/www.actvism.org\/","name":"acTVism","description":"information that moves","publisher":{"@id":"https:\/\/www.actvism.org\/#organization"},"potentialAction":[{"@type":"SearchAction","target":{"@type":"EntryPoint","urlTemplate":"https:\/\/www.actvism.org\/?s={search_term_string}"},"query-input":{"@type":"PropertyValueSpecification","valueRequired":true,"valueName":"search_term_string"}}],"inLanguage":"en-US"},{"@type":"Organization","@id":"https:\/\/www.actvism.org\/#organization","name":"acTVism Munich e.V.","url":"https:\/\/www.actvism.org\/","logo":{"@type":"ImageObject","inLanguage":"en-US","@id":"https:\/\/www.actvism.org\/#\/schema\/logo\/image\/","url":"https:\/\/www.actvism.org\/wp-content\/uploads\/2020\/11\/logo.svg","contentUrl":"https:\/\/www.actvism.org\/wp-content\/uploads\/2020\/11\/logo.svg","width":200,"height":57,"caption":"acTVism Munich e.V."},"image":{"@id":"https:\/\/www.actvism.org\/#\/schema\/logo\/image\/"},"sameAs":["https:\/\/facebook.com\/acTVism","https:\/\/x.com\/acTVismMunich"]},{"@type":"Person","@id":"https:\/\/www.actvism.org\/#\/schema\/person\/bc2c8684912eb2289fe0009f5ca451d6","name":"atv_admin","image":{"@type":"ImageObject","inLanguage":"en-US","@id":"https:\/\/secure.gravatar.com\/avatar\/53465926e4246ee1b807a849c23197531fd45c1bcd02682ada54ddb12eaa7a6d?s=96&d=mm&r=g","url":"https:\/\/secure.gravatar.com\/avatar\/53465926e4246ee1b807a849c23197531fd45c1bcd02682ada54ddb12eaa7a6d?s=96&d=mm&r=g","contentUrl":"https:\/\/secure.gravatar.com\/avatar\/53465926e4246ee1b807a849c23197531fd45c1bcd02682ada54ddb12eaa7a6d?s=96&d=mm&r=g","caption":"atv_admin"},"url":"https:\/\/www.actvism.org\/en\/author\/atv_admin\/"}]}},"_links":{"self":[{"href":"https:\/\/www.actvism.org\/en\/wp-json\/wp\/v2\/posts\/14692","targetHints":{"allow":["GET"]}}],"collection":[{"href":"https:\/\/www.actvism.org\/en\/wp-json\/wp\/v2\/posts"}],"about":[{"href":"https:\/\/www.actvism.org\/en\/wp-json\/wp\/v2\/types\/post"}],"author":[{"embeddable":true,"href":"https:\/\/www.actvism.org\/en\/wp-json\/wp\/v2\/users\/1"}],"replies":[{"embeddable":true,"href":"https:\/\/www.actvism.org\/en\/wp-json\/wp\/v2\/comments?post=14692"}],"version-history":[{"count":0,"href":"https:\/\/www.actvism.org\/en\/wp-json\/wp\/v2\/posts\/14692\/revisions"}],"wp:featuredmedia":[{"embeddable":true,"href":"https:\/\/www.actvism.org\/en\/wp-json\/wp\/v2\/media\/14695"}],"wp:attachment":[{"href":"https:\/\/www.actvism.org\/en\/wp-json\/wp\/v2\/media?parent=14692"}],"wp:term":[{"taxonomy":"category","embeddable":true,"href":"https:\/\/www.actvism.org\/en\/wp-json\/wp\/v2\/categories?post=14692"},{"taxonomy":"post_tag","embeddable":true,"href":"https:\/\/www.actvism.org\/en\/wp-json\/wp\/v2\/tags?post=14692"},{"taxonomy":"channel","embeddable":true,"href":"https:\/\/www.actvism.org\/en\/wp-json\/wp\/v2\/channel?post=14692"}],"curies":[{"name":"wp","href":"https:\/\/api.w.org\/{rel}","templated":true}]}}