{"id":3645,"date":"2017-09-23T17:00:52","date_gmt":"2017-09-23T15:00:52","guid":{"rendered":"http:\/\/www.actvism.org\/?p=3645"},"modified":"2020-11-06T17:48:53","modified_gmt":"2020-11-06T16:48:53","slug":"bundestagswahlkampf-ernst-wolff","status":"publish","type":"post","link":"https:\/\/www.actvism.org\/en\/politics\/bundestagswahlkampf-ernst-wolff\/","title":{"rendered":"Themen, die im Bundestagswahlkampf ausgeblendet wurden | Mit Ernst Wolff"},"content":{"rendered":"<div class=\"container\">\n<div class=\"row justify-content-md-center\">\n<div class=\"col-md-8 pb-3\">\n<p><strong>Themen, die im Bundestagswahlkampf ausgeblendet wurden | Mit Ernst Wolff<\/strong><\/p>\n<hr \/>\n<p><em>Due to limited financial &amp; technical resources as a non-profit and volunteer-based organization, we were unable to translate this article into English. Please donate today so we can translate all of our work into the English language by\u00a0<a href=\"https:\/\/www.betterplace.org\/en\/projects\/51400-actvism-munich-crowdfunding\">clicking here.<\/a><\/em><\/p>\n<hr \/>\n<p>In diesem Video sprechen wir mit dem Journalisten und Autor Ernst Wolff \u00fcber grundlegende Themen, die von Medien und Politik nicht behandelt worden sind, aber gro\u00dfe Bedeutung f\u00fcr das sozio-\u00f6konomische Gef\u00fcge haben.<\/p>\n<hr \/>\n<h2>VIDEO:\u00a0Themen, die im Bundestagswahlkampf ausgeblendet wurden<\/h2>\n<p><iframe loading=\"lazy\" title=\"Themen, die im Bundestagswahlkampf ausgeblendet wurden | Mit Ernst Wolff\" width=\"500\" height=\"281\" src=\"https:\/\/www.youtube.com\/embed\/2xJGoRG1mqQ?feature=oembed\" frameborder=\"0\" allow=\"accelerometer; autoplay; clipboard-write; encrypted-media; gyroscope; picture-in-picture; web-share\" referrerpolicy=\"strict-origin-when-cross-origin\" allowfullscreen><\/iframe><\/p>\n<hr \/>\n<p>Um unsere informative Videoreihe mit Ernst Wolff zu sehen,\u00a0<a href=\"https:\/\/www.actvism.org\/politics\/iwf-ernst-wolff\/\" target=\"_blank\" rel=\"noopener noreferrer\">klicken Sie hier.\u00a0<\/a><\/p>\n<hr \/>\n<h2>Spenden Sie, um unabh\u00e4ngige Medien zu unterst\u00fctzen!<\/h2>\n<p lang=\"de-DE\"><a href=\"https:\/\/www.actvism.org\/donate\/\" target=\"_blank\" rel=\"noopener noreferrer\">Klicken Sie hier oder auf das Bild.<\/a><\/p>\n<hr \/>\n<h2><a href=\"https:\/\/www.actvism.org\/donate\/\" target=\"_blank\" rel=\"noopener noreferrer\"><img loading=\"lazy\" decoding=\"async\" class=\" wp-image-1269 size-large alignnone\" src=\"https:\/\/www.actvism.org\/wp-content\/uploads\/2015\/10\/Banner-Spende-Webseite_D-1024x342.jpg\" sizes=\"auto, (max-width: 640px) 100vw, 640px\" srcset=\"https:\/\/www.actvism.org\/wp-content\/uploads\/2015\/10\/Banner-Spende-Webseite_D-1024x342.jpg 1024w, https:\/\/www.actvism.org\/wp-content\/uploads\/2015\/10\/Banner-Spende-Webseite_D-300x100.jpg 300w, https:\/\/www.actvism.org\/wp-content\/uploads\/2015\/10\/Banner-Spende-Webseite_D-700x233.jpg 700w, https:\/\/www.actvism.org\/wp-content\/uploads\/2015\/10\/Banner-Spende-Webseite_D.jpg 1418w\" alt=\"Banner Spende Webseite_D\" width=\"640\" height=\"214\" \/><\/a><\/h2>\n<hr \/>\n<h2>\u00dcBER ERNST WOLFF<\/h2>\n<p><a href=\"https:\/\/www.actvism.org\/wp-content\/uploads\/2016\/07\/foto.jpg\"><img loading=\"lazy\" decoding=\"async\" class=\"wp-image-1818 size-thumbnail alignleft\" src=\"https:\/\/www.actvism.org\/wp-content\/uploads\/2016\/07\/foto-150x150.jpg\" alt=\"Ernst Wolff\" width=\"150\" height=\"150\" \/><\/a><strong>Ernst Wolff<\/strong>, Jahrgang 1950, wuchs in S\u00fcdostasien auf, hat in Deutschland die Schule besucht und in den USA studiert. Er war u. a. als Journalist, Dolmetscher und Drehbuchautor t\u00e4tig. F\u00fcr Wolff ist die Wechselbeziehung von Wirtschaft und Politik, mit der er sich seit vier Jahrzehnten besch\u00e4ftigt, von gr\u00f6\u00dfter Bedeutung. \u201eDie Finanzkrise von 2008 und die Eurokrise waren nur die ersten Vorboten eines aufziehenden globalen Finanz-Tsunamis, in dem der IWF und seine Verb\u00fcndeten auch in Europa zu Ma\u00dfnahmen greifen werden, die wir uns heute noch nicht vorstellen k\u00f6nnen\u201c, so Wolff.<\/p>\n<p>Der Titel seines letzten Buches lautet: \u201e<a href=\"https:\/\/www.amazon.de\/Finanz-Tsunami-globale-Finanzsystem-alle-bedroht\/dp\/394131081X\" target=\"_blank\" rel=\"noopener noreferrer\">Finanz-Tsunami: Wie das globale Finanzsystem uns alle bedroht<\/a><span lang=\"de-DE\">.&#8221;<\/span><\/p>\n<hr \/>\n<\/div><\/div>\n<\/div>\n","protected":false},"excerpt":{"rendered":"<p>Due to limited financial &#038; technical resources as a non-profit and volunteer-based organization, we were unable to translate this article into English. Please donate today so we can translate all of our work into the English language by clicking here.<\/p>\n","protected":false},"author":1,"featured_media":3646,"comment_status":"open","ping_status":"open","sticky":false,"template":"","format":"standard","meta":{"_acf_changed":false,"inline_featured_image":false,"footnotes":""},"categories":[1,14],"tags":[],"channel":[],"class_list":["post-3645","post","type-post","status-publish","format-standard","has-post-thumbnail","hentry","category-latest","category-politics"],"translation":{"provider":"WPGlobus","version":"3.0.0","language":"en","enabled_languages":["de","en"],"languages":{"de":{"title":true,"content":true,"excerpt":true},"en":{"title":true,"content":true,"excerpt":true}}},"acf":[],"yoast_head":"<!-- This site is optimized with the Yoast SEO plugin v27.5 - https:\/\/yoast.com\/product\/yoast-seo-wordpress\/ -->\n<title>Themen, die im Bundestagswahlkampf ausgeblendet wurden | Mit Ernst Wolff<\/title>\n<meta name=\"robots\" content=\"index, follow, max-snippet:-1, max-image-preview:large, max-video-preview:-1\" \/>\n<link rel=\"canonical\" href=\"https:\/\/www.actvism.org\/politics\/bundestagswahlkampf-ernst-wolff\/\" \/>\n<meta property=\"og:locale\" content=\"en_US\" \/>\n<meta property=\"og:type\" content=\"article\" \/>\n<meta property=\"og:title\" content=\"Themen, die im Bundestagswahlkampf ausgeblendet wurden | Mit Ernst Wolff - acTVism\" \/>\n<meta property=\"og:url\" content=\"https:\/\/www.actvism.org\/politics\/bundestagswahlkampf-ernst-wolff\/\" \/>\n<meta property=\"og:site_name\" content=\"acTVism\" \/>\n<meta property=\"article:publisher\" content=\"https:\/\/facebook.com\/acTVism\" \/>\n<meta property=\"article:published_time\" content=\"2017-09-23T15:00:52+00:00\" \/>\n<meta property=\"article:modified_time\" content=\"2020-11-06T16:48:53+00:00\" \/>\n<meta property=\"og:image\" content=\"https:\/\/www.actvism.org\/wp-content\/uploads\/2017\/09\/German-Election.jpg\" \/>\n\t<meta property=\"og:image:width\" content=\"1920\" \/>\n\t<meta property=\"og:image:height\" content=\"1080\" \/>\n\t<meta property=\"og:image:type\" content=\"image\/jpeg\" \/>\n<meta name=\"author\" content=\"atv_admin\" \/>\n<meta name=\"twitter:card\" content=\"summary_large_image\" \/>\n<meta name=\"twitter:creator\" content=\"@acTVismMunich\" \/>\n<meta name=\"twitter:site\" content=\"@acTVismMunich\" \/>\n<meta name=\"twitter:label1\" content=\"Written by\" \/>\n\t<meta name=\"twitter:data1\" content=\"atv_admin\" \/>\n\t<meta name=\"twitter:label2\" content=\"Est. reading time\" \/>\n\t<meta name=\"twitter:data2\" content=\"2 minutes\" \/>\n<script type=\"application\/ld+json\" class=\"yoast-schema-graph\">{\"@context\":\"https:\\\/\\\/schema.org\",\"@graph\":[{\"@type\":\"Article\",\"@id\":\"https:\\\/\\\/www.actvism.org\\\/politics\\\/bundestagswahlkampf-ernst-wolff\\\/#article\",\"isPartOf\":{\"@id\":\"https:\\\/\\\/www.actvism.org\\\/politics\\\/bundestagswahlkampf-ernst-wolff\\\/\"},\"author\":{\"name\":\"atv_admin\",\"@id\":\"https:\\\/\\\/www.actvism.org\\\/#\\\/schema\\\/person\\\/bc2c8684912eb2289fe0009f5ca451d6\"},\"headline\":\"Themen, die im Bundestagswahlkampf ausgeblendet wurden | Mit Ernst Wolff\",\"datePublished\":\"2017-09-23T15:00:52+00:00\",\"dateModified\":\"2020-11-06T16:48:53+00:00\",\"mainEntityOfPage\":{\"@id\":\"https:\\\/\\\/www.actvism.org\\\/politics\\\/bundestagswahlkampf-ernst-wolff\\\/\"},\"wordCount\":462,\"commentCount\":2,\"publisher\":{\"@id\":\"https:\\\/\\\/www.actvism.org\\\/#organization\"},\"image\":{\"@id\":\"https:\\\/\\\/www.actvism.org\\\/politics\\\/bundestagswahlkampf-ernst-wolff\\\/#primaryimage\"},\"thumbnailUrl\":\"https:\\\/\\\/www.actvism.org\\\/wp-content\\\/uploads\\\/2017\\\/09\\\/German-Election.jpg\",\"articleSection\":[\"LATEST\",\"OUR CONTENT\"],\"inLanguage\":\"en-US\",\"potentialAction\":[{\"@type\":\"CommentAction\",\"name\":\"Comment\",\"target\":[\"https:\\\/\\\/www.actvism.org\\\/politics\\\/bundestagswahlkampf-ernst-wolff\\\/#respond\"]}]},{\"@type\":\"WebPage\",\"@id\":\"https:\\\/\\\/www.actvism.org\\\/politics\\\/bundestagswahlkampf-ernst-wolff\\\/\",\"url\":\"https:\\\/\\\/www.actvism.org\\\/politics\\\/bundestagswahlkampf-ernst-wolff\\\/\",\"name\":\"Themen, die im Bundestagswahlkampf ausgeblendet wurden | Mit Ernst Wolff\",\"isPartOf\":{\"@id\":\"https:\\\/\\\/www.actvism.org\\\/#website\"},\"primaryImageOfPage\":{\"@id\":\"https:\\\/\\\/www.actvism.org\\\/politics\\\/bundestagswahlkampf-ernst-wolff\\\/#primaryimage\"},\"image\":{\"@id\":\"https:\\\/\\\/www.actvism.org\\\/politics\\\/bundestagswahlkampf-ernst-wolff\\\/#primaryimage\"},\"thumbnailUrl\":\"https:\\\/\\\/www.actvism.org\\\/wp-content\\\/uploads\\\/2017\\\/09\\\/German-Election.jpg\",\"datePublished\":\"2017-09-23T15:00:52+00:00\",\"dateModified\":\"2020-11-06T16:48:53+00:00\",\"description\":\"In diesem Video sprechen wir mit Ernst Wolff \u00fcber grundlegende Themen, die im Bundestagswahlkampf ausgeblendet wurden ...\",\"inLanguage\":\"en-US\",\"potentialAction\":[{\"@type\":\"ReadAction\",\"target\":[\"https:\\\/\\\/www.actvism.org\\\/politics\\\/bundestagswahlkampf-ernst-wolff\\\/\"]}]},{\"@type\":\"ImageObject\",\"inLanguage\":\"en-US\",\"@id\":\"https:\\\/\\\/www.actvism.org\\\/politics\\\/bundestagswahlkampf-ernst-wolff\\\/#primaryimage\",\"url\":\"https:\\\/\\\/www.actvism.org\\\/wp-content\\\/uploads\\\/2017\\\/09\\\/German-Election.jpg\",\"contentUrl\":\"https:\\\/\\\/www.actvism.org\\\/wp-content\\\/uploads\\\/2017\\\/09\\\/German-Election.jpg\",\"width\":1920,\"height\":1080,\"caption\":\"Ernst Wolff - Bundestagswahl 2017 - Bundestagswahlkampf\"},{\"@type\":\"WebSite\",\"@id\":\"https:\\\/\\\/www.actvism.org\\\/#website\",\"url\":\"https:\\\/\\\/www.actvism.org\\\/\",\"name\":\"acTVism\",\"description\":\"information that moves\",\"publisher\":{\"@id\":\"https:\\\/\\\/www.actvism.org\\\/#organization\"},\"potentialAction\":[{\"@type\":\"SearchAction\",\"target\":{\"@type\":\"EntryPoint\",\"urlTemplate\":\"https:\\\/\\\/www.actvism.org\\\/?s={search_term_string}\"},\"query-input\":{\"@type\":\"PropertyValueSpecification\",\"valueRequired\":true,\"valueName\":\"search_term_string\"}}],\"inLanguage\":\"en-US\"},{\"@type\":\"Organization\",\"@id\":\"https:\\\/\\\/www.actvism.org\\\/#organization\",\"name\":\"acTVism Munich e.V.\",\"url\":\"https:\\\/\\\/www.actvism.org\\\/\",\"logo\":{\"@type\":\"ImageObject\",\"inLanguage\":\"en-US\",\"@id\":\"https:\\\/\\\/www.actvism.org\\\/#\\\/schema\\\/logo\\\/image\\\/\",\"url\":\"https:\\\/\\\/www.actvism.org\\\/wp-content\\\/uploads\\\/2020\\\/11\\\/logo.svg\",\"contentUrl\":\"https:\\\/\\\/www.actvism.org\\\/wp-content\\\/uploads\\\/2020\\\/11\\\/logo.svg\",\"width\":200,\"height\":57,\"caption\":\"acTVism Munich e.V.\"},\"image\":{\"@id\":\"https:\\\/\\\/www.actvism.org\\\/#\\\/schema\\\/logo\\\/image\\\/\"},\"sameAs\":[\"https:\\\/\\\/facebook.com\\\/acTVism\",\"https:\\\/\\\/x.com\\\/acTVismMunich\"]},{\"@type\":\"Person\",\"@id\":\"https:\\\/\\\/www.actvism.org\\\/#\\\/schema\\\/person\\\/bc2c8684912eb2289fe0009f5ca451d6\",\"name\":\"atv_admin\",\"image\":{\"@type\":\"ImageObject\",\"inLanguage\":\"en-US\",\"@id\":\"https:\\\/\\\/secure.gravatar.com\\\/avatar\\\/53465926e4246ee1b807a849c23197531fd45c1bcd02682ada54ddb12eaa7a6d?s=96&d=mm&r=g\",\"url\":\"https:\\\/\\\/secure.gravatar.com\\\/avatar\\\/53465926e4246ee1b807a849c23197531fd45c1bcd02682ada54ddb12eaa7a6d?s=96&d=mm&r=g\",\"contentUrl\":\"https:\\\/\\\/secure.gravatar.com\\\/avatar\\\/53465926e4246ee1b807a849c23197531fd45c1bcd02682ada54ddb12eaa7a6d?s=96&d=mm&r=g\",\"caption\":\"atv_admin\"},\"url\":\"https:\\\/\\\/www.actvism.org\\\/en\\\/author\\\/atv_admin\\\/\"}]}<\/script>\n<!-- \/ Yoast SEO plugin. -->","yoast_head_json":{"title":"Themen, die im Bundestagswahlkampf ausgeblendet wurden | Mit Ernst Wolff","robots":{"index":"index","follow":"follow","max-snippet":"max-snippet:-1","max-image-preview":"max-image-preview:large","max-video-preview":"max-video-preview:-1"},"canonical":"https:\/\/www.actvism.org\/politics\/bundestagswahlkampf-ernst-wolff\/","og_locale":"en_US","og_type":"article","og_title":"Themen, die im Bundestagswahlkampf ausgeblendet wurden | Mit Ernst Wolff - acTVism","og_url":"https:\/\/www.actvism.org\/politics\/bundestagswahlkampf-ernst-wolff\/","og_site_name":"acTVism","article_publisher":"https:\/\/facebook.com\/acTVism","article_published_time":"2017-09-23T15:00:52+00:00","article_modified_time":"2020-11-06T16:48:53+00:00","og_image":[{"width":1920,"height":1080,"url":"https:\/\/www.actvism.org\/wp-content\/uploads\/2017\/09\/German-Election.jpg","type":"image\/jpeg"}],"author":"atv_admin","twitter_card":"summary_large_image","twitter_creator":"@acTVismMunich","twitter_site":"@acTVismMunich","twitter_misc":{"Written by":"atv_admin","Est. reading time":"2 minutes"},"schema":{"@context":"https:\/\/schema.org","@graph":[{"@type":"Article","@id":"https:\/\/www.actvism.org\/politics\/bundestagswahlkampf-ernst-wolff\/#article","isPartOf":{"@id":"https:\/\/www.actvism.org\/politics\/bundestagswahlkampf-ernst-wolff\/"},"author":{"name":"atv_admin","@id":"https:\/\/www.actvism.org\/#\/schema\/person\/bc2c8684912eb2289fe0009f5ca451d6"},"headline":"Themen, die im Bundestagswahlkampf ausgeblendet wurden | Mit Ernst Wolff","datePublished":"2017-09-23T15:00:52+00:00","dateModified":"2020-11-06T16:48:53+00:00","mainEntityOfPage":{"@id":"https:\/\/www.actvism.org\/politics\/bundestagswahlkampf-ernst-wolff\/"},"wordCount":462,"commentCount":2,"publisher":{"@id":"https:\/\/www.actvism.org\/#organization"},"image":{"@id":"https:\/\/www.actvism.org\/politics\/bundestagswahlkampf-ernst-wolff\/#primaryimage"},"thumbnailUrl":"https:\/\/www.actvism.org\/wp-content\/uploads\/2017\/09\/German-Election.jpg","articleSection":["LATEST","OUR CONTENT"],"inLanguage":"en-US","potentialAction":[{"@type":"CommentAction","name":"Comment","target":["https:\/\/www.actvism.org\/politics\/bundestagswahlkampf-ernst-wolff\/#respond"]}]},{"@type":"WebPage","@id":"https:\/\/www.actvism.org\/politics\/bundestagswahlkampf-ernst-wolff\/","url":"https:\/\/www.actvism.org\/politics\/bundestagswahlkampf-ernst-wolff\/","name":"Themen, die im Bundestagswahlkampf ausgeblendet wurden | Mit Ernst Wolff","isPartOf":{"@id":"https:\/\/www.actvism.org\/#website"},"primaryImageOfPage":{"@id":"https:\/\/www.actvism.org\/politics\/bundestagswahlkampf-ernst-wolff\/#primaryimage"},"image":{"@id":"https:\/\/www.actvism.org\/politics\/bundestagswahlkampf-ernst-wolff\/#primaryimage"},"thumbnailUrl":"https:\/\/www.actvism.org\/wp-content\/uploads\/2017\/09\/German-Election.jpg","datePublished":"2017-09-23T15:00:52+00:00","dateModified":"2020-11-06T16:48:53+00:00","description":"In diesem Video sprechen wir mit Ernst Wolff \u00fcber grundlegende Themen, die im Bundestagswahlkampf ausgeblendet wurden ...","inLanguage":"en-US","potentialAction":[{"@type":"ReadAction","target":["https:\/\/www.actvism.org\/politics\/bundestagswahlkampf-ernst-wolff\/"]}]},{"@type":"ImageObject","inLanguage":"en-US","@id":"https:\/\/www.actvism.org\/politics\/bundestagswahlkampf-ernst-wolff\/#primaryimage","url":"https:\/\/www.actvism.org\/wp-content\/uploads\/2017\/09\/German-Election.jpg","contentUrl":"https:\/\/www.actvism.org\/wp-content\/uploads\/2017\/09\/German-Election.jpg","width":1920,"height":1080,"caption":"Ernst Wolff - Bundestagswahl 2017 - Bundestagswahlkampf"},{"@type":"WebSite","@id":"https:\/\/www.actvism.org\/#website","url":"https:\/\/www.actvism.org\/","name":"acTVism","description":"information that moves","publisher":{"@id":"https:\/\/www.actvism.org\/#organization"},"potentialAction":[{"@type":"SearchAction","target":{"@type":"EntryPoint","urlTemplate":"https:\/\/www.actvism.org\/?s={search_term_string}"},"query-input":{"@type":"PropertyValueSpecification","valueRequired":true,"valueName":"search_term_string"}}],"inLanguage":"en-US"},{"@type":"Organization","@id":"https:\/\/www.actvism.org\/#organization","name":"acTVism Munich e.V.","url":"https:\/\/www.actvism.org\/","logo":{"@type":"ImageObject","inLanguage":"en-US","@id":"https:\/\/www.actvism.org\/#\/schema\/logo\/image\/","url":"https:\/\/www.actvism.org\/wp-content\/uploads\/2020\/11\/logo.svg","contentUrl":"https:\/\/www.actvism.org\/wp-content\/uploads\/2020\/11\/logo.svg","width":200,"height":57,"caption":"acTVism Munich e.V."},"image":{"@id":"https:\/\/www.actvism.org\/#\/schema\/logo\/image\/"},"sameAs":["https:\/\/facebook.com\/acTVism","https:\/\/x.com\/acTVismMunich"]},{"@type":"Person","@id":"https:\/\/www.actvism.org\/#\/schema\/person\/bc2c8684912eb2289fe0009f5ca451d6","name":"atv_admin","image":{"@type":"ImageObject","inLanguage":"en-US","@id":"https:\/\/secure.gravatar.com\/avatar\/53465926e4246ee1b807a849c23197531fd45c1bcd02682ada54ddb12eaa7a6d?s=96&d=mm&r=g","url":"https:\/\/secure.gravatar.com\/avatar\/53465926e4246ee1b807a849c23197531fd45c1bcd02682ada54ddb12eaa7a6d?s=96&d=mm&r=g","contentUrl":"https:\/\/secure.gravatar.com\/avatar\/53465926e4246ee1b807a849c23197531fd45c1bcd02682ada54ddb12eaa7a6d?s=96&d=mm&r=g","caption":"atv_admin"},"url":"https:\/\/www.actvism.org\/en\/author\/atv_admin\/"}]}},"_links":{"self":[{"href":"https:\/\/www.actvism.org\/en\/wp-json\/wp\/v2\/posts\/3645","targetHints":{"allow":["GET"]}}],"collection":[{"href":"https:\/\/www.actvism.org\/en\/wp-json\/wp\/v2\/posts"}],"about":[{"href":"https:\/\/www.actvism.org\/en\/wp-json\/wp\/v2\/types\/post"}],"author":[{"embeddable":true,"href":"https:\/\/www.actvism.org\/en\/wp-json\/wp\/v2\/users\/1"}],"replies":[{"embeddable":true,"href":"https:\/\/www.actvism.org\/en\/wp-json\/wp\/v2\/comments?post=3645"}],"version-history":[{"count":0,"href":"https:\/\/www.actvism.org\/en\/wp-json\/wp\/v2\/posts\/3645\/revisions"}],"wp:featuredmedia":[{"embeddable":true,"href":"https:\/\/www.actvism.org\/en\/wp-json\/wp\/v2\/media\/3646"}],"wp:attachment":[{"href":"https:\/\/www.actvism.org\/en\/wp-json\/wp\/v2\/media?parent=3645"}],"wp:term":[{"taxonomy":"category","embeddable":true,"href":"https:\/\/www.actvism.org\/en\/wp-json\/wp\/v2\/categories?post=3645"},{"taxonomy":"post_tag","embeddable":true,"href":"https:\/\/www.actvism.org\/en\/wp-json\/wp\/v2\/tags?post=3645"},{"taxonomy":"channel","embeddable":true,"href":"https:\/\/www.actvism.org\/en\/wp-json\/wp\/v2\/channel?post=3645"}],"curies":[{"name":"wp","href":"https:\/\/api.w.org\/{rel}","templated":true}]}}