{"id":4156,"date":"2018-02-05T10:36:17","date_gmt":"2018-02-05T09:36:17","guid":{"rendered":"http:\/\/www.actvism.org\/?p=4156"},"modified":"2020-11-06T17:48:51","modified_gmt":"2020-11-06T16:48:51","slug":"antisiko-goldene-nasen-waffenhaendler","status":"publish","type":"post","link":"https:\/\/www.actvism.org\/en\/opinions\/antisiko-goldene-nasen-waffenhaendler\/","title":{"rendered":"OP-ED: 7 Golden Noses of German Arms Exporters | From AntiSiko"},"content":{"rendered":"<div class=\"container\">\n<div class=\"row justify-content-md-center\">\n<div class=\"col-md-8 pb-3\">\n<p><em>Due to limited financial &amp; technical resources as a non-profit and volunteer-based organization, we were unable to translate this article into English. Please donate today so we can translate all of our work into the English language by\u00a0<a href=\"https:\/\/www.betterplace.org\/en\/projects\/51400-actvism-munich-crowdfunding\">clicking here.<\/a><\/em><\/p>\n<hr \/>\n<p><strong>Gastbeitrag: Aktion 7 Goldene Nasen deutscher Waffenh\u00e4ndler | <\/strong>Von AntiSiko<\/p>\n<hr \/>\n<p>Am 2. Februar 2018 haben M\u00fcnchner Friedensorganisationen mit Skulpturen von sieben \u00fcberdimensionalen Nasen f\u00fchrende Manager und Profiteuren deutscher R\u00fcstungskonzerne angeprangert.<\/p>\n<ul>\n<li>Andreas Heeschen, Hauptgesellschafter der Heckler &amp; Koch GmbH<\/li>\n<li>Frank Haun, Gesch\u00e4ftsf\u00fchrer von Krauss-Maffei Wegmann<\/li>\n<li>Bernhard Gerwert, Chief Executive Officer von Airbus Defence &amp; Space<\/li>\n<li>Claus G\u00fcnther, Vorstandssprecher des Bereichs Diehl Defence<\/li>\n<li>Heinrich Hiesinger, Vorstandsvorsitzender der ThyssenKrupp AG<\/li>\n<li>Armin Papperger, Vorstandsvorsitzender der Rheinmetall AG<\/li>\n<li>Dieter Zetsche, Vorstandsvorsitzender der Daimler AG<\/li>\n<\/ul>\n<p><strong>Warum?<\/strong><\/p>\n<p>Diese R\u00fcstungsmanager sind verantwortlich f\u00fcr die f\u00fcr die t\u00f6dlichen Gesch\u00e4fte ihrer Konzerne, durch<br \/>\ndie sie sich auf Kosten von Leid, Not und Tod der Menschen, sprichw\u00f6rtlich \u201eeine Goldene Nase\u201c<br \/>\nverdienen. Millionen Menschen sind auf der Flucht oder sterben, weil einige Konzerne vom lukrativen<br \/>\nGesch\u00e4ft mit dem Krieg und mit Waffenexporten profitieren.<\/p>\n<p>Deutschland ist der viertgr\u00f6\u00dfte Waffenexporteur der Welt. Unter Wirtschaftsminister Gabriel (SPD)<br \/>\nhat die Gro\u00dfe Koalition in den vergangenen vier Jahren deutlich mehr R\u00fcstungsexporte genehmigt<br \/>\nals die Vorg\u00e4ngerregierung von Union und FDP. Der Gesamtwert der Lieferungen lag von 2014 bis 2017<br \/>\nbei 25,1 Mrd. Euro und damit 21 Prozent h\u00f6her als in den Jahren der schwarz-gelben Koalition.<\/p>\n<p>Mit den R\u00fcstungsexporten leistet Deutschland Beihilfe zum Mord. Deutsche Leopard II Panzer der<br \/>\nFirmen Rhein-Metall und Kraus-Maffei-Wegmann und Tausende Schnellfeuer- und Maschinengewehre<br \/>\ndes Waffenherstellers Heckler &amp; Koch, werden derzeit im v\u00f6lkerrechtswidrigen Angriffskrieg gegen<br \/>\ndie Kurden im nordsyrischen Afrin eingesetzt.<\/p>\n<p><strong>Wie soll ich aktiv werden?<\/strong><\/p>\n<p>Am Samstag den 17. Februar demonstrieren wir gegen die sogenannte Sicherheitskonferenz in M\u00fcnchen.<br \/>\nAuf dieser Konferenz der NATO-Kriegsstrategen geht es nicht um friedliche Konfliktl\u00f6sung oder um die<br \/>\nSicherheit f\u00fcr die Menschen auf dem Globus. Dort geht es um die Milit\u00e4rstrategie der NATO und um die<br \/>\nAufr\u00fcstung der EU. In diesem Jahr steht PESCO, die gemeinsame milit\u00e4rische Zusammenarbeit der<br \/>\nEU-Staaten ganz oben auf der Agenda dieser Konferenz. Einige der gro\u00dfen R\u00fcstungskonzerne sind Sponsoren und Teilnehmer dieser Tagung der Milit\u00e4rstrategen. Sie profitieren an jedem Krieg, egal an wen sie ihre Waffen liefern.<\/p>\n<p>Komm zur Demo gegen die &#8220;Sicherheitskonferenz&#8221;, zeige den Verantwortlichen, dass Du dieser Politik nicht einverstanden bist. Wir fordern den Stopp aller R\u00fcstungsexporte, insbesondere an die T\u00fcrkei, an Saudi- Arabien, Katar und in andere Krisengebiete. Wir sagen NEIN zum Krieg. Wir wollen Frieden<br \/>\nstatt Aufr\u00fcstung.<\/p>\n<ul>\n<li><strong>Facebook:<\/strong> <a href=\"https:\/\/www.facebook.com\/events\/388429824904338\/\" target=\"_blank\" rel=\"noopener noreferrer\">www.facebook.com\/events\/388429824904338\/<\/a><\/li>\n<li><strong>Webseite<\/strong>: www.antisiko.de<\/li>\n<\/ul>\n<hr \/>\n<p><strong>Anmerkung: Dieser Bericht spiegelt nicht unbedingt die redaktionelle Haltung von acTVism Munich wieder.<\/strong><\/p>\n<hr \/>\n<h2>Videoempfehlungen:<\/h2>\n<h2>Die M\u00fcnchner Sicherheitskonferenz &amp; Waffenexporte | Mit Ates G\u00fcrpinar<\/h2>\n<p><iframe loading=\"lazy\" title=\"Die M\u00fcnchner Sicherheitskonferenz und Waffenexporte | Mit Ates G\u00fcrpinar\" width=\"500\" height=\"281\" src=\"https:\/\/www.youtube.com\/embed\/RFopjeU_Xe0?start=2&#038;feature=oembed\" frameborder=\"0\" allow=\"accelerometer; autoplay; clipboard-write; encrypted-media; gyroscope; picture-in-picture; web-share\" referrerpolicy=\"strict-origin-when-cross-origin\" allowfullscreen><\/iframe><\/p>\n<hr \/>\n<h2 class=\"title style-scope ytd-video-primary-info-renderer\">Die MSC &amp; Fluchtursachen | Mit Franz Haslbeck &#8211; AntiSiko<\/h2>\n<p><iframe loading=\"lazy\" title=\"Die M\u00fcnchner Sicherheitskonferenz &amp; Fluchtursachen | Mit Franz Haslbeck\" width=\"500\" height=\"281\" src=\"https:\/\/www.youtube.com\/embed\/iX9eB4nIWcc?start=3&#038;feature=oembed\" frameborder=\"0\" allow=\"accelerometer; autoplay; clipboard-write; encrypted-media; gyroscope; picture-in-picture; web-share\" referrerpolicy=\"strict-origin-when-cross-origin\" allowfullscreen><\/iframe><\/p>\n<hr \/>\n<\/div><\/div>\n<\/div>\n","protected":false},"excerpt":{"rendered":"<p>Am 2. Februar 2018 haben M\u00fcnchner Friedensorganisationen mit Skulpturen von sieben \u00fcberdimensionalen Nasen f\u00fchrende Manager und Profiteuren deutscher R\u00fcstungskonzerne angeprangert.<\/p>\n","protected":false},"author":1,"featured_media":0,"comment_status":"open","ping_status":"open","sticky":false,"template":"","format":"standard","meta":{"_acf_changed":false,"inline_featured_image":false,"footnotes":""},"categories":[1,886],"tags":[],"channel":[],"class_list":["post-4156","post","type-post","status-publish","format-standard","hentry","category-latest","category-opinions"],"translation":{"provider":"WPGlobus","version":"3.0.0","language":"en","enabled_languages":["de","en"],"languages":{"de":{"title":true,"content":true,"excerpt":true},"en":{"title":true,"content":true,"excerpt":false}}},"acf":[],"yoast_head":"<!-- This site is optimized with the Yoast SEO plugin v27.5 - https:\/\/yoast.com\/product\/yoast-seo-wordpress\/ -->\n<title>Gastbeitrag: Aktion 7 Goldene Nasen deutscher Waffenh\u00e4ndler | Von AntiSiko<\/title>\n<meta name=\"robots\" content=\"index, follow, max-snippet:-1, max-image-preview:large, max-video-preview:-1\" \/>\n<link rel=\"canonical\" href=\"https:\/\/www.actvism.org\/opinions\/antisiko-goldene-nasen-waffenhaendler\/\" \/>\n<meta property=\"og:locale\" content=\"en_US\" \/>\n<meta property=\"og:type\" content=\"article\" \/>\n<meta property=\"og:title\" content=\"OP-ED: 7 Golden Noses of German Arms Exporters | From AntiSiko - acTVism\" \/>\n<meta property=\"og:url\" content=\"https:\/\/www.actvism.org\/opinions\/antisiko-goldene-nasen-waffenhaendler\/\" \/>\n<meta property=\"og:site_name\" content=\"acTVism\" \/>\n<meta property=\"article:publisher\" content=\"https:\/\/facebook.com\/acTVism\" \/>\n<meta property=\"article:published_time\" content=\"2018-02-05T09:36:17+00:00\" \/>\n<meta property=\"article:modified_time\" content=\"2020-11-06T16:48:51+00:00\" \/>\n<meta property=\"og:image\" content=\"https:\/\/www.actvism.org\/wp-content\/uploads\/2018\/02\/P2020016.jpg\" \/>\n\t<meta property=\"og:image:width\" content=\"1600\" \/>\n\t<meta property=\"og:image:height\" content=\"1200\" \/>\n\t<meta property=\"og:image:type\" content=\"image\/jpeg\" \/>\n<meta name=\"author\" content=\"atv_admin\" \/>\n<meta name=\"twitter:card\" content=\"summary_large_image\" \/>\n<meta name=\"twitter:creator\" content=\"@acTVismMunich\" \/>\n<meta name=\"twitter:site\" content=\"@acTVismMunich\" \/>\n<meta name=\"twitter:label1\" content=\"Written by\" \/>\n\t<meta name=\"twitter:data1\" content=\"atv_admin\" \/>\n\t<meta name=\"twitter:label2\" content=\"Est. reading time\" \/>\n\t<meta name=\"twitter:data2\" content=\"5 minutes\" \/>\n<script type=\"application\/ld+json\" class=\"yoast-schema-graph\">{\"@context\":\"https:\\\/\\\/schema.org\",\"@graph\":[{\"@type\":\"Article\",\"@id\":\"https:\\\/\\\/www.actvism.org\\\/opinions\\\/antisiko-goldene-nasen-waffenhaendler\\\/#article\",\"isPartOf\":{\"@id\":\"https:\\\/\\\/www.actvism.org\\\/opinions\\\/antisiko-goldene-nasen-waffenhaendler\\\/\"},\"author\":{\"name\":\"atv_admin\",\"@id\":\"https:\\\/\\\/www.actvism.org\\\/#\\\/schema\\\/person\\\/bc2c8684912eb2289fe0009f5ca451d6\"},\"headline\":\"OP-ED: 7 Golden Noses of German Arms Exporters | From AntiSiko\",\"datePublished\":\"2018-02-05T09:36:17+00:00\",\"dateModified\":\"2020-11-06T16:48:51+00:00\",\"mainEntityOfPage\":{\"@id\":\"https:\\\/\\\/www.actvism.org\\\/opinions\\\/antisiko-goldene-nasen-waffenhaendler\\\/\"},\"wordCount\":966,\"commentCount\":1,\"publisher\":{\"@id\":\"https:\\\/\\\/www.actvism.org\\\/#organization\"},\"articleSection\":[\"LATEST\",\"IMPORT\"],\"inLanguage\":\"en-US\",\"potentialAction\":[{\"@type\":\"CommentAction\",\"name\":\"Comment\",\"target\":[\"https:\\\/\\\/www.actvism.org\\\/opinions\\\/antisiko-goldene-nasen-waffenhaendler\\\/#respond\"]}]},{\"@type\":\"WebPage\",\"@id\":\"https:\\\/\\\/www.actvism.org\\\/opinions\\\/antisiko-goldene-nasen-waffenhaendler\\\/\",\"url\":\"https:\\\/\\\/www.actvism.org\\\/opinions\\\/antisiko-goldene-nasen-waffenhaendler\\\/\",\"name\":\"Gastbeitrag: Aktion 7 Goldene Nasen deutscher Waffenh\u00e4ndler | Von AntiSiko\",\"isPartOf\":{\"@id\":\"https:\\\/\\\/www.actvism.org\\\/#website\"},\"datePublished\":\"2018-02-05T09:36:17+00:00\",\"dateModified\":\"2020-11-06T16:48:51+00:00\",\"description\":\"AntiSiko: Am 2. Februar 2018 haben M\u00fcnchner Friedensorganisationen mit Skulpturen von sieben \u00fcberdimensionalen Nasen f\u00fchrende Manager und ...\",\"inLanguage\":\"en-US\",\"potentialAction\":[{\"@type\":\"ReadAction\",\"target\":[\"https:\\\/\\\/www.actvism.org\\\/opinions\\\/antisiko-goldene-nasen-waffenhaendler\\\/\"]}]},{\"@type\":\"WebSite\",\"@id\":\"https:\\\/\\\/www.actvism.org\\\/#website\",\"url\":\"https:\\\/\\\/www.actvism.org\\\/\",\"name\":\"acTVism\",\"description\":\"information that moves\",\"publisher\":{\"@id\":\"https:\\\/\\\/www.actvism.org\\\/#organization\"},\"potentialAction\":[{\"@type\":\"SearchAction\",\"target\":{\"@type\":\"EntryPoint\",\"urlTemplate\":\"https:\\\/\\\/www.actvism.org\\\/?s={search_term_string}\"},\"query-input\":{\"@type\":\"PropertyValueSpecification\",\"valueRequired\":true,\"valueName\":\"search_term_string\"}}],\"inLanguage\":\"en-US\"},{\"@type\":\"Organization\",\"@id\":\"https:\\\/\\\/www.actvism.org\\\/#organization\",\"name\":\"acTVism Munich e.V.\",\"url\":\"https:\\\/\\\/www.actvism.org\\\/\",\"logo\":{\"@type\":\"ImageObject\",\"inLanguage\":\"en-US\",\"@id\":\"https:\\\/\\\/www.actvism.org\\\/#\\\/schema\\\/logo\\\/image\\\/\",\"url\":\"https:\\\/\\\/www.actvism.org\\\/wp-content\\\/uploads\\\/2020\\\/11\\\/logo.svg\",\"contentUrl\":\"https:\\\/\\\/www.actvism.org\\\/wp-content\\\/uploads\\\/2020\\\/11\\\/logo.svg\",\"width\":200,\"height\":57,\"caption\":\"acTVism Munich e.V.\"},\"image\":{\"@id\":\"https:\\\/\\\/www.actvism.org\\\/#\\\/schema\\\/logo\\\/image\\\/\"},\"sameAs\":[\"https:\\\/\\\/facebook.com\\\/acTVism\",\"https:\\\/\\\/x.com\\\/acTVismMunich\"]},{\"@type\":\"Person\",\"@id\":\"https:\\\/\\\/www.actvism.org\\\/#\\\/schema\\\/person\\\/bc2c8684912eb2289fe0009f5ca451d6\",\"name\":\"atv_admin\",\"image\":{\"@type\":\"ImageObject\",\"inLanguage\":\"en-US\",\"@id\":\"https:\\\/\\\/secure.gravatar.com\\\/avatar\\\/53465926e4246ee1b807a849c23197531fd45c1bcd02682ada54ddb12eaa7a6d?s=96&d=mm&r=g\",\"url\":\"https:\\\/\\\/secure.gravatar.com\\\/avatar\\\/53465926e4246ee1b807a849c23197531fd45c1bcd02682ada54ddb12eaa7a6d?s=96&d=mm&r=g\",\"contentUrl\":\"https:\\\/\\\/secure.gravatar.com\\\/avatar\\\/53465926e4246ee1b807a849c23197531fd45c1bcd02682ada54ddb12eaa7a6d?s=96&d=mm&r=g\",\"caption\":\"atv_admin\"},\"url\":\"https:\\\/\\\/www.actvism.org\\\/en\\\/author\\\/atv_admin\\\/\"}]}<\/script>\n<!-- \/ Yoast SEO plugin. -->","yoast_head_json":{"title":"Gastbeitrag: Aktion 7 Goldene Nasen deutscher Waffenh\u00e4ndler | Von AntiSiko","robots":{"index":"index","follow":"follow","max-snippet":"max-snippet:-1","max-image-preview":"max-image-preview:large","max-video-preview":"max-video-preview:-1"},"canonical":"https:\/\/www.actvism.org\/opinions\/antisiko-goldene-nasen-waffenhaendler\/","og_locale":"en_US","og_type":"article","og_title":"OP-ED: 7 Golden Noses of German Arms Exporters | From AntiSiko - acTVism","og_url":"https:\/\/www.actvism.org\/opinions\/antisiko-goldene-nasen-waffenhaendler\/","og_site_name":"acTVism","article_publisher":"https:\/\/facebook.com\/acTVism","article_published_time":"2018-02-05T09:36:17+00:00","article_modified_time":"2020-11-06T16:48:51+00:00","og_image":[{"width":1600,"height":1200,"url":"https:\/\/www.actvism.org\/wp-content\/uploads\/2018\/02\/P2020016.jpg","type":"image\/jpeg"}],"author":"atv_admin","twitter_card":"summary_large_image","twitter_creator":"@acTVismMunich","twitter_site":"@acTVismMunich","twitter_misc":{"Written by":"atv_admin","Est. reading time":"5 minutes"},"schema":{"@context":"https:\/\/schema.org","@graph":[{"@type":"Article","@id":"https:\/\/www.actvism.org\/opinions\/antisiko-goldene-nasen-waffenhaendler\/#article","isPartOf":{"@id":"https:\/\/www.actvism.org\/opinions\/antisiko-goldene-nasen-waffenhaendler\/"},"author":{"name":"atv_admin","@id":"https:\/\/www.actvism.org\/#\/schema\/person\/bc2c8684912eb2289fe0009f5ca451d6"},"headline":"OP-ED: 7 Golden Noses of German Arms Exporters | From AntiSiko","datePublished":"2018-02-05T09:36:17+00:00","dateModified":"2020-11-06T16:48:51+00:00","mainEntityOfPage":{"@id":"https:\/\/www.actvism.org\/opinions\/antisiko-goldene-nasen-waffenhaendler\/"},"wordCount":966,"commentCount":1,"publisher":{"@id":"https:\/\/www.actvism.org\/#organization"},"articleSection":["LATEST","IMPORT"],"inLanguage":"en-US","potentialAction":[{"@type":"CommentAction","name":"Comment","target":["https:\/\/www.actvism.org\/opinions\/antisiko-goldene-nasen-waffenhaendler\/#respond"]}]},{"@type":"WebPage","@id":"https:\/\/www.actvism.org\/opinions\/antisiko-goldene-nasen-waffenhaendler\/","url":"https:\/\/www.actvism.org\/opinions\/antisiko-goldene-nasen-waffenhaendler\/","name":"Gastbeitrag: Aktion 7 Goldene Nasen deutscher Waffenh\u00e4ndler | Von AntiSiko","isPartOf":{"@id":"https:\/\/www.actvism.org\/#website"},"datePublished":"2018-02-05T09:36:17+00:00","dateModified":"2020-11-06T16:48:51+00:00","description":"AntiSiko: Am 2. Februar 2018 haben M\u00fcnchner Friedensorganisationen mit Skulpturen von sieben \u00fcberdimensionalen Nasen f\u00fchrende Manager und ...","inLanguage":"en-US","potentialAction":[{"@type":"ReadAction","target":["https:\/\/www.actvism.org\/opinions\/antisiko-goldene-nasen-waffenhaendler\/"]}]},{"@type":"WebSite","@id":"https:\/\/www.actvism.org\/#website","url":"https:\/\/www.actvism.org\/","name":"acTVism","description":"information that moves","publisher":{"@id":"https:\/\/www.actvism.org\/#organization"},"potentialAction":[{"@type":"SearchAction","target":{"@type":"EntryPoint","urlTemplate":"https:\/\/www.actvism.org\/?s={search_term_string}"},"query-input":{"@type":"PropertyValueSpecification","valueRequired":true,"valueName":"search_term_string"}}],"inLanguage":"en-US"},{"@type":"Organization","@id":"https:\/\/www.actvism.org\/#organization","name":"acTVism Munich e.V.","url":"https:\/\/www.actvism.org\/","logo":{"@type":"ImageObject","inLanguage":"en-US","@id":"https:\/\/www.actvism.org\/#\/schema\/logo\/image\/","url":"https:\/\/www.actvism.org\/wp-content\/uploads\/2020\/11\/logo.svg","contentUrl":"https:\/\/www.actvism.org\/wp-content\/uploads\/2020\/11\/logo.svg","width":200,"height":57,"caption":"acTVism Munich e.V."},"image":{"@id":"https:\/\/www.actvism.org\/#\/schema\/logo\/image\/"},"sameAs":["https:\/\/facebook.com\/acTVism","https:\/\/x.com\/acTVismMunich"]},{"@type":"Person","@id":"https:\/\/www.actvism.org\/#\/schema\/person\/bc2c8684912eb2289fe0009f5ca451d6","name":"atv_admin","image":{"@type":"ImageObject","inLanguage":"en-US","@id":"https:\/\/secure.gravatar.com\/avatar\/53465926e4246ee1b807a849c23197531fd45c1bcd02682ada54ddb12eaa7a6d?s=96&d=mm&r=g","url":"https:\/\/secure.gravatar.com\/avatar\/53465926e4246ee1b807a849c23197531fd45c1bcd02682ada54ddb12eaa7a6d?s=96&d=mm&r=g","contentUrl":"https:\/\/secure.gravatar.com\/avatar\/53465926e4246ee1b807a849c23197531fd45c1bcd02682ada54ddb12eaa7a6d?s=96&d=mm&r=g","caption":"atv_admin"},"url":"https:\/\/www.actvism.org\/en\/author\/atv_admin\/"}]}},"_links":{"self":[{"href":"https:\/\/www.actvism.org\/en\/wp-json\/wp\/v2\/posts\/4156","targetHints":{"allow":["GET"]}}],"collection":[{"href":"https:\/\/www.actvism.org\/en\/wp-json\/wp\/v2\/posts"}],"about":[{"href":"https:\/\/www.actvism.org\/en\/wp-json\/wp\/v2\/types\/post"}],"author":[{"embeddable":true,"href":"https:\/\/www.actvism.org\/en\/wp-json\/wp\/v2\/users\/1"}],"replies":[{"embeddable":true,"href":"https:\/\/www.actvism.org\/en\/wp-json\/wp\/v2\/comments?post=4156"}],"version-history":[{"count":0,"href":"https:\/\/www.actvism.org\/en\/wp-json\/wp\/v2\/posts\/4156\/revisions"}],"wp:attachment":[{"href":"https:\/\/www.actvism.org\/en\/wp-json\/wp\/v2\/media?parent=4156"}],"wp:term":[{"taxonomy":"category","embeddable":true,"href":"https:\/\/www.actvism.org\/en\/wp-json\/wp\/v2\/categories?post=4156"},{"taxonomy":"post_tag","embeddable":true,"href":"https:\/\/www.actvism.org\/en\/wp-json\/wp\/v2\/tags?post=4156"},{"taxonomy":"channel","embeddable":true,"href":"https:\/\/www.actvism.org\/en\/wp-json\/wp\/v2\/channel?post=4156"}],"curies":[{"name":"wp","href":"https:\/\/api.w.org\/{rel}","templated":true}]}}