{"id":4186,"date":"2018-02-17T22:35:03","date_gmt":"2018-02-17T21:35:03","guid":{"rendered":"http:\/\/www.actvism.org\/?p=4186"},"modified":"2020-11-06T17:48:51","modified_gmt":"2020-11-06T16:48:51","slug":"muenchner-sicherheitskonferenz-actvism","status":"publish","type":"post","link":"https:\/\/www.actvism.org\/en\/politics\/muenchner-sicherheitskonferenz-actvism\/","title":{"rendered":"Report: Demonstration against the Munich Security Conference | acTVism Munich"},"content":{"rendered":"<div class=\"container\">\n<div class=\"row justify-content-md-center\">\n<div class=\"col-md-8 pb-3\">\n<p><em>Due to limited financial &amp; technical resources as a non-profit and volunteer-based organization, we were unable to translate this article into English. Please donate today so we can translate all of our work into the English language by\u00a0<a href=\"https:\/\/www.betterplace.org\/en\/projects\/51400-actvism-munich-crowdfunding\">clicking here.<\/a><\/em><\/p>\n<hr \/>\n<p><strong>HotSpot Reportage: Demonstration gegen die M\u00fcnchner Sicherheitskonferenz | acTVism Munich<\/strong><\/p>\n<hr \/>\n<p>Am 17. Februar fanden in M\u00fcnchen die Proteste gegen die 54. M\u00fcnchner Sicherheitskonferenz (AntiSIKO) unter dem Motto\u00a0 \u201cFrieden statt Aufr\u00fcstung! Nein zum Krieg!\u201d statt. Laut Organisator_innen steht diese Konferenz nicht f\u00fcr Sicherheit, sondern f\u00fcr eine Aufr\u00fcstungs- und Kriegspolitik der NATO-Staaten. <a href=\"https:\/\/www.antisiko.de\/unterstuetzt-uns\/\" target=\"_blank\" rel=\"noopener noreferrer\">Mehr als 100 bundesweite &amp; internationale Organisationen<\/a> wie attac, BLOCKUPY, DiEM25, SOCOSAL und ver.di nahmen teil.\u00a0Die Teilnehmerzahl betrug laut Organisator_innen ca. 4000, <a href=\"https:\/\/www.polizei.bayern.de\/muenchen\/news\/presse\/aktuell\/index.html\/275169\" target=\"_blank\" rel=\"noopener noreferrer\">laut Polizeiangaben ca. 2200 Personen.<\/a><\/p>\n<p>Unten finden Sie eine Video-Reportage \u00fcber die Demonstration:<\/p>\n<hr \/>\n<h2>REPORTAGE: Demonstration gegen die M\u00fcnchner Sicherheitskonferenz<\/h2>\n<p><iframe loading=\"lazy\" title=\"HotSpot Reportage: Demonstration gegen die M\u00fcnchner Sicherheitskonferenz\" width=\"500\" height=\"281\" src=\"https:\/\/www.youtube.com\/embed\/ExZoOZju6Nk?feature=oembed\" frameborder=\"0\" allow=\"accelerometer; autoplay; clipboard-write; encrypted-media; gyroscope; picture-in-picture; web-share\" referrerpolicy=\"strict-origin-when-cross-origin\" allowfullscreen><\/iframe><\/p>\n<hr \/>\n<p>Um Interview-Videos mit den Organisatoren der Demonstration gegen die M\u00fcnchener Sicherheitskonferenz zu sehen, <a href=\"https:\/\/www.actvism.org\/?s=sicherheitskonferenz&amp;x=0&amp;y=0\" target=\"_blank\" rel=\"noopener noreferrer\">klicken Sie hier. <\/a><\/p>\n<hr \/>\n<h2>Spenden Sie, um unabh\u00e4ngige Medien zu unterst\u00fctzen!<\/h2>\n<p lang=\"de-DE\"><a href=\"https:\/\/www.actvism.org\/donate\/\" target=\"_blank\" rel=\"noopener noreferrer\">Klicken Sie hier oder auf das Bild.<\/a><\/p>\n<hr \/>\n<h2><a href=\"https:\/\/www.actvism.org\/donate\/\" target=\"_blank\" rel=\"noopener noreferrer\"><img loading=\"lazy\" decoding=\"async\" class=\" wp-image-1269 size-large alignnone\" src=\"https:\/\/www.actvism.org\/wp-content\/uploads\/2015\/10\/Banner-Spende-Webseite_D-1024x342.jpg\" sizes=\"auto, (max-width: 640px) 100vw, 640px\" srcset=\"https:\/\/www.actvism.org\/wp-content\/uploads\/2015\/10\/Banner-Spende-Webseite_D-1024x342.jpg 1024w, https:\/\/www.actvism.org\/wp-content\/uploads\/2015\/10\/Banner-Spende-Webseite_D-300x100.jpg 300w, https:\/\/www.actvism.org\/wp-content\/uploads\/2015\/10\/Banner-Spende-Webseite_D-700x233.jpg 700w, https:\/\/www.actvism.org\/wp-content\/uploads\/2015\/10\/Banner-Spende-Webseite_D.jpg 1418w\" alt=\"Banner Spende Webseite_D\" width=\"640\" height=\"214\" \/><\/a><\/h2>\n<hr \/>\n<p><b>Hintergrund der M\u00fcnchner Sicherheitskonferenz <\/b><\/p>\n<p>Die M\u00fcnchner Sicherheitskonferenz (#MSC),<a href=\"https:\/\/www.historisches-lexikon-bayerns.de\/Lexikon\/M%C3%BCnchner_Sicherheitskonferenz\"> die 1962 von Ewald-Heinrich von Kleist-Schmenzin ins Leben gerufen wurde und urspr\u00fcnglich \u201eWehrkundetagung\u201c hie\u00df<\/a>, entwickelte sich zu einer gro\u00dfen, globalen Werbe- und Marketing-Veranstaltung f\u00fcr den<a href=\"https:\/\/www.youtube.com\/watch?v=CwSk5Jqoadk\"> Milit\u00e4risch-Industriellen Komplex<\/a>. Nicht umsonst befindet sich die<a href=\"https:\/\/www.sipri.org\/yearbook\/2015\/downloadable-files\/sipri-yearbook-2015-summary-in-german\"> Bundesrepublik Deutschland unter den global f\u00fchrenden R\u00fcstungsexporteuren<\/a>.<a href=\"https:\/\/www.securityconference.de\/fileadmin\/MSC2016_PreliminaryListParticipants_2016-02-12.pdf\"> Seit die Organisatoren ihre Einladungen auf NGOs ausgeweitet haben<\/a>, sehen sie sich seitens der #AntiSIKO-Aktivisten des \u201eWhitewashing\u201c-Vorwurfs ausgesetzt. Trotz dieser Erweiterung blieb ihr Charakter unver\u00e4ndert: Die #MSC ist ein Strategiemeeting mit dem Anspruch eines Fokus auf \u201eGlobaler Sicherheit\u201c, welche Aktivisten als \u201e<a href=\"https:\/\/www.sochorek.cz\/de\/pr\/blog\/1269042112-newspeak-utopische-sprache-aus-orwells-roman-1984.htm\">Newspeak<\/a>\u201d-Verschleierung f\u00fcr verantwortungslose Staatsmorde und Staatsterror betrachten. Entsprechend ausgerichtet sind seit vielen Jahren die Proteste dagegen.<b><br \/>\n<\/b><\/p>\n<hr \/>\n<h2>\u00dcBER DAS M\u00dcNCHNER FRIEDENSB\u00dcNDNIS<\/h2>\n<p><a href=\"https:\/\/www.actvism.org\/wp-content\/uploads\/2017\/07\/PICTAUBEM.gif\"><img loading=\"lazy\" decoding=\"async\" class=\"alignleft wp-image-3555\" src=\"https:\/\/www.actvism.org\/wp-content\/uploads\/2017\/07\/PICTAUBEM-150x150.gif\" alt=\"M\u00fcnchner Friedensb\u00fcndnis\" width=\"99\" height=\"99\" \/><\/a>Im <strong>M\u00fcnchner Friedensb\u00fcndnis<\/strong> haben sich Gruppen undInitiativen zusammengefunden, die sich f\u00fcr die Ziele Frieden und Gerechtigkeit in der Welt einsetzen. Uns verbindet die \u00dcberzeugung, dass soziale Ungeechtigkeit, Gewalt und Krieg die Hauptursachen f\u00fcr menschliches Leid sowie eine Gefahr f\u00fcr den Fortbestand von Mensch und Umwelt darsellen. Wir kommen aus Gruppen unterschiedlicher gesellschaftlicher und weltanschaulicher Herkunft und wollen im offenen Umgang miteinanderdiese Wurzeln auch gegenseitig anerkennen.<\/p>\n<hr \/>\n<\/div><\/div>\n<\/div>\n","protected":false},"excerpt":{"rendered":"<p>Due to limited financial &#038; technical resources as a non-profit and volunteer-based organization, we were unable to translate this article into English. <\/p>\n","protected":false},"author":1,"featured_media":0,"comment_status":"open","ping_status":"open","sticky":false,"template":"","format":"standard","meta":{"_acf_changed":false,"inline_featured_image":false,"footnotes":""},"categories":[1,14],"tags":[],"channel":[],"class_list":["post-4186","post","type-post","status-publish","format-standard","hentry","category-latest","category-politics"],"translation":{"provider":"WPGlobus","version":"3.0.0","language":"en","enabled_languages":["de","en"],"languages":{"de":{"title":true,"content":true,"excerpt":true},"en":{"title":true,"content":true,"excerpt":true}}},"acf":[],"yoast_head":"<!-- This site is optimized with the Yoast SEO plugin v27.5 - https:\/\/yoast.com\/product\/yoast-seo-wordpress\/ -->\n<title>Reportage: Demonstration gegen die M\u00fcnchner Sicherheitskonferenz<\/title>\n<meta name=\"robots\" content=\"index, follow, max-snippet:-1, max-image-preview:large, max-video-preview:-1\" \/>\n<link rel=\"canonical\" href=\"https:\/\/www.actvism.org\/politics\/muenchner-sicherheitskonferenz-actvism\/\" \/>\n<meta property=\"og:locale\" content=\"en_US\" \/>\n<meta property=\"og:type\" content=\"article\" \/>\n<meta property=\"og:title\" content=\"Report: Demonstration against the Munich Security Conference | acTVism Munich - acTVism\" \/>\n<meta property=\"og:url\" content=\"https:\/\/www.actvism.org\/politics\/muenchner-sicherheitskonferenz-actvism\/\" \/>\n<meta property=\"og:site_name\" content=\"acTVism\" \/>\n<meta property=\"article:publisher\" content=\"https:\/\/facebook.com\/acTVism\" \/>\n<meta property=\"article:published_time\" content=\"2018-02-17T21:35:03+00:00\" \/>\n<meta property=\"article:modified_time\" content=\"2020-11-06T16:48:51+00:00\" \/>\n<meta property=\"og:image\" content=\"https:\/\/www.actvism.org\/wp-content\/uploads\/2018\/02\/Viewe-Demo-Stage-e1518902645356.jpg\" \/>\n\t<meta property=\"og:image:width\" content=\"1920\" \/>\n\t<meta property=\"og:image:height\" content=\"859\" \/>\n\t<meta property=\"og:image:type\" content=\"image\/jpeg\" \/>\n<meta name=\"author\" content=\"atv_admin\" \/>\n<meta name=\"twitter:card\" content=\"summary_large_image\" \/>\n<meta name=\"twitter:creator\" content=\"@acTVismMunich\" \/>\n<meta name=\"twitter:site\" content=\"@acTVismMunich\" \/>\n<meta name=\"twitter:label1\" content=\"Written by\" \/>\n\t<meta name=\"twitter:data1\" content=\"atv_admin\" \/>\n\t<meta name=\"twitter:label2\" content=\"Est. reading time\" \/>\n\t<meta name=\"twitter:data2\" content=\"4 minutes\" \/>\n<script type=\"application\/ld+json\" class=\"yoast-schema-graph\">{\"@context\":\"https:\\\/\\\/schema.org\",\"@graph\":[{\"@type\":\"Article\",\"@id\":\"https:\\\/\\\/www.actvism.org\\\/politics\\\/muenchner-sicherheitskonferenz-actvism\\\/#article\",\"isPartOf\":{\"@id\":\"https:\\\/\\\/www.actvism.org\\\/politics\\\/muenchner-sicherheitskonferenz-actvism\\\/\"},\"author\":{\"name\":\"atv_admin\",\"@id\":\"https:\\\/\\\/www.actvism.org\\\/#\\\/schema\\\/person\\\/bc2c8684912eb2289fe0009f5ca451d6\"},\"headline\":\"Report: Demonstration against the Munich Security Conference | acTVism Munich\",\"datePublished\":\"2018-02-17T21:35:03+00:00\",\"dateModified\":\"2020-11-06T16:48:51+00:00\",\"mainEntityOfPage\":{\"@id\":\"https:\\\/\\\/www.actvism.org\\\/politics\\\/muenchner-sicherheitskonferenz-actvism\\\/\"},\"wordCount\":731,\"commentCount\":4,\"publisher\":{\"@id\":\"https:\\\/\\\/www.actvism.org\\\/#organization\"},\"image\":{\"@id\":\"https:\\\/\\\/www.actvism.org\\\/politics\\\/muenchner-sicherheitskonferenz-actvism\\\/#primaryimage\"},\"thumbnailUrl\":\"https:\\\/\\\/www.actvism.org\\\/wp-content\\\/uploads\\\/2015\\\/10\\\/Banner-Spende-Webseite_D-1024x342.jpg\",\"articleSection\":[\"LATEST\",\"OUR CONTENT\"],\"inLanguage\":\"en-US\",\"potentialAction\":[{\"@type\":\"CommentAction\",\"name\":\"Comment\",\"target\":[\"https:\\\/\\\/www.actvism.org\\\/politics\\\/muenchner-sicherheitskonferenz-actvism\\\/#respond\"]}]},{\"@type\":\"WebPage\",\"@id\":\"https:\\\/\\\/www.actvism.org\\\/politics\\\/muenchner-sicherheitskonferenz-actvism\\\/\",\"url\":\"https:\\\/\\\/www.actvism.org\\\/politics\\\/muenchner-sicherheitskonferenz-actvism\\\/\",\"name\":\"Reportage: Demonstration gegen die M\u00fcnchner Sicherheitskonferenz\",\"isPartOf\":{\"@id\":\"https:\\\/\\\/www.actvism.org\\\/#website\"},\"primaryImageOfPage\":{\"@id\":\"https:\\\/\\\/www.actvism.org\\\/politics\\\/muenchner-sicherheitskonferenz-actvism\\\/#primaryimage\"},\"image\":{\"@id\":\"https:\\\/\\\/www.actvism.org\\\/politics\\\/muenchner-sicherheitskonferenz-actvism\\\/#primaryimage\"},\"thumbnailUrl\":\"https:\\\/\\\/www.actvism.org\\\/wp-content\\\/uploads\\\/2015\\\/10\\\/Banner-Spende-Webseite_D-1024x342.jpg\",\"datePublished\":\"2018-02-17T21:35:03+00:00\",\"dateModified\":\"2020-11-06T16:48:51+00:00\",\"description\":\"54. M\u00fcnchner Sicherheitskonferenz: Hier finden Sie eine Video-Reportage \u00fcber die Demonstration | acTVism Munich\",\"inLanguage\":\"en-US\",\"potentialAction\":[{\"@type\":\"ReadAction\",\"target\":[\"https:\\\/\\\/www.actvism.org\\\/politics\\\/muenchner-sicherheitskonferenz-actvism\\\/\"]}]},{\"@type\":\"ImageObject\",\"inLanguage\":\"en-US\",\"@id\":\"https:\\\/\\\/www.actvism.org\\\/politics\\\/muenchner-sicherheitskonferenz-actvism\\\/#primaryimage\",\"url\":\"https:\\\/\\\/www.actvism.org\\\/wp-content\\\/uploads\\\/2015\\\/10\\\/Banner-Spende-Webseite_D-1024x342.jpg\",\"contentUrl\":\"https:\\\/\\\/www.actvism.org\\\/wp-content\\\/uploads\\\/2015\\\/10\\\/Banner-Spende-Webseite_D-1024x342.jpg\"},{\"@type\":\"WebSite\",\"@id\":\"https:\\\/\\\/www.actvism.org\\\/#website\",\"url\":\"https:\\\/\\\/www.actvism.org\\\/\",\"name\":\"acTVism\",\"description\":\"information that moves\",\"publisher\":{\"@id\":\"https:\\\/\\\/www.actvism.org\\\/#organization\"},\"potentialAction\":[{\"@type\":\"SearchAction\",\"target\":{\"@type\":\"EntryPoint\",\"urlTemplate\":\"https:\\\/\\\/www.actvism.org\\\/?s={search_term_string}\"},\"query-input\":{\"@type\":\"PropertyValueSpecification\",\"valueRequired\":true,\"valueName\":\"search_term_string\"}}],\"inLanguage\":\"en-US\"},{\"@type\":\"Organization\",\"@id\":\"https:\\\/\\\/www.actvism.org\\\/#organization\",\"name\":\"acTVism Munich e.V.\",\"url\":\"https:\\\/\\\/www.actvism.org\\\/\",\"logo\":{\"@type\":\"ImageObject\",\"inLanguage\":\"en-US\",\"@id\":\"https:\\\/\\\/www.actvism.org\\\/#\\\/schema\\\/logo\\\/image\\\/\",\"url\":\"https:\\\/\\\/www.actvism.org\\\/wp-content\\\/uploads\\\/2020\\\/11\\\/logo.svg\",\"contentUrl\":\"https:\\\/\\\/www.actvism.org\\\/wp-content\\\/uploads\\\/2020\\\/11\\\/logo.svg\",\"width\":200,\"height\":57,\"caption\":\"acTVism Munich e.V.\"},\"image\":{\"@id\":\"https:\\\/\\\/www.actvism.org\\\/#\\\/schema\\\/logo\\\/image\\\/\"},\"sameAs\":[\"https:\\\/\\\/facebook.com\\\/acTVism\",\"https:\\\/\\\/x.com\\\/acTVismMunich\"]},{\"@type\":\"Person\",\"@id\":\"https:\\\/\\\/www.actvism.org\\\/#\\\/schema\\\/person\\\/bc2c8684912eb2289fe0009f5ca451d6\",\"name\":\"atv_admin\",\"image\":{\"@type\":\"ImageObject\",\"inLanguage\":\"en-US\",\"@id\":\"https:\\\/\\\/secure.gravatar.com\\\/avatar\\\/53465926e4246ee1b807a849c23197531fd45c1bcd02682ada54ddb12eaa7a6d?s=96&d=mm&r=g\",\"url\":\"https:\\\/\\\/secure.gravatar.com\\\/avatar\\\/53465926e4246ee1b807a849c23197531fd45c1bcd02682ada54ddb12eaa7a6d?s=96&d=mm&r=g\",\"contentUrl\":\"https:\\\/\\\/secure.gravatar.com\\\/avatar\\\/53465926e4246ee1b807a849c23197531fd45c1bcd02682ada54ddb12eaa7a6d?s=96&d=mm&r=g\",\"caption\":\"atv_admin\"},\"url\":\"https:\\\/\\\/www.actvism.org\\\/en\\\/author\\\/atv_admin\\\/\"}]}<\/script>\n<!-- \/ Yoast SEO plugin. -->","yoast_head_json":{"title":"Reportage: Demonstration gegen die M\u00fcnchner Sicherheitskonferenz","robots":{"index":"index","follow":"follow","max-snippet":"max-snippet:-1","max-image-preview":"max-image-preview:large","max-video-preview":"max-video-preview:-1"},"canonical":"https:\/\/www.actvism.org\/politics\/muenchner-sicherheitskonferenz-actvism\/","og_locale":"en_US","og_type":"article","og_title":"Report: Demonstration against the Munich Security Conference | acTVism Munich - acTVism","og_url":"https:\/\/www.actvism.org\/politics\/muenchner-sicherheitskonferenz-actvism\/","og_site_name":"acTVism","article_publisher":"https:\/\/facebook.com\/acTVism","article_published_time":"2018-02-17T21:35:03+00:00","article_modified_time":"2020-11-06T16:48:51+00:00","og_image":[{"width":1920,"height":859,"url":"https:\/\/www.actvism.org\/wp-content\/uploads\/2018\/02\/Viewe-Demo-Stage-e1518902645356.jpg","type":"image\/jpeg"}],"author":"atv_admin","twitter_card":"summary_large_image","twitter_creator":"@acTVismMunich","twitter_site":"@acTVismMunich","twitter_misc":{"Written by":"atv_admin","Est. reading time":"4 minutes"},"schema":{"@context":"https:\/\/schema.org","@graph":[{"@type":"Article","@id":"https:\/\/www.actvism.org\/politics\/muenchner-sicherheitskonferenz-actvism\/#article","isPartOf":{"@id":"https:\/\/www.actvism.org\/politics\/muenchner-sicherheitskonferenz-actvism\/"},"author":{"name":"atv_admin","@id":"https:\/\/www.actvism.org\/#\/schema\/person\/bc2c8684912eb2289fe0009f5ca451d6"},"headline":"Report: Demonstration against the Munich Security Conference | acTVism Munich","datePublished":"2018-02-17T21:35:03+00:00","dateModified":"2020-11-06T16:48:51+00:00","mainEntityOfPage":{"@id":"https:\/\/www.actvism.org\/politics\/muenchner-sicherheitskonferenz-actvism\/"},"wordCount":731,"commentCount":4,"publisher":{"@id":"https:\/\/www.actvism.org\/#organization"},"image":{"@id":"https:\/\/www.actvism.org\/politics\/muenchner-sicherheitskonferenz-actvism\/#primaryimage"},"thumbnailUrl":"https:\/\/www.actvism.org\/wp-content\/uploads\/2015\/10\/Banner-Spende-Webseite_D-1024x342.jpg","articleSection":["LATEST","OUR CONTENT"],"inLanguage":"en-US","potentialAction":[{"@type":"CommentAction","name":"Comment","target":["https:\/\/www.actvism.org\/politics\/muenchner-sicherheitskonferenz-actvism\/#respond"]}]},{"@type":"WebPage","@id":"https:\/\/www.actvism.org\/politics\/muenchner-sicherheitskonferenz-actvism\/","url":"https:\/\/www.actvism.org\/politics\/muenchner-sicherheitskonferenz-actvism\/","name":"Reportage: Demonstration gegen die M\u00fcnchner Sicherheitskonferenz","isPartOf":{"@id":"https:\/\/www.actvism.org\/#website"},"primaryImageOfPage":{"@id":"https:\/\/www.actvism.org\/politics\/muenchner-sicherheitskonferenz-actvism\/#primaryimage"},"image":{"@id":"https:\/\/www.actvism.org\/politics\/muenchner-sicherheitskonferenz-actvism\/#primaryimage"},"thumbnailUrl":"https:\/\/www.actvism.org\/wp-content\/uploads\/2015\/10\/Banner-Spende-Webseite_D-1024x342.jpg","datePublished":"2018-02-17T21:35:03+00:00","dateModified":"2020-11-06T16:48:51+00:00","description":"54. M\u00fcnchner Sicherheitskonferenz: Hier finden Sie eine Video-Reportage \u00fcber die Demonstration | acTVism Munich","inLanguage":"en-US","potentialAction":[{"@type":"ReadAction","target":["https:\/\/www.actvism.org\/politics\/muenchner-sicherheitskonferenz-actvism\/"]}]},{"@type":"ImageObject","inLanguage":"en-US","@id":"https:\/\/www.actvism.org\/politics\/muenchner-sicherheitskonferenz-actvism\/#primaryimage","url":"https:\/\/www.actvism.org\/wp-content\/uploads\/2015\/10\/Banner-Spende-Webseite_D-1024x342.jpg","contentUrl":"https:\/\/www.actvism.org\/wp-content\/uploads\/2015\/10\/Banner-Spende-Webseite_D-1024x342.jpg"},{"@type":"WebSite","@id":"https:\/\/www.actvism.org\/#website","url":"https:\/\/www.actvism.org\/","name":"acTVism","description":"information that moves","publisher":{"@id":"https:\/\/www.actvism.org\/#organization"},"potentialAction":[{"@type":"SearchAction","target":{"@type":"EntryPoint","urlTemplate":"https:\/\/www.actvism.org\/?s={search_term_string}"},"query-input":{"@type":"PropertyValueSpecification","valueRequired":true,"valueName":"search_term_string"}}],"inLanguage":"en-US"},{"@type":"Organization","@id":"https:\/\/www.actvism.org\/#organization","name":"acTVism Munich e.V.","url":"https:\/\/www.actvism.org\/","logo":{"@type":"ImageObject","inLanguage":"en-US","@id":"https:\/\/www.actvism.org\/#\/schema\/logo\/image\/","url":"https:\/\/www.actvism.org\/wp-content\/uploads\/2020\/11\/logo.svg","contentUrl":"https:\/\/www.actvism.org\/wp-content\/uploads\/2020\/11\/logo.svg","width":200,"height":57,"caption":"acTVism Munich e.V."},"image":{"@id":"https:\/\/www.actvism.org\/#\/schema\/logo\/image\/"},"sameAs":["https:\/\/facebook.com\/acTVism","https:\/\/x.com\/acTVismMunich"]},{"@type":"Person","@id":"https:\/\/www.actvism.org\/#\/schema\/person\/bc2c8684912eb2289fe0009f5ca451d6","name":"atv_admin","image":{"@type":"ImageObject","inLanguage":"en-US","@id":"https:\/\/secure.gravatar.com\/avatar\/53465926e4246ee1b807a849c23197531fd45c1bcd02682ada54ddb12eaa7a6d?s=96&d=mm&r=g","url":"https:\/\/secure.gravatar.com\/avatar\/53465926e4246ee1b807a849c23197531fd45c1bcd02682ada54ddb12eaa7a6d?s=96&d=mm&r=g","contentUrl":"https:\/\/secure.gravatar.com\/avatar\/53465926e4246ee1b807a849c23197531fd45c1bcd02682ada54ddb12eaa7a6d?s=96&d=mm&r=g","caption":"atv_admin"},"url":"https:\/\/www.actvism.org\/en\/author\/atv_admin\/"}]}},"_links":{"self":[{"href":"https:\/\/www.actvism.org\/en\/wp-json\/wp\/v2\/posts\/4186","targetHints":{"allow":["GET"]}}],"collection":[{"href":"https:\/\/www.actvism.org\/en\/wp-json\/wp\/v2\/posts"}],"about":[{"href":"https:\/\/www.actvism.org\/en\/wp-json\/wp\/v2\/types\/post"}],"author":[{"embeddable":true,"href":"https:\/\/www.actvism.org\/en\/wp-json\/wp\/v2\/users\/1"}],"replies":[{"embeddable":true,"href":"https:\/\/www.actvism.org\/en\/wp-json\/wp\/v2\/comments?post=4186"}],"version-history":[{"count":0,"href":"https:\/\/www.actvism.org\/en\/wp-json\/wp\/v2\/posts\/4186\/revisions"}],"wp:attachment":[{"href":"https:\/\/www.actvism.org\/en\/wp-json\/wp\/v2\/media?parent=4186"}],"wp:term":[{"taxonomy":"category","embeddable":true,"href":"https:\/\/www.actvism.org\/en\/wp-json\/wp\/v2\/categories?post=4186"},{"taxonomy":"post_tag","embeddable":true,"href":"https:\/\/www.actvism.org\/en\/wp-json\/wp\/v2\/tags?post=4186"},{"taxonomy":"channel","embeddable":true,"href":"https:\/\/www.actvism.org\/en\/wp-json\/wp\/v2\/channel?post=4186"}],"curies":[{"name":"wp","href":"https:\/\/api.w.org\/{rel}","templated":true}]}}