{"id":5005,"date":"2018-12-26T11:58:06","date_gmt":"2018-12-26T10:58:06","guid":{"rendered":"https:\/\/www.actvism.org\/?p=5005"},"modified":"2020-11-06T17:48:48","modified_gmt":"2020-11-06T16:48:48","slug":"rueckblick-juergen-todenhoefer","status":"publish","type":"post","link":"https:\/\/www.actvism.org\/en\/politics\/rueckblick-juergen-todenhoefer\/","title":{"rendered":"REWIND with J\u00fcrgen Todenh\u00f6fer &#8211; The first Western journalist to visit ISIS"},"content":{"rendered":"<div class=\"container\">\n<div class=\"row justify-content-md-center\">\n<div class=\"col-md-8 pb-3\">\n<p><strong>REWIND with J\u00fcrgen Todenh\u00f6fer &#8211; The first Western journalist to visit ISIS<\/strong><\/p>\n<hr \/>\n<p>Thank you for visiting our exclusive <i>Rewind <\/i>video compilation with J\u00fcrgen Todenh\u00f6fer. In the coming days we will be compiling our most interesting and exciting content from 2014 to 2018 with leading experts from around the globe.<\/p>\n<p>Please make sure to donate to our <a href=\"https:\/\/www.actvism.org\/en\/politics\/actvism-munich-crowdfunding-2\/\" target=\"_blank\" rel=\"noopener noreferrer\">Crowdfunding campaign<\/a>, which aims to reach 10.000 Dollars, so that we can continue to provide interesting new, original content to all our viewers and readers across the globe. All of the content that you see below was produced on an independent and non-profit basis and took many hours of work largely by volunteers. <a href=\"https:\/\/www.actvism.org\/en\/politics\/actvism-munich-crowdfunding-2\/\" target=\"_blank\" rel=\"noopener noreferrer\">Click here to access our donation page which provides an overview on how you can donate. <\/a>Thank you for your generosity!<\/p>\n<hr \/>\n<h2>VIDEO: The first Western journalist to visit ISIS<\/h2>\n<p><iframe loading=\"lazy\" title=\"Interview with J\u00fcrgen Todenh\u00f6fer - The first Western journalist to visit ISIS\" width=\"500\" height=\"281\" src=\"https:\/\/www.youtube.com\/embed\/VrSFEneMkJE?feature=oembed\" frameborder=\"0\" allow=\"accelerometer; autoplay; clipboard-write; encrypted-media; gyroscope; picture-in-picture; web-share\" referrerpolicy=\"strict-origin-when-cross-origin\" allowfullscreen><\/iframe><\/p>\n<hr \/>\n<p>To read the transcript of this interview, <a href=\"https:\/\/www.actvism.org\/wp-content\/uploads\/2017\/02\/170206_TRC_EN_J\u00fcrgen-Todenh\u00f6ffer_Leonardo-Torres_Korrektur_MG.pdf\" target=\"_blank\" rel=\"noopener noreferrer\">Transcript Todenh\u00f6fer Interview.<\/a><\/p>\n<hr \/>\n<h2>Donate today to support independent &amp; non-profit media!<\/h2>\n<p><a href=\"https:\/\/www.actvism.org\/en\/donate\/\" target=\"_blank\" rel=\"noopener noreferrer\">Click here<\/a>\u00a0or on the picture below:<\/p>\n<hr \/>\n<p><a href=\"https:\/\/www.actvism.org\/en\/donate\/\" target=\"_blank\" rel=\"noopener noreferrer\"><img loading=\"lazy\" decoding=\"async\" class=\"alignleft wp-image-4434 size-full\" src=\"https:\/\/www.actvism.org\/wp-content\/uploads\/2018\/06\/28_acTVism_Webseite_Donation-Image_EN_700x233px_Future.jpg\" sizes=\"auto, (max-width: 700px) 100vw, 700px\" srcset=\"https:\/\/www.actvism.org\/wp-content\/uploads\/2018\/06\/28_acTVism_Webseite_Donation-Image_EN_700x233px_Future.jpg 700w, https:\/\/www.actvism.org\/wp-content\/uploads\/2018\/06\/28_acTVism_Webseite_Donation-Image_EN_700x233px_Future-300x100.jpg 300w\" width=\"700\" height=\"233\" \/><\/a><\/p>\n<\/p>\n<\/p>\n<\/p>\n<hr \/>\n<h2>ABOUT J\u00dcRGEN TODENH\u00d6FER<\/h2>\n<figure id=\"attachment_2390\" class=\"wp-caption alignleft\"><a href=\"https:\/\/www.actvism.org\/wp-content\/uploads\/2016\/10\/J%C3%BCrgen-Todez1.jpg\"><img loading=\"lazy\" decoding=\"async\" class=\"wp-image-2390 size-thumbnail\" src=\"https:\/\/www.actvism.org\/wp-content\/uploads\/2016\/10\/J%C3%BCrgen-Todez1-150x150.jpg\" alt=\"J\u00fcrgen Todenh\u00f6fer\" width=\"150\" height=\"150\" \/><\/a><\/figure>\n<p><strong>J\u00fcrgen Todenh\u00f6fer<\/strong> is a German publicist, doctor of law, former media manager and politician. He first entered German parliament for the CDU (Christian Social Democrats) in 1972, visited dictator Augusto Pinochet in Chile in order to secure the release of political prisoners there, pushed for a reduction in US and Russian ICBM\u2019s (intercontinental ballistic missiles) and supported the politics of German reunification. Todenh\u00f6fer was the first CDU politician to make public his entire income and was working as the head of Hubert Burda Media. In 1990 he retired from politics and public life and only resurfaced after the terror attacks of 9\/11. Since then he has openly criticized the American interventions in Afghanistan and Iraq in many books. He has traveled to war zones, the countries of the \u201cArab Spring\u201d and the so-called \u201cIslamic State\u201d, has interviewed Baschar al-Assad and the Ayatollahs of Iran, and was present in Gaza during the Israeli assault known as \u201cOperation Protective Edge\u201d.<\/p>\n<p>Todenh\u00f6fer published numerous best-selling books. His books center around his conviction that peace should be achieved through negotiations only. In 2003 he wrote \u201cWho cries for Abdul and Tanaya?\u201d, decribing the war-stricken lives of a young Afghan boy and a young Iraqi girl. He wrote \u201cAndy and Marwa\u201d in 2005 wherein he describes the fate of the American Andy and the Iraqi girl Marwa during the Iraq war. It was followed in 2008 by the bestseller \u201cWhy do you kill, Zaid ?\u201d which was followed most recently in 2013 by his last book \u201cThou shalt not kill\u201d.<\/p>\n<hr \/>\n<p>&nbsp;<\/p><\/div>\n<\/p><\/div>\n<\/div>\n","protected":false},"excerpt":{"rendered":"<p>Thank you for visiting our exclusive Rewind video compilation with J\u00fcrgen Todenh\u00f6fer. In the coming days we will be compiling our most interesting and exciting content from 2014 to 2018 with leading experts from around the globe.<\/p>\n","protected":false},"author":1,"featured_media":5006,"comment_status":"open","ping_status":"open","sticky":false,"template":"","format":"standard","meta":{"_acf_changed":false,"inline_featured_image":false,"footnotes":""},"categories":[1,14],"tags":[],"channel":[],"class_list":["post-5005","post","type-post","status-publish","format-standard","has-post-thumbnail","hentry","category-latest","category-politics"],"translation":{"provider":"WPGlobus","version":"3.0.0","language":"en","enabled_languages":["de","en"],"languages":{"de":{"title":true,"content":true,"excerpt":true},"en":{"title":true,"content":true,"excerpt":true}}},"acf":[],"yoast_head":"<!-- This site is optimized with the Yoast SEO plugin v27.4 - https:\/\/yoast.com\/product\/yoast-seo-wordpress\/ -->\n<title>R\u00dcCKBLICK: Die komplette Videoserie mit J\u00fcrgen Todenh\u00f6fer | acTVism Munich e.V.<\/title>\n<meta name=\"robots\" content=\"index, follow, max-snippet:-1, max-image-preview:large, max-video-preview:-1\" \/>\n<link rel=\"canonical\" href=\"https:\/\/www.actvism.org\/politics\/rueckblick-juergen-todenhoefer\/\" \/>\n<meta property=\"og:locale\" content=\"en_US\" \/>\n<meta property=\"og:type\" content=\"article\" \/>\n<meta property=\"og:title\" content=\"REWIND with J\u00fcrgen Todenh\u00f6fer - The first Western journalist to visit ISIS - acTVism\" \/>\n<meta property=\"og:url\" content=\"https:\/\/www.actvism.org\/politics\/rueckblick-juergen-todenhoefer\/\" \/>\n<meta property=\"og:site_name\" content=\"acTVism\" \/>\n<meta property=\"article:publisher\" content=\"https:\/\/facebook.com\/acTVism\" \/>\n<meta property=\"article:published_time\" content=\"2018-12-26T10:58:06+00:00\" \/>\n<meta property=\"article:modified_time\" content=\"2020-11-06T16:48:48+00:00\" \/>\n<meta property=\"og:image\" content=\"https:\/\/www.actvism.org\/wp-content\/uploads\/2018\/12\/297_actvism_Rewind-Beitrag_J.Todenhoefer_1200x628.png\" \/>\n\t<meta property=\"og:image:width\" content=\"1200\" \/>\n\t<meta property=\"og:image:height\" content=\"628\" \/>\n\t<meta property=\"og:image:type\" content=\"image\/png\" \/>\n<meta name=\"author\" content=\"atv_admin\" \/>\n<meta name=\"twitter:card\" content=\"summary_large_image\" \/>\n<meta name=\"twitter:creator\" content=\"@acTVismMunich\" \/>\n<meta name=\"twitter:site\" content=\"@acTVismMunich\" \/>\n<meta name=\"twitter:label1\" content=\"Written by\" \/>\n\t<meta name=\"twitter:data1\" content=\"atv_admin\" \/>\n\t<meta name=\"twitter:label2\" content=\"Est. reading time\" \/>\n\t<meta name=\"twitter:data2\" content=\"5 minutes\" \/>\n<script type=\"application\/ld+json\" class=\"yoast-schema-graph\">{\"@context\":\"https:\\\/\\\/schema.org\",\"@graph\":[{\"@type\":\"Article\",\"@id\":\"https:\\\/\\\/www.actvism.org\\\/politics\\\/rueckblick-juergen-todenhoefer\\\/#article\",\"isPartOf\":{\"@id\":\"https:\\\/\\\/www.actvism.org\\\/politics\\\/rueckblick-juergen-todenhoefer\\\/\"},\"author\":{\"name\":\"atv_admin\",\"@id\":\"https:\\\/\\\/www.actvism.org\\\/#\\\/schema\\\/person\\\/bc2c8684912eb2289fe0009f5ca451d6\"},\"headline\":\"REWIND with J\u00fcrgen Todenh\u00f6fer &#8211; The first Western journalist to visit ISIS\",\"datePublished\":\"2018-12-26T10:58:06+00:00\",\"dateModified\":\"2020-11-06T16:48:48+00:00\",\"mainEntityOfPage\":{\"@id\":\"https:\\\/\\\/www.actvism.org\\\/politics\\\/rueckblick-juergen-todenhoefer\\\/\"},\"wordCount\":986,\"commentCount\":8,\"publisher\":{\"@id\":\"https:\\\/\\\/www.actvism.org\\\/#organization\"},\"image\":{\"@id\":\"https:\\\/\\\/www.actvism.org\\\/politics\\\/rueckblick-juergen-todenhoefer\\\/#primaryimage\"},\"thumbnailUrl\":\"https:\\\/\\\/www.actvism.org\\\/wp-content\\\/uploads\\\/2018\\\/12\\\/297_actvism_Rewind-Beitrag_J.Todenhoefer_1200x628.png\",\"articleSection\":[\"LATEST\",\"OUR CONTENT\"],\"inLanguage\":\"en-US\",\"potentialAction\":[{\"@type\":\"CommentAction\",\"name\":\"Comment\",\"target\":[\"https:\\\/\\\/www.actvism.org\\\/politics\\\/rueckblick-juergen-todenhoefer\\\/#respond\"]}]},{\"@type\":\"WebPage\",\"@id\":\"https:\\\/\\\/www.actvism.org\\\/politics\\\/rueckblick-juergen-todenhoefer\\\/\",\"url\":\"https:\\\/\\\/www.actvism.org\\\/politics\\\/rueckblick-juergen-todenhoefer\\\/\",\"name\":\"R\u00dcCKBLICK: Die komplette Videoserie mit J\u00fcrgen Todenh\u00f6fer | acTVism Munich e.V.\",\"isPartOf\":{\"@id\":\"https:\\\/\\\/www.actvism.org\\\/#website\"},\"primaryImageOfPage\":{\"@id\":\"https:\\\/\\\/www.actvism.org\\\/politics\\\/rueckblick-juergen-todenhoefer\\\/#primaryimage\"},\"image\":{\"@id\":\"https:\\\/\\\/www.actvism.org\\\/politics\\\/rueckblick-juergen-todenhoefer\\\/#primaryimage\"},\"thumbnailUrl\":\"https:\\\/\\\/www.actvism.org\\\/wp-content\\\/uploads\\\/2018\\\/12\\\/297_actvism_Rewind-Beitrag_J.Todenhoefer_1200x628.png\",\"datePublished\":\"2018-12-26T10:58:06+00:00\",\"dateModified\":\"2020-11-06T16:48:48+00:00\",\"description\":\"Danke, dass Sie sich f\u00fcr unseren R\u00fcckblick (Rewind) mit J\u00fcrgen Todenh\u00f6fer interessieren. In den n\u00e4chsten Tagen werden wir ...\",\"inLanguage\":\"en-US\",\"potentialAction\":[{\"@type\":\"ReadAction\",\"target\":[\"https:\\\/\\\/www.actvism.org\\\/politics\\\/rueckblick-juergen-todenhoefer\\\/\"]}]},{\"@type\":\"ImageObject\",\"inLanguage\":\"en-US\",\"@id\":\"https:\\\/\\\/www.actvism.org\\\/politics\\\/rueckblick-juergen-todenhoefer\\\/#primaryimage\",\"url\":\"https:\\\/\\\/www.actvism.org\\\/wp-content\\\/uploads\\\/2018\\\/12\\\/297_actvism_Rewind-Beitrag_J.Todenhoefer_1200x628.png\",\"contentUrl\":\"https:\\\/\\\/www.actvism.org\\\/wp-content\\\/uploads\\\/2018\\\/12\\\/297_actvism_Rewind-Beitrag_J.Todenhoefer_1200x628.png\",\"width\":1200,\"height\":628,\"caption\":\"J\u00fcrgen Todenh\u00f6fer acTVism Munich\"},{\"@type\":\"WebSite\",\"@id\":\"https:\\\/\\\/www.actvism.org\\\/#website\",\"url\":\"https:\\\/\\\/www.actvism.org\\\/\",\"name\":\"acTVism\",\"description\":\"information that moves\",\"publisher\":{\"@id\":\"https:\\\/\\\/www.actvism.org\\\/#organization\"},\"potentialAction\":[{\"@type\":\"SearchAction\",\"target\":{\"@type\":\"EntryPoint\",\"urlTemplate\":\"https:\\\/\\\/www.actvism.org\\\/?s={search_term_string}\"},\"query-input\":{\"@type\":\"PropertyValueSpecification\",\"valueRequired\":true,\"valueName\":\"search_term_string\"}}],\"inLanguage\":\"en-US\"},{\"@type\":\"Organization\",\"@id\":\"https:\\\/\\\/www.actvism.org\\\/#organization\",\"name\":\"acTVism Munich e.V.\",\"url\":\"https:\\\/\\\/www.actvism.org\\\/\",\"logo\":{\"@type\":\"ImageObject\",\"inLanguage\":\"en-US\",\"@id\":\"https:\\\/\\\/www.actvism.org\\\/#\\\/schema\\\/logo\\\/image\\\/\",\"url\":\"https:\\\/\\\/www.actvism.org\\\/wp-content\\\/uploads\\\/2020\\\/11\\\/logo.svg\",\"contentUrl\":\"https:\\\/\\\/www.actvism.org\\\/wp-content\\\/uploads\\\/2020\\\/11\\\/logo.svg\",\"width\":200,\"height\":57,\"caption\":\"acTVism Munich e.V.\"},\"image\":{\"@id\":\"https:\\\/\\\/www.actvism.org\\\/#\\\/schema\\\/logo\\\/image\\\/\"},\"sameAs\":[\"https:\\\/\\\/facebook.com\\\/acTVism\",\"https:\\\/\\\/x.com\\\/acTVismMunich\"]},{\"@type\":\"Person\",\"@id\":\"https:\\\/\\\/www.actvism.org\\\/#\\\/schema\\\/person\\\/bc2c8684912eb2289fe0009f5ca451d6\",\"name\":\"atv_admin\",\"image\":{\"@type\":\"ImageObject\",\"inLanguage\":\"en-US\",\"@id\":\"https:\\\/\\\/secure.gravatar.com\\\/avatar\\\/53465926e4246ee1b807a849c23197531fd45c1bcd02682ada54ddb12eaa7a6d?s=96&d=mm&r=g\",\"url\":\"https:\\\/\\\/secure.gravatar.com\\\/avatar\\\/53465926e4246ee1b807a849c23197531fd45c1bcd02682ada54ddb12eaa7a6d?s=96&d=mm&r=g\",\"contentUrl\":\"https:\\\/\\\/secure.gravatar.com\\\/avatar\\\/53465926e4246ee1b807a849c23197531fd45c1bcd02682ada54ddb12eaa7a6d?s=96&d=mm&r=g\",\"caption\":\"atv_admin\"},\"url\":\"https:\\\/\\\/www.actvism.org\\\/en\\\/author\\\/atv_admin\\\/\"}]}<\/script>\n<!-- \/ Yoast SEO plugin. -->","yoast_head_json":{"title":"R\u00dcCKBLICK: Die komplette Videoserie mit J\u00fcrgen Todenh\u00f6fer | acTVism Munich e.V.","robots":{"index":"index","follow":"follow","max-snippet":"max-snippet:-1","max-image-preview":"max-image-preview:large","max-video-preview":"max-video-preview:-1"},"canonical":"https:\/\/www.actvism.org\/politics\/rueckblick-juergen-todenhoefer\/","og_locale":"en_US","og_type":"article","og_title":"REWIND with J\u00fcrgen Todenh\u00f6fer - The first Western journalist to visit ISIS - acTVism","og_url":"https:\/\/www.actvism.org\/politics\/rueckblick-juergen-todenhoefer\/","og_site_name":"acTVism","article_publisher":"https:\/\/facebook.com\/acTVism","article_published_time":"2018-12-26T10:58:06+00:00","article_modified_time":"2020-11-06T16:48:48+00:00","og_image":[{"width":1200,"height":628,"url":"https:\/\/www.actvism.org\/wp-content\/uploads\/2018\/12\/297_actvism_Rewind-Beitrag_J.Todenhoefer_1200x628.png","type":"image\/png"}],"author":"atv_admin","twitter_card":"summary_large_image","twitter_creator":"@acTVismMunich","twitter_site":"@acTVismMunich","twitter_misc":{"Written by":"atv_admin","Est. reading time":"5 minutes"},"schema":{"@context":"https:\/\/schema.org","@graph":[{"@type":"Article","@id":"https:\/\/www.actvism.org\/politics\/rueckblick-juergen-todenhoefer\/#article","isPartOf":{"@id":"https:\/\/www.actvism.org\/politics\/rueckblick-juergen-todenhoefer\/"},"author":{"name":"atv_admin","@id":"https:\/\/www.actvism.org\/#\/schema\/person\/bc2c8684912eb2289fe0009f5ca451d6"},"headline":"REWIND with J\u00fcrgen Todenh\u00f6fer &#8211; The first Western journalist to visit ISIS","datePublished":"2018-12-26T10:58:06+00:00","dateModified":"2020-11-06T16:48:48+00:00","mainEntityOfPage":{"@id":"https:\/\/www.actvism.org\/politics\/rueckblick-juergen-todenhoefer\/"},"wordCount":986,"commentCount":8,"publisher":{"@id":"https:\/\/www.actvism.org\/#organization"},"image":{"@id":"https:\/\/www.actvism.org\/politics\/rueckblick-juergen-todenhoefer\/#primaryimage"},"thumbnailUrl":"https:\/\/www.actvism.org\/wp-content\/uploads\/2018\/12\/297_actvism_Rewind-Beitrag_J.Todenhoefer_1200x628.png","articleSection":["LATEST","OUR CONTENT"],"inLanguage":"en-US","potentialAction":[{"@type":"CommentAction","name":"Comment","target":["https:\/\/www.actvism.org\/politics\/rueckblick-juergen-todenhoefer\/#respond"]}]},{"@type":"WebPage","@id":"https:\/\/www.actvism.org\/politics\/rueckblick-juergen-todenhoefer\/","url":"https:\/\/www.actvism.org\/politics\/rueckblick-juergen-todenhoefer\/","name":"R\u00dcCKBLICK: Die komplette Videoserie mit J\u00fcrgen Todenh\u00f6fer | acTVism Munich e.V.","isPartOf":{"@id":"https:\/\/www.actvism.org\/#website"},"primaryImageOfPage":{"@id":"https:\/\/www.actvism.org\/politics\/rueckblick-juergen-todenhoefer\/#primaryimage"},"image":{"@id":"https:\/\/www.actvism.org\/politics\/rueckblick-juergen-todenhoefer\/#primaryimage"},"thumbnailUrl":"https:\/\/www.actvism.org\/wp-content\/uploads\/2018\/12\/297_actvism_Rewind-Beitrag_J.Todenhoefer_1200x628.png","datePublished":"2018-12-26T10:58:06+00:00","dateModified":"2020-11-06T16:48:48+00:00","description":"Danke, dass Sie sich f\u00fcr unseren R\u00fcckblick (Rewind) mit J\u00fcrgen Todenh\u00f6fer interessieren. In den n\u00e4chsten Tagen werden wir ...","inLanguage":"en-US","potentialAction":[{"@type":"ReadAction","target":["https:\/\/www.actvism.org\/politics\/rueckblick-juergen-todenhoefer\/"]}]},{"@type":"ImageObject","inLanguage":"en-US","@id":"https:\/\/www.actvism.org\/politics\/rueckblick-juergen-todenhoefer\/#primaryimage","url":"https:\/\/www.actvism.org\/wp-content\/uploads\/2018\/12\/297_actvism_Rewind-Beitrag_J.Todenhoefer_1200x628.png","contentUrl":"https:\/\/www.actvism.org\/wp-content\/uploads\/2018\/12\/297_actvism_Rewind-Beitrag_J.Todenhoefer_1200x628.png","width":1200,"height":628,"caption":"J\u00fcrgen Todenh\u00f6fer acTVism Munich"},{"@type":"WebSite","@id":"https:\/\/www.actvism.org\/#website","url":"https:\/\/www.actvism.org\/","name":"acTVism","description":"information that moves","publisher":{"@id":"https:\/\/www.actvism.org\/#organization"},"potentialAction":[{"@type":"SearchAction","target":{"@type":"EntryPoint","urlTemplate":"https:\/\/www.actvism.org\/?s={search_term_string}"},"query-input":{"@type":"PropertyValueSpecification","valueRequired":true,"valueName":"search_term_string"}}],"inLanguage":"en-US"},{"@type":"Organization","@id":"https:\/\/www.actvism.org\/#organization","name":"acTVism Munich e.V.","url":"https:\/\/www.actvism.org\/","logo":{"@type":"ImageObject","inLanguage":"en-US","@id":"https:\/\/www.actvism.org\/#\/schema\/logo\/image\/","url":"https:\/\/www.actvism.org\/wp-content\/uploads\/2020\/11\/logo.svg","contentUrl":"https:\/\/www.actvism.org\/wp-content\/uploads\/2020\/11\/logo.svg","width":200,"height":57,"caption":"acTVism Munich e.V."},"image":{"@id":"https:\/\/www.actvism.org\/#\/schema\/logo\/image\/"},"sameAs":["https:\/\/facebook.com\/acTVism","https:\/\/x.com\/acTVismMunich"]},{"@type":"Person","@id":"https:\/\/www.actvism.org\/#\/schema\/person\/bc2c8684912eb2289fe0009f5ca451d6","name":"atv_admin","image":{"@type":"ImageObject","inLanguage":"en-US","@id":"https:\/\/secure.gravatar.com\/avatar\/53465926e4246ee1b807a849c23197531fd45c1bcd02682ada54ddb12eaa7a6d?s=96&d=mm&r=g","url":"https:\/\/secure.gravatar.com\/avatar\/53465926e4246ee1b807a849c23197531fd45c1bcd02682ada54ddb12eaa7a6d?s=96&d=mm&r=g","contentUrl":"https:\/\/secure.gravatar.com\/avatar\/53465926e4246ee1b807a849c23197531fd45c1bcd02682ada54ddb12eaa7a6d?s=96&d=mm&r=g","caption":"atv_admin"},"url":"https:\/\/www.actvism.org\/en\/author\/atv_admin\/"}]}},"_links":{"self":[{"href":"https:\/\/www.actvism.org\/en\/wp-json\/wp\/v2\/posts\/5005","targetHints":{"allow":["GET"]}}],"collection":[{"href":"https:\/\/www.actvism.org\/en\/wp-json\/wp\/v2\/posts"}],"about":[{"href":"https:\/\/www.actvism.org\/en\/wp-json\/wp\/v2\/types\/post"}],"author":[{"embeddable":true,"href":"https:\/\/www.actvism.org\/en\/wp-json\/wp\/v2\/users\/1"}],"replies":[{"embeddable":true,"href":"https:\/\/www.actvism.org\/en\/wp-json\/wp\/v2\/comments?post=5005"}],"version-history":[{"count":0,"href":"https:\/\/www.actvism.org\/en\/wp-json\/wp\/v2\/posts\/5005\/revisions"}],"wp:featuredmedia":[{"embeddable":true,"href":"https:\/\/www.actvism.org\/en\/wp-json\/wp\/v2\/media\/5006"}],"wp:attachment":[{"href":"https:\/\/www.actvism.org\/en\/wp-json\/wp\/v2\/media?parent=5005"}],"wp:term":[{"taxonomy":"category","embeddable":true,"href":"https:\/\/www.actvism.org\/en\/wp-json\/wp\/v2\/categories?post=5005"},{"taxonomy":"post_tag","embeddable":true,"href":"https:\/\/www.actvism.org\/en\/wp-json\/wp\/v2\/tags?post=5005"},{"taxonomy":"channel","embeddable":true,"href":"https:\/\/www.actvism.org\/en\/wp-json\/wp\/v2\/channel?post=5005"}],"curies":[{"name":"wp","href":"https:\/\/api.w.org\/{rel}","templated":true}]}}