{"id":5008,"date":"2018-12-21T12:38:08","date_gmt":"2018-12-21T11:38:08","guid":{"rendered":"https:\/\/www.actvism.org\/?p=5008"},"modified":"2020-11-06T17:48:48","modified_gmt":"2020-11-06T16:48:48","slug":"rueckblick-videoserie-daniele-ganser","status":"publish","type":"post","link":"https:\/\/www.actvism.org\/en\/politics\/rueckblick-videoserie-daniele-ganser\/","title":{"rendered":"REWIND: The complete acTVism Video Series with Dr. Daniele Ganser"},"content":{"rendered":"<div class=\"container\">\n<div class=\"row justify-content-md-center\">\n<div class=\"col-md-8 pb-3\">\n<p><strong>REWIND: The complete acTVism Video Series with Dr. Daniele Ganser<\/strong><\/p>\n<hr \/>\n<p>Thank you for visiting our exclusive <i>Rewind <\/i>video compilation with Dr. Daniele Ganser. In the coming days we will be compiling our most interesting and exciting content from 2014 to 2018 with leading experts from around the globe.<\/p>\n<p>Please make sure to donate to our <a href=\"https:\/\/www.actvism.org\/en\/politics\/actvism-munich-crowdfunding-2\/\" target=\"_blank\" rel=\"noopener noreferrer\">Crowdfunding campaign<\/a>, which aims to reach 10.000 Dollars, so that we can continue to provide interesting new, original content to all our viewers and readers across the globe. All of the content that you see below was produced on an independent and non-profit basis and took many hours of work largely by volunteers. <a href=\"https:\/\/www.actvism.org\/en\/politics\/actvism-munich-crowdfunding-2\/\" target=\"_blank\" rel=\"noopener noreferrer\">Click here to access our donation page which provides an overview on how you can donate. <\/a>Thank you for your generosity!<\/p>\n<hr \/>\n<h2>VIDEO: The Basics \u2013 Geopolitics, Foreign Policy, International Law &amp; Covert Operations<\/h2>\n<p><iframe loading=\"lazy\" title=\"Dr. Daniele Ganser Exclusive: The Basics - Geopolitics, Foreign Policy, UN &amp; Covert Operations\" width=\"500\" height=\"281\" src=\"https:\/\/www.youtube.com\/embed\/_Dx_xb1_v1c?feature=oembed\" frameborder=\"0\" allow=\"accelerometer; autoplay; clipboard-write; encrypted-media; gyroscope; picture-in-picture; web-share\" referrerpolicy=\"strict-origin-when-cross-origin\" allowfullscreen><\/iframe><\/p>\n<hr \/>\n<h2>VIDEO: Daniele Ganser on the Terrorism Industry<\/h2>\n<p><iframe loading=\"lazy\" title=\"Know Your Stuff: The Terrorism Industry | With Swiss Historian Dr. Daniele Ganser\" width=\"500\" height=\"281\" src=\"https:\/\/www.youtube.com\/embed\/tAWmCZouJBw?feature=oembed\" frameborder=\"0\" allow=\"accelerometer; autoplay; clipboard-write; encrypted-media; gyroscope; picture-in-picture; web-share\" referrerpolicy=\"strict-origin-when-cross-origin\" allowfullscreen><\/iframe><\/p>\n<hr \/>\n<h2>VIDEO: What role has the United Nations played since its founding?<\/h2>\n<p><iframe loading=\"lazy\" title=\"Dr. Daniele Ganser on the Role of the United Nations in Modern History\" width=\"500\" height=\"281\" src=\"https:\/\/www.youtube.com\/embed\/uWN52NcLKYQ?feature=oembed\" frameborder=\"0\" allow=\"accelerometer; autoplay; clipboard-write; encrypted-media; gyroscope; picture-in-picture; web-share\" referrerpolicy=\"strict-origin-when-cross-origin\" allowfullscreen><\/iframe><\/p>\n<hr \/>\n<h2>VIDEO: The modern history &amp; role of NATO<\/h2>\n<p><iframe loading=\"lazy\" title=\"Dr. Daniele Ganser on the Modern History &amp; Role of NATO\" width=\"500\" height=\"281\" src=\"https:\/\/www.youtube.com\/embed\/x1ah6-_rVtA?feature=oembed\" frameborder=\"0\" allow=\"accelerometer; autoplay; clipboard-write; encrypted-media; gyroscope; picture-in-picture; web-share\" referrerpolicy=\"strict-origin-when-cross-origin\" allowfullscreen><\/iframe><\/p>\n<hr \/>\n<h2>Donate today to support independent &amp; non-profit media!<\/h2>\n<p><a href=\"https:\/\/www.actvism.org\/en\/donate\/\" target=\"_blank\" rel=\"noopener noreferrer\">Click here<\/a>\u00a0or on the picture below:<\/p>\n<hr \/>\n<p><a href=\"https:\/\/www.actvism.org\/en\/donate\/\" target=\"_blank\" rel=\"noopener noreferrer\"><img loading=\"lazy\" decoding=\"async\" class=\"alignleft wp-image-4434 \" src=\"https:\/\/www.actvism.org\/wp-content\/uploads\/2018\/06\/28_acTVism_Webseite_Donation-Image_EN_700x233px_Future.jpg\" sizes=\"auto, (max-width: 700px) 100vw, 700px\" srcset=\"https:\/\/www.actvism.org\/wp-content\/uploads\/2018\/06\/28_acTVism_Webseite_Donation-Image_EN_700x233px_Future.jpg 700w, https:\/\/www.actvism.org\/wp-content\/uploads\/2018\/06\/28_acTVism_Webseite_Donation-Image_EN_700x233px_Future-300x100.jpg 300w\" width=\"709\" height=\"236\" \/><\/a><\/p>\n<\/p>\n<\/p>\n<\/p>\n<hr \/>\n<h2>ABOUT DR. PHIL. DANIELE GANSER<\/h2>\n<p><a href=\"https:\/\/www.actvism.org\/wp-content\/uploads\/2017\/11\/IMG_0011-LOW.jpg\"><img loading=\"lazy\" decoding=\"async\" class=\"alignleft wp-image-3892 size-thumbnail\" src=\"https:\/\/www.actvism.org\/wp-content\/uploads\/2017\/11\/IMG_0011-LOW-e1510763500454-113x150.jpg\" alt=\"Daniele Ganser acTVism\" width=\"113\" height=\"150\" \/><\/a><strong>Dr. phil. Daniele Ganser<\/strong> is a Swiss historian who specializes in contemporary history since 1945 and International Politics. His research topics are peace research, geo-strategy, covert warfare, resource wars and economic policy. He teaches at the University of St. Gallen (HSG) courses on the history and future of energy systems. At Basel University, he taught in the postgraduate course on conflict analysis with a focus on the global fight over petroleum. Daniele Ganser is founder and Director of the Swiss Institute for Peace and Energy Research (SIPER) in Basel. SIPER researches the possibility of a transition to 100% renewable energy supplies and how conflicts might be solved peacefully. (www.siper.ch)<\/p>\n<p>From 2001 until 2003, Daniele Ganser was a senior researcher at the think tank Avenir Suisse in Zurich. Avenir Suisse is funded by 14 international Swiss corporations including Swiss Re, ABB, Novartis, Roche, Credit Suisse and Nestl\u00e9. From 2003 until 2006, he held the position of a senior researcher for the Center for Security Studies (CSS) of the Swiss Federal Institute of Technology (ETH) in Z\u00fcrich. In cooperation with the Swiss Foreign Ministry (the Federal Department for Foreign Affairs \u2013 EDA) he investigated the impact of globalization on war and peace. At the EDA, Daniele Ganser was a member of the expert group on civil peace promotion and the strengthening of human rights.<\/p>\n<hr \/>\n<\/div><\/div>\n<\/div>\n","protected":false},"excerpt":{"rendered":"<p>Thank you for visiting our exclusive Rewind video compilation with Dr. Daniele Ganser. In the coming days we will be compiling our most interesting and exciting content from 2014 to 2018 with leading experts from around the globe.<\/p>\n","protected":false},"author":1,"featured_media":5011,"comment_status":"open","ping_status":"open","sticky":false,"template":"","format":"standard","meta":{"_acf_changed":false,"inline_featured_image":false,"footnotes":""},"categories":[1,14],"tags":[],"channel":[],"class_list":["post-5008","post","type-post","status-publish","format-standard","has-post-thumbnail","hentry","category-latest","category-politics"],"translation":{"provider":"WPGlobus","version":"3.0.0","language":"en","enabled_languages":["de","en"],"languages":{"de":{"title":true,"content":true,"excerpt":true},"en":{"title":true,"content":true,"excerpt":true}}},"acf":[],"yoast_head":"<!-- This site is optimized with the Yoast SEO plugin v27.4 - https:\/\/yoast.com\/product\/yoast-seo-wordpress\/ -->\n<title>R\u00dcCKBLICK: Die komplette acTVism Videoserie mit Dr. Daniele Ganser<\/title>\n<meta name=\"robots\" content=\"index, follow, max-snippet:-1, max-image-preview:large, max-video-preview:-1\" \/>\n<link rel=\"canonical\" href=\"https:\/\/www.actvism.org\/politics\/rueckblick-videoserie-daniele-ganser\/\" \/>\n<meta property=\"og:locale\" content=\"en_US\" \/>\n<meta property=\"og:type\" content=\"article\" \/>\n<meta property=\"og:title\" content=\"REWIND: The complete acTVism Video Series with Dr. Daniele Ganser - acTVism\" \/>\n<meta property=\"og:url\" content=\"https:\/\/www.actvism.org\/politics\/rueckblick-videoserie-daniele-ganser\/\" \/>\n<meta property=\"og:site_name\" content=\"acTVism\" \/>\n<meta property=\"article:publisher\" content=\"https:\/\/facebook.com\/acTVism\" \/>\n<meta property=\"article:published_time\" content=\"2018-12-21T11:38:08+00:00\" \/>\n<meta property=\"article:modified_time\" content=\"2020-11-06T16:48:48+00:00\" \/>\n<meta property=\"og:image\" content=\"https:\/\/www.actvism.org\/wp-content\/uploads\/2018\/12\/297_actvism_Rewind-Beitrag_Ganser_1200x628.png\" \/>\n\t<meta property=\"og:image:width\" content=\"1200\" \/>\n\t<meta property=\"og:image:height\" content=\"628\" \/>\n\t<meta property=\"og:image:type\" content=\"image\/png\" \/>\n<meta name=\"author\" content=\"atv_admin\" \/>\n<meta name=\"twitter:card\" content=\"summary_large_image\" \/>\n<meta name=\"twitter:creator\" content=\"@acTVismMunich\" \/>\n<meta name=\"twitter:site\" content=\"@acTVismMunich\" \/>\n<meta name=\"twitter:label1\" content=\"Written by\" \/>\n\t<meta name=\"twitter:data1\" content=\"atv_admin\" \/>\n\t<meta name=\"twitter:label2\" content=\"Est. reading time\" \/>\n\t<meta name=\"twitter:data2\" content=\"4 minutes\" \/>\n<script type=\"application\/ld+json\" class=\"yoast-schema-graph\">{\"@context\":\"https:\\\/\\\/schema.org\",\"@graph\":[{\"@type\":\"Article\",\"@id\":\"https:\\\/\\\/www.actvism.org\\\/politics\\\/rueckblick-videoserie-daniele-ganser\\\/#article\",\"isPartOf\":{\"@id\":\"https:\\\/\\\/www.actvism.org\\\/politics\\\/rueckblick-videoserie-daniele-ganser\\\/\"},\"author\":{\"name\":\"atv_admin\",\"@id\":\"https:\\\/\\\/www.actvism.org\\\/#\\\/schema\\\/person\\\/bc2c8684912eb2289fe0009f5ca451d6\"},\"headline\":\"REWIND: The complete acTVism Video Series with Dr. Daniele Ganser\",\"datePublished\":\"2018-12-21T11:38:08+00:00\",\"dateModified\":\"2020-11-06T16:48:48+00:00\",\"mainEntityOfPage\":{\"@id\":\"https:\\\/\\\/www.actvism.org\\\/politics\\\/rueckblick-videoserie-daniele-ganser\\\/\"},\"wordCount\":828,\"commentCount\":0,\"publisher\":{\"@id\":\"https:\\\/\\\/www.actvism.org\\\/#organization\"},\"image\":{\"@id\":\"https:\\\/\\\/www.actvism.org\\\/politics\\\/rueckblick-videoserie-daniele-ganser\\\/#primaryimage\"},\"thumbnailUrl\":\"https:\\\/\\\/www.actvism.org\\\/wp-content\\\/uploads\\\/2018\\\/12\\\/297_actvism_Rewind-Beitrag_Ganser_1200x628.png\",\"articleSection\":[\"LATEST\",\"OUR CONTENT\"],\"inLanguage\":\"en-US\",\"potentialAction\":[{\"@type\":\"CommentAction\",\"name\":\"Comment\",\"target\":[\"https:\\\/\\\/www.actvism.org\\\/politics\\\/rueckblick-videoserie-daniele-ganser\\\/#respond\"]}]},{\"@type\":\"WebPage\",\"@id\":\"https:\\\/\\\/www.actvism.org\\\/politics\\\/rueckblick-videoserie-daniele-ganser\\\/\",\"url\":\"https:\\\/\\\/www.actvism.org\\\/politics\\\/rueckblick-videoserie-daniele-ganser\\\/\",\"name\":\"R\u00dcCKBLICK: Die komplette acTVism Videoserie mit Dr. Daniele Ganser\",\"isPartOf\":{\"@id\":\"https:\\\/\\\/www.actvism.org\\\/#website\"},\"primaryImageOfPage\":{\"@id\":\"https:\\\/\\\/www.actvism.org\\\/politics\\\/rueckblick-videoserie-daniele-ganser\\\/#primaryimage\"},\"image\":{\"@id\":\"https:\\\/\\\/www.actvism.org\\\/politics\\\/rueckblick-videoserie-daniele-ganser\\\/#primaryimage\"},\"thumbnailUrl\":\"https:\\\/\\\/www.actvism.org\\\/wp-content\\\/uploads\\\/2018\\\/12\\\/297_actvism_Rewind-Beitrag_Ganser_1200x628.png\",\"datePublished\":\"2018-12-21T11:38:08+00:00\",\"dateModified\":\"2020-11-06T16:48:48+00:00\",\"description\":\"Danke, dass Sie sich f\u00fcr unseren R\u00fcckblick mit Dr. Daniele Ganser interessieren. In den n\u00e4chsten Tagen werden wir weitere spannende und ....\",\"inLanguage\":\"en-US\",\"potentialAction\":[{\"@type\":\"ReadAction\",\"target\":[\"https:\\\/\\\/www.actvism.org\\\/politics\\\/rueckblick-videoserie-daniele-ganser\\\/\"]}]},{\"@type\":\"ImageObject\",\"inLanguage\":\"en-US\",\"@id\":\"https:\\\/\\\/www.actvism.org\\\/politics\\\/rueckblick-videoserie-daniele-ganser\\\/#primaryimage\",\"url\":\"https:\\\/\\\/www.actvism.org\\\/wp-content\\\/uploads\\\/2018\\\/12\\\/297_actvism_Rewind-Beitrag_Ganser_1200x628.png\",\"contentUrl\":\"https:\\\/\\\/www.actvism.org\\\/wp-content\\\/uploads\\\/2018\\\/12\\\/297_actvism_Rewind-Beitrag_Ganser_1200x628.png\",\"width\":1200,\"height\":628,\"caption\":\"Daniele Ganser acTVism Munich\"},{\"@type\":\"WebSite\",\"@id\":\"https:\\\/\\\/www.actvism.org\\\/#website\",\"url\":\"https:\\\/\\\/www.actvism.org\\\/\",\"name\":\"acTVism\",\"description\":\"information that moves\",\"publisher\":{\"@id\":\"https:\\\/\\\/www.actvism.org\\\/#organization\"},\"potentialAction\":[{\"@type\":\"SearchAction\",\"target\":{\"@type\":\"EntryPoint\",\"urlTemplate\":\"https:\\\/\\\/www.actvism.org\\\/?s={search_term_string}\"},\"query-input\":{\"@type\":\"PropertyValueSpecification\",\"valueRequired\":true,\"valueName\":\"search_term_string\"}}],\"inLanguage\":\"en-US\"},{\"@type\":\"Organization\",\"@id\":\"https:\\\/\\\/www.actvism.org\\\/#organization\",\"name\":\"acTVism Munich e.V.\",\"url\":\"https:\\\/\\\/www.actvism.org\\\/\",\"logo\":{\"@type\":\"ImageObject\",\"inLanguage\":\"en-US\",\"@id\":\"https:\\\/\\\/www.actvism.org\\\/#\\\/schema\\\/logo\\\/image\\\/\",\"url\":\"https:\\\/\\\/www.actvism.org\\\/wp-content\\\/uploads\\\/2020\\\/11\\\/logo.svg\",\"contentUrl\":\"https:\\\/\\\/www.actvism.org\\\/wp-content\\\/uploads\\\/2020\\\/11\\\/logo.svg\",\"width\":200,\"height\":57,\"caption\":\"acTVism Munich e.V.\"},\"image\":{\"@id\":\"https:\\\/\\\/www.actvism.org\\\/#\\\/schema\\\/logo\\\/image\\\/\"},\"sameAs\":[\"https:\\\/\\\/facebook.com\\\/acTVism\",\"https:\\\/\\\/x.com\\\/acTVismMunich\"]},{\"@type\":\"Person\",\"@id\":\"https:\\\/\\\/www.actvism.org\\\/#\\\/schema\\\/person\\\/bc2c8684912eb2289fe0009f5ca451d6\",\"name\":\"atv_admin\",\"image\":{\"@type\":\"ImageObject\",\"inLanguage\":\"en-US\",\"@id\":\"https:\\\/\\\/secure.gravatar.com\\\/avatar\\\/53465926e4246ee1b807a849c23197531fd45c1bcd02682ada54ddb12eaa7a6d?s=96&d=mm&r=g\",\"url\":\"https:\\\/\\\/secure.gravatar.com\\\/avatar\\\/53465926e4246ee1b807a849c23197531fd45c1bcd02682ada54ddb12eaa7a6d?s=96&d=mm&r=g\",\"contentUrl\":\"https:\\\/\\\/secure.gravatar.com\\\/avatar\\\/53465926e4246ee1b807a849c23197531fd45c1bcd02682ada54ddb12eaa7a6d?s=96&d=mm&r=g\",\"caption\":\"atv_admin\"},\"url\":\"https:\\\/\\\/www.actvism.org\\\/en\\\/author\\\/atv_admin\\\/\"}]}<\/script>\n<!-- \/ Yoast SEO plugin. -->","yoast_head_json":{"title":"R\u00dcCKBLICK: Die komplette acTVism Videoserie mit Dr. Daniele Ganser","robots":{"index":"index","follow":"follow","max-snippet":"max-snippet:-1","max-image-preview":"max-image-preview:large","max-video-preview":"max-video-preview:-1"},"canonical":"https:\/\/www.actvism.org\/politics\/rueckblick-videoserie-daniele-ganser\/","og_locale":"en_US","og_type":"article","og_title":"REWIND: The complete acTVism Video Series with Dr. Daniele Ganser - acTVism","og_url":"https:\/\/www.actvism.org\/politics\/rueckblick-videoserie-daniele-ganser\/","og_site_name":"acTVism","article_publisher":"https:\/\/facebook.com\/acTVism","article_published_time":"2018-12-21T11:38:08+00:00","article_modified_time":"2020-11-06T16:48:48+00:00","og_image":[{"width":1200,"height":628,"url":"https:\/\/www.actvism.org\/wp-content\/uploads\/2018\/12\/297_actvism_Rewind-Beitrag_Ganser_1200x628.png","type":"image\/png"}],"author":"atv_admin","twitter_card":"summary_large_image","twitter_creator":"@acTVismMunich","twitter_site":"@acTVismMunich","twitter_misc":{"Written by":"atv_admin","Est. reading time":"4 minutes"},"schema":{"@context":"https:\/\/schema.org","@graph":[{"@type":"Article","@id":"https:\/\/www.actvism.org\/politics\/rueckblick-videoserie-daniele-ganser\/#article","isPartOf":{"@id":"https:\/\/www.actvism.org\/politics\/rueckblick-videoserie-daniele-ganser\/"},"author":{"name":"atv_admin","@id":"https:\/\/www.actvism.org\/#\/schema\/person\/bc2c8684912eb2289fe0009f5ca451d6"},"headline":"REWIND: The complete acTVism Video Series with Dr. Daniele Ganser","datePublished":"2018-12-21T11:38:08+00:00","dateModified":"2020-11-06T16:48:48+00:00","mainEntityOfPage":{"@id":"https:\/\/www.actvism.org\/politics\/rueckblick-videoserie-daniele-ganser\/"},"wordCount":828,"commentCount":0,"publisher":{"@id":"https:\/\/www.actvism.org\/#organization"},"image":{"@id":"https:\/\/www.actvism.org\/politics\/rueckblick-videoserie-daniele-ganser\/#primaryimage"},"thumbnailUrl":"https:\/\/www.actvism.org\/wp-content\/uploads\/2018\/12\/297_actvism_Rewind-Beitrag_Ganser_1200x628.png","articleSection":["LATEST","OUR CONTENT"],"inLanguage":"en-US","potentialAction":[{"@type":"CommentAction","name":"Comment","target":["https:\/\/www.actvism.org\/politics\/rueckblick-videoserie-daniele-ganser\/#respond"]}]},{"@type":"WebPage","@id":"https:\/\/www.actvism.org\/politics\/rueckblick-videoserie-daniele-ganser\/","url":"https:\/\/www.actvism.org\/politics\/rueckblick-videoserie-daniele-ganser\/","name":"R\u00dcCKBLICK: Die komplette acTVism Videoserie mit Dr. Daniele Ganser","isPartOf":{"@id":"https:\/\/www.actvism.org\/#website"},"primaryImageOfPage":{"@id":"https:\/\/www.actvism.org\/politics\/rueckblick-videoserie-daniele-ganser\/#primaryimage"},"image":{"@id":"https:\/\/www.actvism.org\/politics\/rueckblick-videoserie-daniele-ganser\/#primaryimage"},"thumbnailUrl":"https:\/\/www.actvism.org\/wp-content\/uploads\/2018\/12\/297_actvism_Rewind-Beitrag_Ganser_1200x628.png","datePublished":"2018-12-21T11:38:08+00:00","dateModified":"2020-11-06T16:48:48+00:00","description":"Danke, dass Sie sich f\u00fcr unseren R\u00fcckblick mit Dr. Daniele Ganser interessieren. In den n\u00e4chsten Tagen werden wir weitere spannende und ....","inLanguage":"en-US","potentialAction":[{"@type":"ReadAction","target":["https:\/\/www.actvism.org\/politics\/rueckblick-videoserie-daniele-ganser\/"]}]},{"@type":"ImageObject","inLanguage":"en-US","@id":"https:\/\/www.actvism.org\/politics\/rueckblick-videoserie-daniele-ganser\/#primaryimage","url":"https:\/\/www.actvism.org\/wp-content\/uploads\/2018\/12\/297_actvism_Rewind-Beitrag_Ganser_1200x628.png","contentUrl":"https:\/\/www.actvism.org\/wp-content\/uploads\/2018\/12\/297_actvism_Rewind-Beitrag_Ganser_1200x628.png","width":1200,"height":628,"caption":"Daniele Ganser acTVism Munich"},{"@type":"WebSite","@id":"https:\/\/www.actvism.org\/#website","url":"https:\/\/www.actvism.org\/","name":"acTVism","description":"information that moves","publisher":{"@id":"https:\/\/www.actvism.org\/#organization"},"potentialAction":[{"@type":"SearchAction","target":{"@type":"EntryPoint","urlTemplate":"https:\/\/www.actvism.org\/?s={search_term_string}"},"query-input":{"@type":"PropertyValueSpecification","valueRequired":true,"valueName":"search_term_string"}}],"inLanguage":"en-US"},{"@type":"Organization","@id":"https:\/\/www.actvism.org\/#organization","name":"acTVism Munich e.V.","url":"https:\/\/www.actvism.org\/","logo":{"@type":"ImageObject","inLanguage":"en-US","@id":"https:\/\/www.actvism.org\/#\/schema\/logo\/image\/","url":"https:\/\/www.actvism.org\/wp-content\/uploads\/2020\/11\/logo.svg","contentUrl":"https:\/\/www.actvism.org\/wp-content\/uploads\/2020\/11\/logo.svg","width":200,"height":57,"caption":"acTVism Munich e.V."},"image":{"@id":"https:\/\/www.actvism.org\/#\/schema\/logo\/image\/"},"sameAs":["https:\/\/facebook.com\/acTVism","https:\/\/x.com\/acTVismMunich"]},{"@type":"Person","@id":"https:\/\/www.actvism.org\/#\/schema\/person\/bc2c8684912eb2289fe0009f5ca451d6","name":"atv_admin","image":{"@type":"ImageObject","inLanguage":"en-US","@id":"https:\/\/secure.gravatar.com\/avatar\/53465926e4246ee1b807a849c23197531fd45c1bcd02682ada54ddb12eaa7a6d?s=96&d=mm&r=g","url":"https:\/\/secure.gravatar.com\/avatar\/53465926e4246ee1b807a849c23197531fd45c1bcd02682ada54ddb12eaa7a6d?s=96&d=mm&r=g","contentUrl":"https:\/\/secure.gravatar.com\/avatar\/53465926e4246ee1b807a849c23197531fd45c1bcd02682ada54ddb12eaa7a6d?s=96&d=mm&r=g","caption":"atv_admin"},"url":"https:\/\/www.actvism.org\/en\/author\/atv_admin\/"}]}},"_links":{"self":[{"href":"https:\/\/www.actvism.org\/en\/wp-json\/wp\/v2\/posts\/5008","targetHints":{"allow":["GET"]}}],"collection":[{"href":"https:\/\/www.actvism.org\/en\/wp-json\/wp\/v2\/posts"}],"about":[{"href":"https:\/\/www.actvism.org\/en\/wp-json\/wp\/v2\/types\/post"}],"author":[{"embeddable":true,"href":"https:\/\/www.actvism.org\/en\/wp-json\/wp\/v2\/users\/1"}],"replies":[{"embeddable":true,"href":"https:\/\/www.actvism.org\/en\/wp-json\/wp\/v2\/comments?post=5008"}],"version-history":[{"count":0,"href":"https:\/\/www.actvism.org\/en\/wp-json\/wp\/v2\/posts\/5008\/revisions"}],"wp:featuredmedia":[{"embeddable":true,"href":"https:\/\/www.actvism.org\/en\/wp-json\/wp\/v2\/media\/5011"}],"wp:attachment":[{"href":"https:\/\/www.actvism.org\/en\/wp-json\/wp\/v2\/media?parent=5008"}],"wp:term":[{"taxonomy":"category","embeddable":true,"href":"https:\/\/www.actvism.org\/en\/wp-json\/wp\/v2\/categories?post=5008"},{"taxonomy":"post_tag","embeddable":true,"href":"https:\/\/www.actvism.org\/en\/wp-json\/wp\/v2\/tags?post=5008"},{"taxonomy":"channel","embeddable":true,"href":"https:\/\/www.actvism.org\/en\/wp-json\/wp\/v2\/channel?post=5008"}],"curies":[{"name":"wp","href":"https:\/\/api.w.org\/{rel}","templated":true}]}}