{"id":5092,"date":"2019-02-01T18:20:15","date_gmt":"2019-02-01T17:20:15","guid":{"rendered":"https:\/\/www.actvism.org\/?p=5092"},"modified":"2020-11-06T17:48:48","modified_gmt":"2020-11-06T16:48:48","slug":"benefizkonzert-jemen-feierwerk","status":"publish","type":"post","link":"https:\/\/www.actvism.org\/en\/tip\/benefizkonzert-jemen-feierwerk\/","title":{"rendered":"Fundraising Concert for Yemen in Munich"},"content":{"rendered":"<div class=\"container\">\n<div class=\"row justify-content-md-center\">\n<div class=\"col-md-8 pb-3\">\n<p><em>Due to limited financial &amp; technical resources as a non-profit and volunteer-based organization, we were unable to translate the following content into English.<\/em><\/p>\n<hr \/>\n<p><strong>Veranstaltungstipp: Benefizkonzert f\u00fcr den Jemen im Feierwerk M\u00fcnchen<\/strong><\/p>\n<p><em>Eine Auftaktveranstaltung zu den Aktionen gegen die M\u00fcnchner Sicherheitskonferenz<\/em><\/p>\n<hr \/>\n<p>Autor: <a href=\"https:\/\/www.facebook.com\/Matthias.OCCUPEACE\" target=\"_blank\" rel=\"noopener noreferrer\">Matthias Gast<\/a> \/ <a href=\"https:\/\/www.initiative-jemen.de\/\" target=\"_blank\" rel=\"noopener noreferrer\">Initiative f\u00fcr Jemen<\/a><\/p>\n<hr \/>\n<p>Die \u201eInitiative f\u00fcr Jemen\u201c und das Aktionsb\u00fcndnis gegen die NATO-\u201eSicherheits\u201ckonferenz, in Zusammenarbeit mit dem M\u00fcnchner Friedensb\u00fcndnis, veranstaltet am 8. Februar um 19:00 Uhr im Feierwerk ein Benefizkonzert f\u00fcr den Jemen. Mit den Einnahmen aus Konzert und Spenden sollen konkrete Projekte von Misereor und Oxfam im Jemen finanziell unterst\u00fctzt werden.<\/p>\n<p>Der Krieg im Jemen hat laut UNO zur \u201eweltweit schlimmsten humanit\u00e4ren Katastrophe\u201c gef\u00fchrt. 14 Millionen sind von akuter Hungersnot bedroht, jedes zweite Kind ist chronisch unterern\u00e4hrt, das Leben von Hunderttausenden h\u00e4ngt am \u201eseidenen Faden\u201c. Eingesperrt in ihrem Land durch die saudi-arabische Kriegskoalition, kann niemand fliehen, denn die Hafen- und See-Blockade macht jede Flucht unm\u00f6glich. Rund 20 Millionen der 27 Millionen Einwohner, sind nach Angaben von Misereor, dringend auf die Lieferung von Lebensmitteln und Medikamenten angewiesen. Zudem ist Jemen, laut Oxfam, mit dem gr\u00f6\u00dften Ausbruch von Cholera konfrontiert, der je aufgezeichnet wurde. Mehr als 1,2 Millionen F\u00e4lle sind dokumentiert und tausende Menschen sind bereits gestorben. Viele Menschen k\u00f6nnen der Epidemie nichts entgegensetzen. Durch Krieg, Not und Hunger sind sie geschw\u00e4cht und demoralisiert.<\/p>\n<p>Trotz der verheerenden, saudischen Luftangriffe auf jemenitische St\u00e4dte, geh\u00f6ren Saudi-Arabien und die \u00fcbrigen L\u00e4nder der Kriegsallianz zu den wichtigsten Empf\u00e4ngern von Waffenlieferungen aus dem Westen. Warum? Nicht nur Saudi-Arabien, sondern auch die westlichen Staaten, wollen wegen der geostrategischen Bedeutung verhindern, dass sich der Jemen aus dem Machteinfluss Saudi-Arabiens befreit. Der gr\u00f6\u00dfte Waffenlieferant der Saudis sind die USA, doch auch deutsche R\u00fcstungskonzerne beliefern die saudisch gef\u00fchrte Kriegskoalition. Entgegen eigener R\u00fcstungsexportregeln genehmigte die Bundesregierung allein in den drei Jahren des Jemen-Krieges von 2015 \u2013 2017 R\u00fcstungsexporte im Wert von etwa 5 Milliarden Euro an diese L\u00e4nder.<\/p>\n<p>Vom 15. bis 17. Februar 2019 treffen sich die Verantwortlichen f\u00fcr die \u201eweltweit schlimmsten humanit\u00e4ren Katastrophe\u201c im Bayerischen Hof in M\u00fcnchen. Sie werden von \u201eSicherheit\u201c reden und es als v\u00f6llig normal betrachten, ein ganzes Volk f\u00fcr ihre Interessen auszuhungern. Was eine Straftat gegen das V\u00f6lkerrecht \u00a76 Abs. 1 Nr. 3 bedeutet: dem V\u00f6lkermord. Ein Grund mehr auf diesen bisher zur\u00fcckhaltend verurteilten Krieg aufmerksam zu machen.<\/p>\n<p>F\u00fcnf engagierte Bands treten auf: Wally Warning, Palo Santo, Taxgas, Selam Bahli Munich Band und Mattia Caroli &amp; i Fiori del Male. Sie pr\u00e4sentieren multikulturelle Vielfalt mit genialen Sounds und Rhythmen, Latin, Afro, Rock, Pop, Jazz und Beat mit bewegenden Texten gegen den Krieg und f\u00fcr das Recht in Frieden zu leben.<\/p>\n<p>Die Erl\u00f6se aus Ticket-Verkauf und Spenden werden den Projekten im Jemen zu Gute kommen. Daher kann auch Jede*r, die\/der bei dem Konzert nicht anwesend sein kann, die Projekte mit einer Spende unterst\u00fctzen. Das Friedensb\u00fcro M\u00fcnchen e. V. ist ein eingetragener, gemeinn\u00fctziger Verein, die Spenden sind daher steuerbeg\u00fcnstigt.<\/p>\n<p><strong>Friedensb\u00fcro M\u00fcnchen e.V.<\/strong><\/p>\n<ul>\n<li>IBAN: DE66 7001 0080 0041 0398 01<\/li>\n<li>BIC: PBNKDEFF<\/li>\n<li>Stichwort: JEMEN<\/li>\n<\/ul>\n<hr \/>\n<h2>INFOS: Benefizkonzert f\u00fcr den Jemen<\/h2>\n<ul>\n<li><strong>Veranstalter:<\/strong> <a href=\"https:\/\/www.facebook.com\/InitiativeJemen\/\" target=\"_blank\" rel=\"noopener noreferrer\">Initiative f\u00fcr Jemen<\/a><\/li>\n<li><b class=\"\">Datum &amp; Uhrzeit:\u00a0<\/b>Fr, 08.02.19 \/\/ 19:00 Uhr<\/li>\n<li><b class=\"\">Ort:<\/b>\u00a0<a href=\"https:\/\/www.feierwerk.de\/\" target=\"_blank\" rel=\"noopener noreferrer\">Feierwerk e.V., M\u00fcnchen<\/a><\/li>\n<li><strong>Eintritt:\u00a0<\/strong>18,00 Euro<\/li>\n<li><strong>Tickets:<\/strong> <a href=\"https:\/\/www.muenchenticket.de\/guide\/tickets\/26b4v\/Benefizkonzert+fuer+Jemen.html\" target=\"_blank\" rel=\"noopener noreferrer\">https:\/\/www.muenchenticket.de\/guide\/tickets\/26b4v\/Benefizkonzert+fuer+Jemen.html<\/a><\/li>\n<li><strong>Spenden: <\/strong><a href=\"https:\/\/www.initiative-jemen.de\/unterstuetzer\/\" target=\"_blank\" rel=\"noopener noreferrer\">https:\/\/www.initiative-jemen.de\/unterstuetzer\/<\/a><\/li>\n<li><b class=\"\">Website: <\/b><a href=\"https:\/\/www.initiative-jemen.de\/\" target=\"_blank\" rel=\"noopener noreferrer\">https:\/\/www.initiative-jemen.de\/<\/a><\/li>\n<li><strong>Facebook:<\/strong> <a href=\"https:\/\/www.facebook.com\/InitiativeJemen\/\" target=\"_blank\" rel=\"noopener noreferrer\">https:\/\/www.facebook.com\/InitiativeJemen\/<\/a><\/li>\n<\/ul>\n<hr \/>\n<p>&nbsp;<\/p><\/div>\n<\/p><\/div>\n<\/div>\n","protected":false},"excerpt":{"rendered":"<p>Due to limited financial &#038; technical resources as a non-profit and volunteer-based organization, we were unable to translate the following content into English.<\/p>\n","protected":false},"author":1,"featured_media":5101,"comment_status":"open","ping_status":"open","sticky":false,"template":"","format":"standard","meta":{"_acf_changed":false,"inline_featured_image":false,"footnotes":""},"categories":[1,8577],"tags":[],"channel":[],"class_list":["post-5092","post","type-post","status-publish","format-standard","has-post-thumbnail","hentry","category-latest","category-tip"],"translation":{"provider":"WPGlobus","version":"3.0.0","language":"en","enabled_languages":["de","en"],"languages":{"de":{"title":true,"content":true,"excerpt":true},"en":{"title":true,"content":true,"excerpt":true}}},"acf":[],"yoast_head":"<!-- This site is optimized with the Yoast SEO plugin v27.4 - https:\/\/yoast.com\/product\/yoast-seo-wordpress\/ -->\n<title>Veranstaltungstipp: Benefizkonzert f\u00fcr den Jemen im Feierwerk M\u00fcnchen<\/title>\n<meta name=\"robots\" content=\"index, follow, max-snippet:-1, max-image-preview:large, max-video-preview:-1\" \/>\n<link rel=\"canonical\" href=\"https:\/\/www.actvism.org\/tip\/benefizkonzert-jemen-feierwerk\/\" \/>\n<meta property=\"og:locale\" content=\"en_US\" \/>\n<meta property=\"og:type\" content=\"article\" \/>\n<meta property=\"og:title\" content=\"Fundraising Concert for Yemen in Munich - acTVism\" \/>\n<meta property=\"og:url\" content=\"https:\/\/www.actvism.org\/tip\/benefizkonzert-jemen-feierwerk\/\" \/>\n<meta property=\"og:site_name\" content=\"acTVism\" \/>\n<meta property=\"article:publisher\" content=\"https:\/\/facebook.com\/acTVism\" \/>\n<meta property=\"article:published_time\" content=\"2019-02-01T17:20:15+00:00\" \/>\n<meta property=\"article:modified_time\" content=\"2020-11-06T16:48:48+00:00\" \/>\n<meta property=\"og:image\" content=\"https:\/\/www.actvism.org\/wp-content\/uploads\/2019\/02\/anzeigebild-1.png\" \/>\n\t<meta property=\"og:image:width\" content=\"700\" \/>\n\t<meta property=\"og:image:height\" content=\"427\" \/>\n\t<meta property=\"og:image:type\" content=\"image\/png\" \/>\n<meta name=\"author\" content=\"atv_admin\" \/>\n<meta name=\"twitter:card\" content=\"summary_large_image\" \/>\n<meta name=\"twitter:creator\" content=\"@acTVismMunich\" \/>\n<meta name=\"twitter:site\" content=\"@acTVismMunich\" \/>\n<meta name=\"twitter:label1\" content=\"Written by\" \/>\n\t<meta name=\"twitter:data1\" content=\"atv_admin\" \/>\n\t<meta name=\"twitter:label2\" content=\"Est. reading time\" \/>\n\t<meta name=\"twitter:data2\" content=\"6 minutes\" \/>\n<script type=\"application\/ld+json\" class=\"yoast-schema-graph\">{\"@context\":\"https:\\\/\\\/schema.org\",\"@graph\":[{\"@type\":\"Article\",\"@id\":\"https:\\\/\\\/www.actvism.org\\\/tip\\\/benefizkonzert-jemen-feierwerk\\\/#article\",\"isPartOf\":{\"@id\":\"https:\\\/\\\/www.actvism.org\\\/tip\\\/benefizkonzert-jemen-feierwerk\\\/\"},\"author\":{\"name\":\"atv_admin\",\"@id\":\"https:\\\/\\\/www.actvism.org\\\/#\\\/schema\\\/person\\\/bc2c8684912eb2289fe0009f5ca451d6\"},\"headline\":\"Fundraising Concert for Yemen in Munich\",\"datePublished\":\"2019-02-01T17:20:15+00:00\",\"dateModified\":\"2020-11-06T16:48:48+00:00\",\"mainEntityOfPage\":{\"@id\":\"https:\\\/\\\/www.actvism.org\\\/tip\\\/benefizkonzert-jemen-feierwerk\\\/\"},\"wordCount\":1146,\"commentCount\":0,\"publisher\":{\"@id\":\"https:\\\/\\\/www.actvism.org\\\/#organization\"},\"image\":{\"@id\":\"https:\\\/\\\/www.actvism.org\\\/tip\\\/benefizkonzert-jemen-feierwerk\\\/#primaryimage\"},\"thumbnailUrl\":\"https:\\\/\\\/www.actvism.org\\\/wp-content\\\/uploads\\\/2019\\\/02\\\/anzeigebild-1.png\",\"articleSection\":[\"LATEST\",\"TIP\"],\"inLanguage\":\"en-US\",\"potentialAction\":[{\"@type\":\"CommentAction\",\"name\":\"Comment\",\"target\":[\"https:\\\/\\\/www.actvism.org\\\/tip\\\/benefizkonzert-jemen-feierwerk\\\/#respond\"]}]},{\"@type\":\"WebPage\",\"@id\":\"https:\\\/\\\/www.actvism.org\\\/tip\\\/benefizkonzert-jemen-feierwerk\\\/\",\"url\":\"https:\\\/\\\/www.actvism.org\\\/tip\\\/benefizkonzert-jemen-feierwerk\\\/\",\"name\":\"Veranstaltungstipp: Benefizkonzert f\u00fcr den Jemen im Feierwerk M\u00fcnchen\",\"isPartOf\":{\"@id\":\"https:\\\/\\\/www.actvism.org\\\/#website\"},\"primaryImageOfPage\":{\"@id\":\"https:\\\/\\\/www.actvism.org\\\/tip\\\/benefizkonzert-jemen-feierwerk\\\/#primaryimage\"},\"image\":{\"@id\":\"https:\\\/\\\/www.actvism.org\\\/tip\\\/benefizkonzert-jemen-feierwerk\\\/#primaryimage\"},\"thumbnailUrl\":\"https:\\\/\\\/www.actvism.org\\\/wp-content\\\/uploads\\\/2019\\\/02\\\/anzeigebild-1.png\",\"datePublished\":\"2019-02-01T17:20:15+00:00\",\"dateModified\":\"2020-11-06T16:48:48+00:00\",\"description\":\"Die \u201eInitiative f\u00fcr Jemen\u201c veranstaltet am 8. Februar um 19:00 Uhr im Feierwerk ein Benefizkonzert f\u00fcr den Jemen.\",\"inLanguage\":\"en-US\",\"potentialAction\":[{\"@type\":\"ReadAction\",\"target\":[\"https:\\\/\\\/www.actvism.org\\\/tip\\\/benefizkonzert-jemen-feierwerk\\\/\"]}]},{\"@type\":\"ImageObject\",\"inLanguage\":\"en-US\",\"@id\":\"https:\\\/\\\/www.actvism.org\\\/tip\\\/benefizkonzert-jemen-feierwerk\\\/#primaryimage\",\"url\":\"https:\\\/\\\/www.actvism.org\\\/wp-content\\\/uploads\\\/2019\\\/02\\\/anzeigebild-1.png\",\"contentUrl\":\"https:\\\/\\\/www.actvism.org\\\/wp-content\\\/uploads\\\/2019\\\/02\\\/anzeigebild-1.png\",\"width\":700,\"height\":427},{\"@type\":\"WebSite\",\"@id\":\"https:\\\/\\\/www.actvism.org\\\/#website\",\"url\":\"https:\\\/\\\/www.actvism.org\\\/\",\"name\":\"acTVism\",\"description\":\"information that moves\",\"publisher\":{\"@id\":\"https:\\\/\\\/www.actvism.org\\\/#organization\"},\"potentialAction\":[{\"@type\":\"SearchAction\",\"target\":{\"@type\":\"EntryPoint\",\"urlTemplate\":\"https:\\\/\\\/www.actvism.org\\\/?s={search_term_string}\"},\"query-input\":{\"@type\":\"PropertyValueSpecification\",\"valueRequired\":true,\"valueName\":\"search_term_string\"}}],\"inLanguage\":\"en-US\"},{\"@type\":\"Organization\",\"@id\":\"https:\\\/\\\/www.actvism.org\\\/#organization\",\"name\":\"acTVism Munich e.V.\",\"url\":\"https:\\\/\\\/www.actvism.org\\\/\",\"logo\":{\"@type\":\"ImageObject\",\"inLanguage\":\"en-US\",\"@id\":\"https:\\\/\\\/www.actvism.org\\\/#\\\/schema\\\/logo\\\/image\\\/\",\"url\":\"https:\\\/\\\/www.actvism.org\\\/wp-content\\\/uploads\\\/2020\\\/11\\\/logo.svg\",\"contentUrl\":\"https:\\\/\\\/www.actvism.org\\\/wp-content\\\/uploads\\\/2020\\\/11\\\/logo.svg\",\"width\":200,\"height\":57,\"caption\":\"acTVism Munich e.V.\"},\"image\":{\"@id\":\"https:\\\/\\\/www.actvism.org\\\/#\\\/schema\\\/logo\\\/image\\\/\"},\"sameAs\":[\"https:\\\/\\\/facebook.com\\\/acTVism\",\"https:\\\/\\\/x.com\\\/acTVismMunich\"]},{\"@type\":\"Person\",\"@id\":\"https:\\\/\\\/www.actvism.org\\\/#\\\/schema\\\/person\\\/bc2c8684912eb2289fe0009f5ca451d6\",\"name\":\"atv_admin\",\"image\":{\"@type\":\"ImageObject\",\"inLanguage\":\"en-US\",\"@id\":\"https:\\\/\\\/secure.gravatar.com\\\/avatar\\\/53465926e4246ee1b807a849c23197531fd45c1bcd02682ada54ddb12eaa7a6d?s=96&d=mm&r=g\",\"url\":\"https:\\\/\\\/secure.gravatar.com\\\/avatar\\\/53465926e4246ee1b807a849c23197531fd45c1bcd02682ada54ddb12eaa7a6d?s=96&d=mm&r=g\",\"contentUrl\":\"https:\\\/\\\/secure.gravatar.com\\\/avatar\\\/53465926e4246ee1b807a849c23197531fd45c1bcd02682ada54ddb12eaa7a6d?s=96&d=mm&r=g\",\"caption\":\"atv_admin\"},\"url\":\"https:\\\/\\\/www.actvism.org\\\/en\\\/author\\\/atv_admin\\\/\"}]}<\/script>\n<!-- \/ Yoast SEO plugin. -->","yoast_head_json":{"title":"Veranstaltungstipp: Benefizkonzert f\u00fcr den Jemen im Feierwerk M\u00fcnchen","robots":{"index":"index","follow":"follow","max-snippet":"max-snippet:-1","max-image-preview":"max-image-preview:large","max-video-preview":"max-video-preview:-1"},"canonical":"https:\/\/www.actvism.org\/tip\/benefizkonzert-jemen-feierwerk\/","og_locale":"en_US","og_type":"article","og_title":"Fundraising Concert for Yemen in Munich - acTVism","og_url":"https:\/\/www.actvism.org\/tip\/benefizkonzert-jemen-feierwerk\/","og_site_name":"acTVism","article_publisher":"https:\/\/facebook.com\/acTVism","article_published_time":"2019-02-01T17:20:15+00:00","article_modified_time":"2020-11-06T16:48:48+00:00","og_image":[{"width":700,"height":427,"url":"https:\/\/www.actvism.org\/wp-content\/uploads\/2019\/02\/anzeigebild-1.png","type":"image\/png"}],"author":"atv_admin","twitter_card":"summary_large_image","twitter_creator":"@acTVismMunich","twitter_site":"@acTVismMunich","twitter_misc":{"Written by":"atv_admin","Est. reading time":"6 minutes"},"schema":{"@context":"https:\/\/schema.org","@graph":[{"@type":"Article","@id":"https:\/\/www.actvism.org\/tip\/benefizkonzert-jemen-feierwerk\/#article","isPartOf":{"@id":"https:\/\/www.actvism.org\/tip\/benefizkonzert-jemen-feierwerk\/"},"author":{"name":"atv_admin","@id":"https:\/\/www.actvism.org\/#\/schema\/person\/bc2c8684912eb2289fe0009f5ca451d6"},"headline":"Fundraising Concert for Yemen in Munich","datePublished":"2019-02-01T17:20:15+00:00","dateModified":"2020-11-06T16:48:48+00:00","mainEntityOfPage":{"@id":"https:\/\/www.actvism.org\/tip\/benefizkonzert-jemen-feierwerk\/"},"wordCount":1146,"commentCount":0,"publisher":{"@id":"https:\/\/www.actvism.org\/#organization"},"image":{"@id":"https:\/\/www.actvism.org\/tip\/benefizkonzert-jemen-feierwerk\/#primaryimage"},"thumbnailUrl":"https:\/\/www.actvism.org\/wp-content\/uploads\/2019\/02\/anzeigebild-1.png","articleSection":["LATEST","TIP"],"inLanguage":"en-US","potentialAction":[{"@type":"CommentAction","name":"Comment","target":["https:\/\/www.actvism.org\/tip\/benefizkonzert-jemen-feierwerk\/#respond"]}]},{"@type":"WebPage","@id":"https:\/\/www.actvism.org\/tip\/benefizkonzert-jemen-feierwerk\/","url":"https:\/\/www.actvism.org\/tip\/benefizkonzert-jemen-feierwerk\/","name":"Veranstaltungstipp: Benefizkonzert f\u00fcr den Jemen im Feierwerk M\u00fcnchen","isPartOf":{"@id":"https:\/\/www.actvism.org\/#website"},"primaryImageOfPage":{"@id":"https:\/\/www.actvism.org\/tip\/benefizkonzert-jemen-feierwerk\/#primaryimage"},"image":{"@id":"https:\/\/www.actvism.org\/tip\/benefizkonzert-jemen-feierwerk\/#primaryimage"},"thumbnailUrl":"https:\/\/www.actvism.org\/wp-content\/uploads\/2019\/02\/anzeigebild-1.png","datePublished":"2019-02-01T17:20:15+00:00","dateModified":"2020-11-06T16:48:48+00:00","description":"Die \u201eInitiative f\u00fcr Jemen\u201c veranstaltet am 8. Februar um 19:00 Uhr im Feierwerk ein Benefizkonzert f\u00fcr den Jemen.","inLanguage":"en-US","potentialAction":[{"@type":"ReadAction","target":["https:\/\/www.actvism.org\/tip\/benefizkonzert-jemen-feierwerk\/"]}]},{"@type":"ImageObject","inLanguage":"en-US","@id":"https:\/\/www.actvism.org\/tip\/benefizkonzert-jemen-feierwerk\/#primaryimage","url":"https:\/\/www.actvism.org\/wp-content\/uploads\/2019\/02\/anzeigebild-1.png","contentUrl":"https:\/\/www.actvism.org\/wp-content\/uploads\/2019\/02\/anzeigebild-1.png","width":700,"height":427},{"@type":"WebSite","@id":"https:\/\/www.actvism.org\/#website","url":"https:\/\/www.actvism.org\/","name":"acTVism","description":"information that moves","publisher":{"@id":"https:\/\/www.actvism.org\/#organization"},"potentialAction":[{"@type":"SearchAction","target":{"@type":"EntryPoint","urlTemplate":"https:\/\/www.actvism.org\/?s={search_term_string}"},"query-input":{"@type":"PropertyValueSpecification","valueRequired":true,"valueName":"search_term_string"}}],"inLanguage":"en-US"},{"@type":"Organization","@id":"https:\/\/www.actvism.org\/#organization","name":"acTVism Munich e.V.","url":"https:\/\/www.actvism.org\/","logo":{"@type":"ImageObject","inLanguage":"en-US","@id":"https:\/\/www.actvism.org\/#\/schema\/logo\/image\/","url":"https:\/\/www.actvism.org\/wp-content\/uploads\/2020\/11\/logo.svg","contentUrl":"https:\/\/www.actvism.org\/wp-content\/uploads\/2020\/11\/logo.svg","width":200,"height":57,"caption":"acTVism Munich e.V."},"image":{"@id":"https:\/\/www.actvism.org\/#\/schema\/logo\/image\/"},"sameAs":["https:\/\/facebook.com\/acTVism","https:\/\/x.com\/acTVismMunich"]},{"@type":"Person","@id":"https:\/\/www.actvism.org\/#\/schema\/person\/bc2c8684912eb2289fe0009f5ca451d6","name":"atv_admin","image":{"@type":"ImageObject","inLanguage":"en-US","@id":"https:\/\/secure.gravatar.com\/avatar\/53465926e4246ee1b807a849c23197531fd45c1bcd02682ada54ddb12eaa7a6d?s=96&d=mm&r=g","url":"https:\/\/secure.gravatar.com\/avatar\/53465926e4246ee1b807a849c23197531fd45c1bcd02682ada54ddb12eaa7a6d?s=96&d=mm&r=g","contentUrl":"https:\/\/secure.gravatar.com\/avatar\/53465926e4246ee1b807a849c23197531fd45c1bcd02682ada54ddb12eaa7a6d?s=96&d=mm&r=g","caption":"atv_admin"},"url":"https:\/\/www.actvism.org\/en\/author\/atv_admin\/"}]}},"_links":{"self":[{"href":"https:\/\/www.actvism.org\/en\/wp-json\/wp\/v2\/posts\/5092","targetHints":{"allow":["GET"]}}],"collection":[{"href":"https:\/\/www.actvism.org\/en\/wp-json\/wp\/v2\/posts"}],"about":[{"href":"https:\/\/www.actvism.org\/en\/wp-json\/wp\/v2\/types\/post"}],"author":[{"embeddable":true,"href":"https:\/\/www.actvism.org\/en\/wp-json\/wp\/v2\/users\/1"}],"replies":[{"embeddable":true,"href":"https:\/\/www.actvism.org\/en\/wp-json\/wp\/v2\/comments?post=5092"}],"version-history":[{"count":0,"href":"https:\/\/www.actvism.org\/en\/wp-json\/wp\/v2\/posts\/5092\/revisions"}],"wp:featuredmedia":[{"embeddable":true,"href":"https:\/\/www.actvism.org\/en\/wp-json\/wp\/v2\/media\/5101"}],"wp:attachment":[{"href":"https:\/\/www.actvism.org\/en\/wp-json\/wp\/v2\/media?parent=5092"}],"wp:term":[{"taxonomy":"category","embeddable":true,"href":"https:\/\/www.actvism.org\/en\/wp-json\/wp\/v2\/categories?post=5092"},{"taxonomy":"post_tag","embeddable":true,"href":"https:\/\/www.actvism.org\/en\/wp-json\/wp\/v2\/tags?post=5092"},{"taxonomy":"channel","embeddable":true,"href":"https:\/\/www.actvism.org\/en\/wp-json\/wp\/v2\/channel?post=5092"}],"curies":[{"name":"wp","href":"https:\/\/api.w.org\/{rel}","templated":true}]}}