{"id":5110,"date":"2019-02-07T12:06:05","date_gmt":"2019-02-07T11:06:05","guid":{"rendered":"https:\/\/www.actvism.org\/?p=5110"},"modified":"2020-11-06T17:48:48","modified_gmt":"2020-11-06T16:48:48","slug":"umweltaktivist-bill-mckibben-klimawandel","status":"publish","type":"post","link":"https:\/\/www.actvism.org\/en\/politics\/umweltaktivist-bill-mckibben-klimawandel\/","title":{"rendered":"American Environmentalist &#038; Activist Bill McKibben on Climate Change, COP Meetings, Activism &#038; Solutions"},"content":{"rendered":"<div class=\"container\">\n<div class=\"row justify-content-md-center\">\n<div class=\"col-md-8 pb-3\">\n<p><strong>American Environmentalist &amp; Activist Bill McKibben on Climate Change, COP Meetings, Activism &amp; Solutions<\/strong><\/p>\n<hr \/>\n<p>In this exclusive interview with environmental activist Bill McKibben, we talk about climate change, the Conference of the Parties (COP) convention generally and their recent meeting in Poland, as well as the latest report by the Intergovernmental Panel on Climate Change (IPCC). We also cover climate action, the current state of the environmental movement in the US and abroad as well as possible solutions that individuals can apply to tackle humanity\u2019s greatest challenge yet.<\/p>\n<div>\n<hr \/>\n<\/div>\n<h2>VIDEO: American Environmentalist &amp; Activist Bill McKibben on Climate Change, COP Meetings, Activism &amp; Solutions<\/h2>\n<p><iframe loading=\"lazy\" title=\"Bill McKibben on Climate Change, COP Meetings, Activism &amp; Solutions\" width=\"500\" height=\"281\" src=\"https:\/\/www.youtube.com\/embed\/p98M9GxSW2c?feature=oembed\" frameborder=\"0\" allow=\"accelerometer; autoplay; clipboard-write; encrypted-media; gyroscope; picture-in-picture; web-share\" referrerpolicy=\"strict-origin-when-cross-origin\" allowfullscreen><\/iframe><\/p>\n<hr \/>\n<p>To read the full transcript of this interview, please <a href=\"https:\/\/www.actvism.org\/wp-content\/uploads\/2019\/02\/Public-Transcript_-332-McKibben.pdf\">click here.<\/a><\/p>\n<p>To view our previous episodes of our program &#8220;The Source&#8221;, please <a href=\"https:\/\/www.youtube.com\/playlist?list=PLhxITUni9OWfafDCm0MVUSzJ1LlgoxHEZ\" target=\"_blank\" rel=\"noopener noreferrer\">click here.<\/a><\/p>\n<hr \/>\n<h2>Donate today to support independent &amp; non-profit media!<\/h2>\n<p><a href=\"https:\/\/www.actvism.org\/en\/donate\/\" target=\"_blank\" rel=\"noopener noreferrer\">Click here<\/a>\u00a0or on the picture below:<\/p>\n<hr \/>\n<p><a href=\"https:\/\/www.actvism.org\/en\/donate\/\" target=\"_blank\" rel=\"noopener noreferrer\"><img loading=\"lazy\" decoding=\"async\" class=\"alignleft wp-image-4434 size-full\" src=\"https:\/\/www.actvism.org\/wp-content\/uploads\/2018\/06\/28_acTVism_Webseite_Donation-Image_EN_700x233px_Future.jpg\" sizes=\"auto, (max-width: 700px) 100vw, 700px\" srcset=\"https:\/\/www.actvism.org\/wp-content\/uploads\/2018\/06\/28_acTVism_Webseite_Donation-Image_EN_700x233px_Future.jpg 700w, https:\/\/www.actvism.org\/wp-content\/uploads\/2018\/06\/28_acTVism_Webseite_Donation-Image_EN_700x233px_Future-300x100.jpg 300w\" width=\"700\" height=\"233\" \/><\/a><\/p>\n<hr \/>\n<h2>ABOUT BILL McKIBBEN<\/h2>\n<p><b><a href=\"https:\/\/www.actvism.org\/wp-content\/uploads\/2019\/01\/mckibben_nancy_battaglia_2009-e1548508959819.jpg\"><img loading=\"lazy\" decoding=\"async\" class=\"alignleft wp-image-5083 \" src=\"https:\/\/www.actvism.org\/wp-content\/uploads\/2019\/01\/mckibben_nancy_battaglia_2009-e1548508959819-150x150.jpg\" alt=\"Bill Mckibben Climate Change acTVism Munich\" width=\"132\" height=\"132\" \/><\/a>Bill McKibben <\/b>is an author and environmentalist who in 2014 was awarded the Right Livelihood Prize, sometimes called the \u2018alternative Nobel. He is a founder of <a href=\"http:\/\/350.org\/\">350.org<\/a>, the first planet-wide, grassroots climate change movement, which has organized twenty \u00a0thousand rallies around the world. A former staff writer for the New Yorker, he writes frequently for a wide variety of publications around the world, including the <i>New York Review of Books<\/i>, <i>National Geographic<\/i>, and <i>Rolling Stone<\/i>.<\/p>\n<p><b>350.org<\/b> uses online campaigns, grassroots organizing, and mass public actions to oppose new coal, oil and gas projects, take money out of the companies that are heating up the planet, and build 100% clean energy solutions that work for all. 350&#8217;s network extends to 188 countries.<\/p>\n<hr \/>\n<p><strong>FEATURED IMAGE CC \/ CREDITS: <\/strong>Nancie Battaglia<\/p>\n<hr \/>\n<\/div><\/div>\n<\/div>\n","protected":false},"excerpt":{"rendered":"<p>In diesem exklusiven Interview mit dem Umweltaktivisten Bill McKibben sprechen wir \u00fcber den Klimawandel, die Vertragsstaatenkonferenz (VSK) allgemein und ihr k\u00fcrzliches Treffen in Polen sowie den letzten Bericht des Intergovernmental Panel on Climate Change (IPCC). <\/p>\n","protected":false},"author":1,"featured_media":5114,"comment_status":"open","ping_status":"open","sticky":false,"template":"","format":"standard","meta":{"_acf_changed":false,"inline_featured_image":false,"footnotes":""},"categories":[1,14],"tags":[],"channel":[],"class_list":["post-5110","post","type-post","status-publish","format-standard","has-post-thumbnail","hentry","category-latest","category-politics"],"translation":{"provider":"WPGlobus","version":"3.0.0","language":"en","enabled_languages":["de","en"],"languages":{"de":{"title":true,"content":true,"excerpt":true},"en":{"title":true,"content":true,"excerpt":false}}},"acf":[],"yoast_head":"<!-- This site is optimized with the Yoast SEO plugin v27.4 - https:\/\/yoast.com\/product\/yoast-seo-wordpress\/ -->\n<title>US-amerikanischer Umweltaktivist Bill McKibben \u00fcber Klimawandel, VSK, Aktivismus &amp; L\u00f6sungsans\u00e4tze<\/title>\n<meta name=\"robots\" content=\"index, follow, max-snippet:-1, max-image-preview:large, max-video-preview:-1\" \/>\n<link rel=\"canonical\" href=\"https:\/\/www.actvism.org\/politics\/umweltaktivist-bill-mckibben-klimawandel\/\" \/>\n<meta property=\"og:locale\" content=\"en_US\" \/>\n<meta property=\"og:type\" content=\"article\" \/>\n<meta property=\"og:title\" content=\"American Environmentalist &amp; Activist Bill McKibben on Climate Change, COP Meetings, Activism &amp; Solutions - acTVism\" \/>\n<meta property=\"og:url\" content=\"https:\/\/www.actvism.org\/politics\/umweltaktivist-bill-mckibben-klimawandel\/\" \/>\n<meta property=\"og:site_name\" content=\"acTVism\" \/>\n<meta property=\"article:publisher\" content=\"https:\/\/facebook.com\/acTVism\" \/>\n<meta property=\"article:published_time\" content=\"2019-02-07T11:06:05+00:00\" \/>\n<meta property=\"article:modified_time\" content=\"2020-11-06T16:48:48+00:00\" \/>\n<meta property=\"og:image\" content=\"https:\/\/www.actvism.org\/wp-content\/uploads\/2019\/02\/BillMcKibbenNancieBattaglia-HighRes-1.jpg\" \/>\n\t<meta property=\"og:image:width\" content=\"1050\" \/>\n\t<meta property=\"og:image:height\" content=\"700\" \/>\n\t<meta property=\"og:image:type\" content=\"image\/jpeg\" \/>\n<meta name=\"author\" content=\"atv_admin\" \/>\n<meta name=\"twitter:card\" content=\"summary_large_image\" \/>\n<meta name=\"twitter:creator\" content=\"@acTVismMunich\" \/>\n<meta name=\"twitter:site\" content=\"@acTVismMunich\" \/>\n<meta name=\"twitter:label1\" content=\"Written by\" \/>\n\t<meta name=\"twitter:data1\" content=\"atv_admin\" \/>\n\t<meta name=\"twitter:label2\" content=\"Est. reading time\" \/>\n\t<meta name=\"twitter:data2\" content=\"3 minutes\" \/>\n<script type=\"application\/ld+json\" class=\"yoast-schema-graph\">{\"@context\":\"https:\\\/\\\/schema.org\",\"@graph\":[{\"@type\":\"Article\",\"@id\":\"https:\\\/\\\/www.actvism.org\\\/politics\\\/umweltaktivist-bill-mckibben-klimawandel\\\/#article\",\"isPartOf\":{\"@id\":\"https:\\\/\\\/www.actvism.org\\\/politics\\\/umweltaktivist-bill-mckibben-klimawandel\\\/\"},\"author\":{\"name\":\"atv_admin\",\"@id\":\"https:\\\/\\\/www.actvism.org\\\/#\\\/schema\\\/person\\\/bc2c8684912eb2289fe0009f5ca451d6\"},\"headline\":\"American Environmentalist &#038; Activist Bill McKibben on Climate Change, COP Meetings, Activism &#038; Solutions\",\"datePublished\":\"2019-02-07T11:06:05+00:00\",\"dateModified\":\"2020-11-06T16:48:48+00:00\",\"mainEntityOfPage\":{\"@id\":\"https:\\\/\\\/www.actvism.org\\\/politics\\\/umweltaktivist-bill-mckibben-klimawandel\\\/\"},\"wordCount\":591,\"commentCount\":2,\"publisher\":{\"@id\":\"https:\\\/\\\/www.actvism.org\\\/#organization\"},\"image\":{\"@id\":\"https:\\\/\\\/www.actvism.org\\\/politics\\\/umweltaktivist-bill-mckibben-klimawandel\\\/#primaryimage\"},\"thumbnailUrl\":\"https:\\\/\\\/www.actvism.org\\\/wp-content\\\/uploads\\\/2019\\\/02\\\/BillMcKibbenNancieBattaglia-HighRes-1.jpg\",\"articleSection\":[\"LATEST\",\"OUR CONTENT\"],\"inLanguage\":\"en-US\",\"potentialAction\":[{\"@type\":\"CommentAction\",\"name\":\"Comment\",\"target\":[\"https:\\\/\\\/www.actvism.org\\\/politics\\\/umweltaktivist-bill-mckibben-klimawandel\\\/#respond\"]}]},{\"@type\":\"WebPage\",\"@id\":\"https:\\\/\\\/www.actvism.org\\\/politics\\\/umweltaktivist-bill-mckibben-klimawandel\\\/\",\"url\":\"https:\\\/\\\/www.actvism.org\\\/politics\\\/umweltaktivist-bill-mckibben-klimawandel\\\/\",\"name\":\"US-amerikanischer Umweltaktivist Bill McKibben \u00fcber Klimawandel, VSK, Aktivismus & L\u00f6sungsans\u00e4tze\",\"isPartOf\":{\"@id\":\"https:\\\/\\\/www.actvism.org\\\/#website\"},\"primaryImageOfPage\":{\"@id\":\"https:\\\/\\\/www.actvism.org\\\/politics\\\/umweltaktivist-bill-mckibben-klimawandel\\\/#primaryimage\"},\"image\":{\"@id\":\"https:\\\/\\\/www.actvism.org\\\/politics\\\/umweltaktivist-bill-mckibben-klimawandel\\\/#primaryimage\"},\"thumbnailUrl\":\"https:\\\/\\\/www.actvism.org\\\/wp-content\\\/uploads\\\/2019\\\/02\\\/BillMcKibbenNancieBattaglia-HighRes-1.jpg\",\"datePublished\":\"2019-02-07T11:06:05+00:00\",\"dateModified\":\"2020-11-06T16:48:48+00:00\",\"description\":\"In diesem exklusiven Interview mit dem Umweltaktivisten Bill McKibben sprechen wir \u00fcber den Klimawandel, die Vertragsstaatenkonferenz (VSK) ...\",\"inLanguage\":\"en-US\",\"potentialAction\":[{\"@type\":\"ReadAction\",\"target\":[\"https:\\\/\\\/www.actvism.org\\\/politics\\\/umweltaktivist-bill-mckibben-klimawandel\\\/\"]}]},{\"@type\":\"ImageObject\",\"inLanguage\":\"en-US\",\"@id\":\"https:\\\/\\\/www.actvism.org\\\/politics\\\/umweltaktivist-bill-mckibben-klimawandel\\\/#primaryimage\",\"url\":\"https:\\\/\\\/www.actvism.org\\\/wp-content\\\/uploads\\\/2019\\\/02\\\/BillMcKibbenNancieBattaglia-HighRes-1.jpg\",\"contentUrl\":\"https:\\\/\\\/www.actvism.org\\\/wp-content\\\/uploads\\\/2019\\\/02\\\/BillMcKibbenNancieBattaglia-HighRes-1.jpg\",\"width\":1050,\"height\":700,\"caption\":\"acTVism Munich & Bill McKibben 350.org\"},{\"@type\":\"WebSite\",\"@id\":\"https:\\\/\\\/www.actvism.org\\\/#website\",\"url\":\"https:\\\/\\\/www.actvism.org\\\/\",\"name\":\"acTVism\",\"description\":\"information that moves\",\"publisher\":{\"@id\":\"https:\\\/\\\/www.actvism.org\\\/#organization\"},\"potentialAction\":[{\"@type\":\"SearchAction\",\"target\":{\"@type\":\"EntryPoint\",\"urlTemplate\":\"https:\\\/\\\/www.actvism.org\\\/?s={search_term_string}\"},\"query-input\":{\"@type\":\"PropertyValueSpecification\",\"valueRequired\":true,\"valueName\":\"search_term_string\"}}],\"inLanguage\":\"en-US\"},{\"@type\":\"Organization\",\"@id\":\"https:\\\/\\\/www.actvism.org\\\/#organization\",\"name\":\"acTVism Munich e.V.\",\"url\":\"https:\\\/\\\/www.actvism.org\\\/\",\"logo\":{\"@type\":\"ImageObject\",\"inLanguage\":\"en-US\",\"@id\":\"https:\\\/\\\/www.actvism.org\\\/#\\\/schema\\\/logo\\\/image\\\/\",\"url\":\"https:\\\/\\\/www.actvism.org\\\/wp-content\\\/uploads\\\/2020\\\/11\\\/logo.svg\",\"contentUrl\":\"https:\\\/\\\/www.actvism.org\\\/wp-content\\\/uploads\\\/2020\\\/11\\\/logo.svg\",\"width\":200,\"height\":57,\"caption\":\"acTVism Munich e.V.\"},\"image\":{\"@id\":\"https:\\\/\\\/www.actvism.org\\\/#\\\/schema\\\/logo\\\/image\\\/\"},\"sameAs\":[\"https:\\\/\\\/facebook.com\\\/acTVism\",\"https:\\\/\\\/x.com\\\/acTVismMunich\"]},{\"@type\":\"Person\",\"@id\":\"https:\\\/\\\/www.actvism.org\\\/#\\\/schema\\\/person\\\/bc2c8684912eb2289fe0009f5ca451d6\",\"name\":\"atv_admin\",\"image\":{\"@type\":\"ImageObject\",\"inLanguage\":\"en-US\",\"@id\":\"https:\\\/\\\/secure.gravatar.com\\\/avatar\\\/53465926e4246ee1b807a849c23197531fd45c1bcd02682ada54ddb12eaa7a6d?s=96&d=mm&r=g\",\"url\":\"https:\\\/\\\/secure.gravatar.com\\\/avatar\\\/53465926e4246ee1b807a849c23197531fd45c1bcd02682ada54ddb12eaa7a6d?s=96&d=mm&r=g\",\"contentUrl\":\"https:\\\/\\\/secure.gravatar.com\\\/avatar\\\/53465926e4246ee1b807a849c23197531fd45c1bcd02682ada54ddb12eaa7a6d?s=96&d=mm&r=g\",\"caption\":\"atv_admin\"},\"url\":\"https:\\\/\\\/www.actvism.org\\\/en\\\/author\\\/atv_admin\\\/\"}]}<\/script>\n<!-- \/ Yoast SEO plugin. -->","yoast_head_json":{"title":"US-amerikanischer Umweltaktivist Bill McKibben \u00fcber Klimawandel, VSK, Aktivismus & L\u00f6sungsans\u00e4tze","robots":{"index":"index","follow":"follow","max-snippet":"max-snippet:-1","max-image-preview":"max-image-preview:large","max-video-preview":"max-video-preview:-1"},"canonical":"https:\/\/www.actvism.org\/politics\/umweltaktivist-bill-mckibben-klimawandel\/","og_locale":"en_US","og_type":"article","og_title":"American Environmentalist & Activist Bill McKibben on Climate Change, COP Meetings, Activism & Solutions - acTVism","og_url":"https:\/\/www.actvism.org\/politics\/umweltaktivist-bill-mckibben-klimawandel\/","og_site_name":"acTVism","article_publisher":"https:\/\/facebook.com\/acTVism","article_published_time":"2019-02-07T11:06:05+00:00","article_modified_time":"2020-11-06T16:48:48+00:00","og_image":[{"width":1050,"height":700,"url":"https:\/\/www.actvism.org\/wp-content\/uploads\/2019\/02\/BillMcKibbenNancieBattaglia-HighRes-1.jpg","type":"image\/jpeg"}],"author":"atv_admin","twitter_card":"summary_large_image","twitter_creator":"@acTVismMunich","twitter_site":"@acTVismMunich","twitter_misc":{"Written by":"atv_admin","Est. reading time":"3 minutes"},"schema":{"@context":"https:\/\/schema.org","@graph":[{"@type":"Article","@id":"https:\/\/www.actvism.org\/politics\/umweltaktivist-bill-mckibben-klimawandel\/#article","isPartOf":{"@id":"https:\/\/www.actvism.org\/politics\/umweltaktivist-bill-mckibben-klimawandel\/"},"author":{"name":"atv_admin","@id":"https:\/\/www.actvism.org\/#\/schema\/person\/bc2c8684912eb2289fe0009f5ca451d6"},"headline":"American Environmentalist &#038; Activist Bill McKibben on Climate Change, COP Meetings, Activism &#038; Solutions","datePublished":"2019-02-07T11:06:05+00:00","dateModified":"2020-11-06T16:48:48+00:00","mainEntityOfPage":{"@id":"https:\/\/www.actvism.org\/politics\/umweltaktivist-bill-mckibben-klimawandel\/"},"wordCount":591,"commentCount":2,"publisher":{"@id":"https:\/\/www.actvism.org\/#organization"},"image":{"@id":"https:\/\/www.actvism.org\/politics\/umweltaktivist-bill-mckibben-klimawandel\/#primaryimage"},"thumbnailUrl":"https:\/\/www.actvism.org\/wp-content\/uploads\/2019\/02\/BillMcKibbenNancieBattaglia-HighRes-1.jpg","articleSection":["LATEST","OUR CONTENT"],"inLanguage":"en-US","potentialAction":[{"@type":"CommentAction","name":"Comment","target":["https:\/\/www.actvism.org\/politics\/umweltaktivist-bill-mckibben-klimawandel\/#respond"]}]},{"@type":"WebPage","@id":"https:\/\/www.actvism.org\/politics\/umweltaktivist-bill-mckibben-klimawandel\/","url":"https:\/\/www.actvism.org\/politics\/umweltaktivist-bill-mckibben-klimawandel\/","name":"US-amerikanischer Umweltaktivist Bill McKibben \u00fcber Klimawandel, VSK, Aktivismus & L\u00f6sungsans\u00e4tze","isPartOf":{"@id":"https:\/\/www.actvism.org\/#website"},"primaryImageOfPage":{"@id":"https:\/\/www.actvism.org\/politics\/umweltaktivist-bill-mckibben-klimawandel\/#primaryimage"},"image":{"@id":"https:\/\/www.actvism.org\/politics\/umweltaktivist-bill-mckibben-klimawandel\/#primaryimage"},"thumbnailUrl":"https:\/\/www.actvism.org\/wp-content\/uploads\/2019\/02\/BillMcKibbenNancieBattaglia-HighRes-1.jpg","datePublished":"2019-02-07T11:06:05+00:00","dateModified":"2020-11-06T16:48:48+00:00","description":"In diesem exklusiven Interview mit dem Umweltaktivisten Bill McKibben sprechen wir \u00fcber den Klimawandel, die Vertragsstaatenkonferenz (VSK) ...","inLanguage":"en-US","potentialAction":[{"@type":"ReadAction","target":["https:\/\/www.actvism.org\/politics\/umweltaktivist-bill-mckibben-klimawandel\/"]}]},{"@type":"ImageObject","inLanguage":"en-US","@id":"https:\/\/www.actvism.org\/politics\/umweltaktivist-bill-mckibben-klimawandel\/#primaryimage","url":"https:\/\/www.actvism.org\/wp-content\/uploads\/2019\/02\/BillMcKibbenNancieBattaglia-HighRes-1.jpg","contentUrl":"https:\/\/www.actvism.org\/wp-content\/uploads\/2019\/02\/BillMcKibbenNancieBattaglia-HighRes-1.jpg","width":1050,"height":700,"caption":"acTVism Munich & Bill McKibben 350.org"},{"@type":"WebSite","@id":"https:\/\/www.actvism.org\/#website","url":"https:\/\/www.actvism.org\/","name":"acTVism","description":"information that moves","publisher":{"@id":"https:\/\/www.actvism.org\/#organization"},"potentialAction":[{"@type":"SearchAction","target":{"@type":"EntryPoint","urlTemplate":"https:\/\/www.actvism.org\/?s={search_term_string}"},"query-input":{"@type":"PropertyValueSpecification","valueRequired":true,"valueName":"search_term_string"}}],"inLanguage":"en-US"},{"@type":"Organization","@id":"https:\/\/www.actvism.org\/#organization","name":"acTVism Munich e.V.","url":"https:\/\/www.actvism.org\/","logo":{"@type":"ImageObject","inLanguage":"en-US","@id":"https:\/\/www.actvism.org\/#\/schema\/logo\/image\/","url":"https:\/\/www.actvism.org\/wp-content\/uploads\/2020\/11\/logo.svg","contentUrl":"https:\/\/www.actvism.org\/wp-content\/uploads\/2020\/11\/logo.svg","width":200,"height":57,"caption":"acTVism Munich e.V."},"image":{"@id":"https:\/\/www.actvism.org\/#\/schema\/logo\/image\/"},"sameAs":["https:\/\/facebook.com\/acTVism","https:\/\/x.com\/acTVismMunich"]},{"@type":"Person","@id":"https:\/\/www.actvism.org\/#\/schema\/person\/bc2c8684912eb2289fe0009f5ca451d6","name":"atv_admin","image":{"@type":"ImageObject","inLanguage":"en-US","@id":"https:\/\/secure.gravatar.com\/avatar\/53465926e4246ee1b807a849c23197531fd45c1bcd02682ada54ddb12eaa7a6d?s=96&d=mm&r=g","url":"https:\/\/secure.gravatar.com\/avatar\/53465926e4246ee1b807a849c23197531fd45c1bcd02682ada54ddb12eaa7a6d?s=96&d=mm&r=g","contentUrl":"https:\/\/secure.gravatar.com\/avatar\/53465926e4246ee1b807a849c23197531fd45c1bcd02682ada54ddb12eaa7a6d?s=96&d=mm&r=g","caption":"atv_admin"},"url":"https:\/\/www.actvism.org\/en\/author\/atv_admin\/"}]}},"_links":{"self":[{"href":"https:\/\/www.actvism.org\/en\/wp-json\/wp\/v2\/posts\/5110","targetHints":{"allow":["GET"]}}],"collection":[{"href":"https:\/\/www.actvism.org\/en\/wp-json\/wp\/v2\/posts"}],"about":[{"href":"https:\/\/www.actvism.org\/en\/wp-json\/wp\/v2\/types\/post"}],"author":[{"embeddable":true,"href":"https:\/\/www.actvism.org\/en\/wp-json\/wp\/v2\/users\/1"}],"replies":[{"embeddable":true,"href":"https:\/\/www.actvism.org\/en\/wp-json\/wp\/v2\/comments?post=5110"}],"version-history":[{"count":0,"href":"https:\/\/www.actvism.org\/en\/wp-json\/wp\/v2\/posts\/5110\/revisions"}],"wp:featuredmedia":[{"embeddable":true,"href":"https:\/\/www.actvism.org\/en\/wp-json\/wp\/v2\/media\/5114"}],"wp:attachment":[{"href":"https:\/\/www.actvism.org\/en\/wp-json\/wp\/v2\/media?parent=5110"}],"wp:term":[{"taxonomy":"category","embeddable":true,"href":"https:\/\/www.actvism.org\/en\/wp-json\/wp\/v2\/categories?post=5110"},{"taxonomy":"post_tag","embeddable":true,"href":"https:\/\/www.actvism.org\/en\/wp-json\/wp\/v2\/tags?post=5110"},{"taxonomy":"channel","embeddable":true,"href":"https:\/\/www.actvism.org\/en\/wp-json\/wp\/v2\/channel?post=5110"}],"curies":[{"name":"wp","href":"https:\/\/api.w.org\/{rel}","templated":true}]}}