{"id":5490,"date":"2019-06-19T14:59:24","date_gmt":"2019-06-19T12:59:24","guid":{"rendered":"https:\/\/www.actvism.org\/?p=5490"},"modified":"2020-11-06T17:48:46","modified_gmt":"2020-11-06T16:48:46","slug":"wohnungs-mietpolitik-mieterverein","status":"publish","type":"post","link":"https:\/\/www.actvism.org\/en\/politics\/wohnungs-mietpolitik-mieterverein\/","title":{"rendered":"Soziale &#038; \u00f6kologische Wohnungs- und Mietpolitik | DMB Mieterverein M\u00fcnchen e.V."},"content":{"rendered":"<div class=\"container\">\n<div class=\"row justify-content-md-center\">\n<div class=\"col-md-8 pb-3\">\n<p><em>Due to limited financial &amp; technical resources as a non-profit and volunteer-based organization, we were unable to translate the following content into English.<\/em><\/p>\n<hr \/>\n<p><strong>Soziale &amp; \u00f6kologische Wohnungs- und Mietpolitik | DMB Mieterverein M\u00fcnchen e.V.<\/strong><\/p>\n<hr \/>\n<p>In diesem Interview mit Beatrix Zurek stellen wir den Verein \u201cMieterverein M\u00fcnchen im Deutschen Mieterbund e.V.\u201d vor. Er ber\u00e4t nicht nur seine Mitglieder in Rechtsfragen, sondern setzt sich auch in Politik und Verwaltung daf\u00fcr ein, dass die vielger\u00fchmte \u201eM\u00fcnchner Mischung\u201c erhalten werden kann. Zus\u00e4tzlich wird \u00fcber die aktuelle Wohnungssituation in M\u00fcnchen diskutiert und was der Einzelne tun kann, um diese zu verbessern.<br \/>\nUm mehr \u00fcber den Mieterverein M\u00fcnchen zu erfahren, <a href=\"https:\/\/www.mieterverein-muenchen.de\/ueber-uns\/aufgaben-ziele\/\">klicken Sie hier<\/a>.<\/p>\n<p><em>Bemerkung: Der Mieterverein M\u00fcnchen hat am 29. Mai seinen Vorstand gew\u00e4hlt. Beatrix Zurek sprachen die Mitglieder erneut als Vorsitzende das Vertrauen aus, ihre Stellvertreterinnen sind Anne H\u00fcbner und Simone Burger.<\/em><\/p>\n<hr \/>\n<h2>VIDEO: Soziale und \u00f6kologische Wohnungs- &amp; Mietpolitik | DMB Mieterverein M\u00fcnchen e.V.<\/h2>\n<p><iframe loading=\"lazy\" title=\"Soziale und \u00f6kologische Wohnungs- &amp; Mietpolitik | DMB Mieterverein M\u00fcnchen e.V.\" width=\"500\" height=\"281\" src=\"https:\/\/www.youtube.com\/embed\/qU10QbAK8mM?feature=oembed\" frameborder=\"0\" allow=\"accelerometer; autoplay; clipboard-write; encrypted-media; gyroscope; picture-in-picture; web-share\" referrerpolicy=\"strict-origin-when-cross-origin\" allowfullscreen><\/iframe><\/p>\n<hr \/>\n<p><span class=\"_5yl5\">Wenn Sie weitere Vereine &amp; Organisationen kennenlernen m\u00f6chten, die mit l\u00f6sungsorientierter Arbeit Tag f\u00fcr Tag einen Beitrag leisten, besuchen Sie unsere\u00a0<a href=\"https:\/\/www.youtube.com\/playlist?list=PLhxITUni9OWfFwQoV6CqiIq80SKrhHBPW\" target=\"_blank\" rel=\"noopener noreferrer\">YouTube-Playlist \u201eDer Funke\u201c.<\/a><\/span><\/p>\n<hr \/>\n<h2>\u00dcBER DMB Mieterverein M\u00fcnchen e.V.<\/h2>\n<p><a href=\"https:\/\/www.actvism.org\/wp-content\/uploads\/2019\/06\/logo.jpg\"><img loading=\"lazy\" decoding=\"async\" class=\"alignleft wp-image-5491\" src=\"https:\/\/www.actvism.org\/wp-content\/uploads\/2019\/06\/logo-150x150.jpg\" alt=\"\" width=\"102\" height=\"102\" srcset=\"https:\/\/www.actvism.org\/wp-content\/uploads\/2019\/06\/logo-150x150.jpg 150w, https:\/\/www.actvism.org\/wp-content\/uploads\/2019\/06\/logo-405x400.jpg 405w\" sizes=\"auto, (max-width: 102px) 100vw, 102px\" \/><\/a>Der <strong>Mieterverein M\u00fcnchen im Deutschen Mieterbund e.V.<\/strong>, abgek\u00fcrzt mit DMB Mieterverein M\u00fcnchen e.V., steht auf demokratischer Grundlage und vertritt unter Ausschluss parteipolitischer Bestrebungen die Interessen der Mieter. Er ber\u00e4t nicht nur seine Mitglieder in Rechtsfragen, sondern setzt sich auch in Politik und Verwaltung daf\u00fcr ein, dass die vielger\u00fchmte \u201eM\u00fcnchner Mischung\u201c erhalten werden kann. Denn l\u00e4ngst werden nicht nur die sozial Schwachen aus M\u00fcnchen verdr\u00e4ngt; inzwischen k\u00f6nnen oft nicht einmal mehr Mittelst\u00e4ndler die M\u00fcnchner Mieten zahlen. Doch in M\u00fcnchen muss es auch f\u00fcr Rentner, f\u00fcr Familien, f\u00fcr Angestellte, f\u00fcr Studenten, f\u00fcr Auszubildende und Berufsanf\u00e4nger bezahlbare Wohnungen geben. Der Verein setzt sich unter Anderem ein f\u00fcr die Verwirklichung einer sozialen und \u00f6kologischen Wohnungs-und Mietenpolitik, f\u00fcr die F\u00f6rderung einer sozialen und \u00f6kologischen Wohnungswirtschaft sowie die Verbesserung der Wohnverh\u00e4ltnisse.<\/p>\n<hr \/>\n<p><strong>Quelle des Beitragbildes:<\/strong><\/p>\n<ul>\n<li>Quelle\/Link: https:\/\/pixabay.com\/de\/photos\/m%C3%BCnchen-olympiaberg-olympiastadium-1558682\/<\/li>\n<li>Autor: <a class=\"hover_opacity\" href=\"https:\/\/pixabay.com\/de\/users\/designerpoint-554875\/\">designerpoint<\/a><\/li>\n<li>\n<div><a href=\"https:\/\/pixabay.com\/de\/service\/license\/\">Pixabay License<\/a><\/div>\n<\/li>\n<li>\n<div>\n<div>Freie kommerzielle Nutzung, Kein Bildnachweis n\u00f6tig<\/div>\n<\/div>\n<\/li>\n<\/ul>\n<hr \/>\n<\/div><\/div>\n<\/div>\n","protected":false},"excerpt":{"rendered":"<p>Due to limited financial &#038; technical resources as a non-profit and volunteer-based organization, we were unable to translate the following content into English.<\/p>\n","protected":false},"author":1,"featured_media":0,"comment_status":"open","ping_status":"open","sticky":false,"template":"","format":"standard","meta":{"_acf_changed":false,"inline_featured_image":false,"footnotes":""},"categories":[1,14],"tags":[],"channel":[],"class_list":["post-5490","post","type-post","status-publish","format-standard","hentry","category-latest","category-politics"],"translation":{"provider":"WPGlobus","version":"3.0.0","language":"en","enabled_languages":["de","en"],"languages":{"de":{"title":true,"content":true,"excerpt":true},"en":{"title":true,"content":true,"excerpt":true}}},"acf":[],"yoast_head":"<!-- This site is optimized with the Yoast SEO plugin v27.5 - https:\/\/yoast.com\/product\/yoast-seo-wordpress\/ -->\n<title>Soziale &amp; \u00f6kologische Wohnungs- und Mietpolitik | DMB Mieterverein M\u00fcnchen e.V.<\/title>\n<meta name=\"robots\" content=\"index, follow, max-snippet:-1, max-image-preview:large, max-video-preview:-1\" \/>\n<link rel=\"canonical\" href=\"https:\/\/www.actvism.org\/politics\/wohnungs-mietpolitik-mieterverein\/\" \/>\n<meta property=\"og:locale\" content=\"en_US\" \/>\n<meta property=\"og:type\" content=\"article\" \/>\n<meta property=\"og:title\" content=\"Soziale &amp; \u00f6kologische Wohnungs- und Mietpolitik | DMB Mieterverein M\u00fcnchen e.V. - acTVism\" \/>\n<meta property=\"og:url\" content=\"https:\/\/www.actvism.org\/politics\/wohnungs-mietpolitik-mieterverein\/\" \/>\n<meta property=\"og:site_name\" content=\"acTVism\" \/>\n<meta property=\"article:publisher\" content=\"https:\/\/facebook.com\/acTVism\" \/>\n<meta property=\"article:published_time\" content=\"2019-06-19T12:59:24+00:00\" \/>\n<meta property=\"article:modified_time\" content=\"2020-11-06T16:48:46+00:00\" \/>\n<meta property=\"og:image\" content=\"https:\/\/www.actvism.org\/wp-content\/uploads\/2019\/06\/348_Funke_Mieterverein.jpg\" \/>\n\t<meta property=\"og:image:width\" content=\"1280\" \/>\n\t<meta property=\"og:image:height\" content=\"700\" \/>\n\t<meta property=\"og:image:type\" content=\"image\/jpeg\" \/>\n<meta name=\"author\" content=\"atv_admin\" \/>\n<meta name=\"twitter:card\" content=\"summary_large_image\" \/>\n<meta name=\"twitter:creator\" content=\"@acTVismMunich\" \/>\n<meta name=\"twitter:site\" content=\"@acTVismMunich\" \/>\n<meta name=\"twitter:label1\" content=\"Written by\" \/>\n\t<meta name=\"twitter:data1\" content=\"atv_admin\" \/>\n\t<meta name=\"twitter:label2\" content=\"Est. reading time\" \/>\n\t<meta name=\"twitter:data2\" content=\"4 minutes\" \/>\n<script type=\"application\/ld+json\" class=\"yoast-schema-graph\">{\"@context\":\"https:\\\/\\\/schema.org\",\"@graph\":[{\"@type\":\"Article\",\"@id\":\"https:\\\/\\\/www.actvism.org\\\/politics\\\/wohnungs-mietpolitik-mieterverein\\\/#article\",\"isPartOf\":{\"@id\":\"https:\\\/\\\/www.actvism.org\\\/politics\\\/wohnungs-mietpolitik-mieterverein\\\/\"},\"author\":{\"name\":\"atv_admin\",\"@id\":\"https:\\\/\\\/www.actvism.org\\\/#\\\/schema\\\/person\\\/bc2c8684912eb2289fe0009f5ca451d6\"},\"headline\":\"Soziale &#038; \u00f6kologische Wohnungs- und Mietpolitik | DMB Mieterverein M\u00fcnchen e.V.\",\"datePublished\":\"2019-06-19T12:59:24+00:00\",\"dateModified\":\"2020-11-06T16:48:46+00:00\",\"mainEntityOfPage\":{\"@id\":\"https:\\\/\\\/www.actvism.org\\\/politics\\\/wohnungs-mietpolitik-mieterverein\\\/\"},\"wordCount\":757,\"commentCount\":0,\"publisher\":{\"@id\":\"https:\\\/\\\/www.actvism.org\\\/#organization\"},\"image\":{\"@id\":\"https:\\\/\\\/www.actvism.org\\\/politics\\\/wohnungs-mietpolitik-mieterverein\\\/#primaryimage\"},\"thumbnailUrl\":\"https:\\\/\\\/www.actvism.org\\\/wp-content\\\/uploads\\\/2019\\\/06\\\/logo-150x150.jpg\",\"articleSection\":[\"LATEST\",\"OUR CONTENT\"],\"inLanguage\":\"en-US\",\"potentialAction\":[{\"@type\":\"CommentAction\",\"name\":\"Comment\",\"target\":[\"https:\\\/\\\/www.actvism.org\\\/politics\\\/wohnungs-mietpolitik-mieterverein\\\/#respond\"]}]},{\"@type\":\"WebPage\",\"@id\":\"https:\\\/\\\/www.actvism.org\\\/politics\\\/wohnungs-mietpolitik-mieterverein\\\/\",\"url\":\"https:\\\/\\\/www.actvism.org\\\/politics\\\/wohnungs-mietpolitik-mieterverein\\\/\",\"name\":\"Soziale & \u00f6kologische Wohnungs- und Mietpolitik | DMB Mieterverein M\u00fcnchen e.V.\",\"isPartOf\":{\"@id\":\"https:\\\/\\\/www.actvism.org\\\/#website\"},\"primaryImageOfPage\":{\"@id\":\"https:\\\/\\\/www.actvism.org\\\/politics\\\/wohnungs-mietpolitik-mieterverein\\\/#primaryimage\"},\"image\":{\"@id\":\"https:\\\/\\\/www.actvism.org\\\/politics\\\/wohnungs-mietpolitik-mieterverein\\\/#primaryimage\"},\"thumbnailUrl\":\"https:\\\/\\\/www.actvism.org\\\/wp-content\\\/uploads\\\/2019\\\/06\\\/logo-150x150.jpg\",\"datePublished\":\"2019-06-19T12:59:24+00:00\",\"dateModified\":\"2020-11-06T16:48:46+00:00\",\"description\":\"In diesem Interview mit Beatrix Zurek stellen wir den Verein \u201cMieterverein M\u00fcnchen im Deutschen Mieterbund e.V.\u201d vor. | acTVism Munich\",\"inLanguage\":\"en-US\",\"potentialAction\":[{\"@type\":\"ReadAction\",\"target\":[\"https:\\\/\\\/www.actvism.org\\\/politics\\\/wohnungs-mietpolitik-mieterverein\\\/\"]}]},{\"@type\":\"ImageObject\",\"inLanguage\":\"en-US\",\"@id\":\"https:\\\/\\\/www.actvism.org\\\/politics\\\/wohnungs-mietpolitik-mieterverein\\\/#primaryimage\",\"url\":\"https:\\\/\\\/www.actvism.org\\\/wp-content\\\/uploads\\\/2019\\\/06\\\/logo-150x150.jpg\",\"contentUrl\":\"https:\\\/\\\/www.actvism.org\\\/wp-content\\\/uploads\\\/2019\\\/06\\\/logo-150x150.jpg\"},{\"@type\":\"WebSite\",\"@id\":\"https:\\\/\\\/www.actvism.org\\\/#website\",\"url\":\"https:\\\/\\\/www.actvism.org\\\/\",\"name\":\"acTVism\",\"description\":\"information that moves\",\"publisher\":{\"@id\":\"https:\\\/\\\/www.actvism.org\\\/#organization\"},\"potentialAction\":[{\"@type\":\"SearchAction\",\"target\":{\"@type\":\"EntryPoint\",\"urlTemplate\":\"https:\\\/\\\/www.actvism.org\\\/?s={search_term_string}\"},\"query-input\":{\"@type\":\"PropertyValueSpecification\",\"valueRequired\":true,\"valueName\":\"search_term_string\"}}],\"inLanguage\":\"en-US\"},{\"@type\":\"Organization\",\"@id\":\"https:\\\/\\\/www.actvism.org\\\/#organization\",\"name\":\"acTVism Munich e.V.\",\"url\":\"https:\\\/\\\/www.actvism.org\\\/\",\"logo\":{\"@type\":\"ImageObject\",\"inLanguage\":\"en-US\",\"@id\":\"https:\\\/\\\/www.actvism.org\\\/#\\\/schema\\\/logo\\\/image\\\/\",\"url\":\"https:\\\/\\\/www.actvism.org\\\/wp-content\\\/uploads\\\/2020\\\/11\\\/logo.svg\",\"contentUrl\":\"https:\\\/\\\/www.actvism.org\\\/wp-content\\\/uploads\\\/2020\\\/11\\\/logo.svg\",\"width\":200,\"height\":57,\"caption\":\"acTVism Munich e.V.\"},\"image\":{\"@id\":\"https:\\\/\\\/www.actvism.org\\\/#\\\/schema\\\/logo\\\/image\\\/\"},\"sameAs\":[\"https:\\\/\\\/facebook.com\\\/acTVism\",\"https:\\\/\\\/x.com\\\/acTVismMunich\"]},{\"@type\":\"Person\",\"@id\":\"https:\\\/\\\/www.actvism.org\\\/#\\\/schema\\\/person\\\/bc2c8684912eb2289fe0009f5ca451d6\",\"name\":\"atv_admin\",\"image\":{\"@type\":\"ImageObject\",\"inLanguage\":\"en-US\",\"@id\":\"https:\\\/\\\/secure.gravatar.com\\\/avatar\\\/53465926e4246ee1b807a849c23197531fd45c1bcd02682ada54ddb12eaa7a6d?s=96&d=mm&r=g\",\"url\":\"https:\\\/\\\/secure.gravatar.com\\\/avatar\\\/53465926e4246ee1b807a849c23197531fd45c1bcd02682ada54ddb12eaa7a6d?s=96&d=mm&r=g\",\"contentUrl\":\"https:\\\/\\\/secure.gravatar.com\\\/avatar\\\/53465926e4246ee1b807a849c23197531fd45c1bcd02682ada54ddb12eaa7a6d?s=96&d=mm&r=g\",\"caption\":\"atv_admin\"},\"url\":\"https:\\\/\\\/www.actvism.org\\\/en\\\/author\\\/atv_admin\\\/\"}]}<\/script>\n<!-- \/ Yoast SEO plugin. -->","yoast_head_json":{"title":"Soziale & \u00f6kologische Wohnungs- und Mietpolitik | DMB Mieterverein M\u00fcnchen e.V.","robots":{"index":"index","follow":"follow","max-snippet":"max-snippet:-1","max-image-preview":"max-image-preview:large","max-video-preview":"max-video-preview:-1"},"canonical":"https:\/\/www.actvism.org\/politics\/wohnungs-mietpolitik-mieterverein\/","og_locale":"en_US","og_type":"article","og_title":"Soziale & \u00f6kologische Wohnungs- und Mietpolitik | DMB Mieterverein M\u00fcnchen e.V. - acTVism","og_url":"https:\/\/www.actvism.org\/politics\/wohnungs-mietpolitik-mieterverein\/","og_site_name":"acTVism","article_publisher":"https:\/\/facebook.com\/acTVism","article_published_time":"2019-06-19T12:59:24+00:00","article_modified_time":"2020-11-06T16:48:46+00:00","og_image":[{"width":1280,"height":700,"url":"https:\/\/www.actvism.org\/wp-content\/uploads\/2019\/06\/348_Funke_Mieterverein.jpg","type":"image\/jpeg"}],"author":"atv_admin","twitter_card":"summary_large_image","twitter_creator":"@acTVismMunich","twitter_site":"@acTVismMunich","twitter_misc":{"Written by":"atv_admin","Est. reading time":"4 minutes"},"schema":{"@context":"https:\/\/schema.org","@graph":[{"@type":"Article","@id":"https:\/\/www.actvism.org\/politics\/wohnungs-mietpolitik-mieterverein\/#article","isPartOf":{"@id":"https:\/\/www.actvism.org\/politics\/wohnungs-mietpolitik-mieterverein\/"},"author":{"name":"atv_admin","@id":"https:\/\/www.actvism.org\/#\/schema\/person\/bc2c8684912eb2289fe0009f5ca451d6"},"headline":"Soziale &#038; \u00f6kologische Wohnungs- und Mietpolitik | DMB Mieterverein M\u00fcnchen e.V.","datePublished":"2019-06-19T12:59:24+00:00","dateModified":"2020-11-06T16:48:46+00:00","mainEntityOfPage":{"@id":"https:\/\/www.actvism.org\/politics\/wohnungs-mietpolitik-mieterverein\/"},"wordCount":757,"commentCount":0,"publisher":{"@id":"https:\/\/www.actvism.org\/#organization"},"image":{"@id":"https:\/\/www.actvism.org\/politics\/wohnungs-mietpolitik-mieterverein\/#primaryimage"},"thumbnailUrl":"https:\/\/www.actvism.org\/wp-content\/uploads\/2019\/06\/logo-150x150.jpg","articleSection":["LATEST","OUR CONTENT"],"inLanguage":"en-US","potentialAction":[{"@type":"CommentAction","name":"Comment","target":["https:\/\/www.actvism.org\/politics\/wohnungs-mietpolitik-mieterverein\/#respond"]}]},{"@type":"WebPage","@id":"https:\/\/www.actvism.org\/politics\/wohnungs-mietpolitik-mieterverein\/","url":"https:\/\/www.actvism.org\/politics\/wohnungs-mietpolitik-mieterverein\/","name":"Soziale & \u00f6kologische Wohnungs- und Mietpolitik | DMB Mieterverein M\u00fcnchen e.V.","isPartOf":{"@id":"https:\/\/www.actvism.org\/#website"},"primaryImageOfPage":{"@id":"https:\/\/www.actvism.org\/politics\/wohnungs-mietpolitik-mieterverein\/#primaryimage"},"image":{"@id":"https:\/\/www.actvism.org\/politics\/wohnungs-mietpolitik-mieterverein\/#primaryimage"},"thumbnailUrl":"https:\/\/www.actvism.org\/wp-content\/uploads\/2019\/06\/logo-150x150.jpg","datePublished":"2019-06-19T12:59:24+00:00","dateModified":"2020-11-06T16:48:46+00:00","description":"In diesem Interview mit Beatrix Zurek stellen wir den Verein \u201cMieterverein M\u00fcnchen im Deutschen Mieterbund e.V.\u201d vor. | acTVism Munich","inLanguage":"en-US","potentialAction":[{"@type":"ReadAction","target":["https:\/\/www.actvism.org\/politics\/wohnungs-mietpolitik-mieterverein\/"]}]},{"@type":"ImageObject","inLanguage":"en-US","@id":"https:\/\/www.actvism.org\/politics\/wohnungs-mietpolitik-mieterverein\/#primaryimage","url":"https:\/\/www.actvism.org\/wp-content\/uploads\/2019\/06\/logo-150x150.jpg","contentUrl":"https:\/\/www.actvism.org\/wp-content\/uploads\/2019\/06\/logo-150x150.jpg"},{"@type":"WebSite","@id":"https:\/\/www.actvism.org\/#website","url":"https:\/\/www.actvism.org\/","name":"acTVism","description":"information that moves","publisher":{"@id":"https:\/\/www.actvism.org\/#organization"},"potentialAction":[{"@type":"SearchAction","target":{"@type":"EntryPoint","urlTemplate":"https:\/\/www.actvism.org\/?s={search_term_string}"},"query-input":{"@type":"PropertyValueSpecification","valueRequired":true,"valueName":"search_term_string"}}],"inLanguage":"en-US"},{"@type":"Organization","@id":"https:\/\/www.actvism.org\/#organization","name":"acTVism Munich e.V.","url":"https:\/\/www.actvism.org\/","logo":{"@type":"ImageObject","inLanguage":"en-US","@id":"https:\/\/www.actvism.org\/#\/schema\/logo\/image\/","url":"https:\/\/www.actvism.org\/wp-content\/uploads\/2020\/11\/logo.svg","contentUrl":"https:\/\/www.actvism.org\/wp-content\/uploads\/2020\/11\/logo.svg","width":200,"height":57,"caption":"acTVism Munich e.V."},"image":{"@id":"https:\/\/www.actvism.org\/#\/schema\/logo\/image\/"},"sameAs":["https:\/\/facebook.com\/acTVism","https:\/\/x.com\/acTVismMunich"]},{"@type":"Person","@id":"https:\/\/www.actvism.org\/#\/schema\/person\/bc2c8684912eb2289fe0009f5ca451d6","name":"atv_admin","image":{"@type":"ImageObject","inLanguage":"en-US","@id":"https:\/\/secure.gravatar.com\/avatar\/53465926e4246ee1b807a849c23197531fd45c1bcd02682ada54ddb12eaa7a6d?s=96&d=mm&r=g","url":"https:\/\/secure.gravatar.com\/avatar\/53465926e4246ee1b807a849c23197531fd45c1bcd02682ada54ddb12eaa7a6d?s=96&d=mm&r=g","contentUrl":"https:\/\/secure.gravatar.com\/avatar\/53465926e4246ee1b807a849c23197531fd45c1bcd02682ada54ddb12eaa7a6d?s=96&d=mm&r=g","caption":"atv_admin"},"url":"https:\/\/www.actvism.org\/en\/author\/atv_admin\/"}]}},"_links":{"self":[{"href":"https:\/\/www.actvism.org\/en\/wp-json\/wp\/v2\/posts\/5490","targetHints":{"allow":["GET"]}}],"collection":[{"href":"https:\/\/www.actvism.org\/en\/wp-json\/wp\/v2\/posts"}],"about":[{"href":"https:\/\/www.actvism.org\/en\/wp-json\/wp\/v2\/types\/post"}],"author":[{"embeddable":true,"href":"https:\/\/www.actvism.org\/en\/wp-json\/wp\/v2\/users\/1"}],"replies":[{"embeddable":true,"href":"https:\/\/www.actvism.org\/en\/wp-json\/wp\/v2\/comments?post=5490"}],"version-history":[{"count":0,"href":"https:\/\/www.actvism.org\/en\/wp-json\/wp\/v2\/posts\/5490\/revisions"}],"wp:attachment":[{"href":"https:\/\/www.actvism.org\/en\/wp-json\/wp\/v2\/media?parent=5490"}],"wp:term":[{"taxonomy":"category","embeddable":true,"href":"https:\/\/www.actvism.org\/en\/wp-json\/wp\/v2\/categories?post=5490"},{"taxonomy":"post_tag","embeddable":true,"href":"https:\/\/www.actvism.org\/en\/wp-json\/wp\/v2\/tags?post=5490"},{"taxonomy":"channel","embeddable":true,"href":"https:\/\/www.actvism.org\/en\/wp-json\/wp\/v2\/channel?post=5490"}],"curies":[{"name":"wp","href":"https:\/\/api.w.org\/{rel}","templated":true}]}}