{"id":5567,"date":"2019-07-10T16:04:27","date_gmt":"2019-07-10T14:04:27","guid":{"rendered":"https:\/\/www.actvism.org\/?p=5567"},"modified":"2020-11-06T17:48:46","modified_gmt":"2020-11-06T16:48:46","slug":"interview-ippnw","status":"publish","type":"post","link":"https:\/\/www.actvism.org\/en\/politics\/interview-ippnw\/","title":{"rendered":"Interview mit IPPNW &#8211; Internationale \u00c4rzte f\u00fcr die Verh\u00fctung des Atomkrieges"},"content":{"rendered":"<div class=\"container\">\n<div class=\"row justify-content-md-center\">\n<div class=\"col-md-8 pb-3\">\n<p><em>Due to limited financial &amp; technical resources as a non-profit and volunteer-based organization, we were unable to translate the following content into English.<\/em><\/p>\n<hr \/>\n<p><strong>Interview mit IPPNW &#8211; Internationale \u00c4rzte f\u00fcr die Verh\u00fctung des\u00a0Atomkrieges<\/strong><\/p>\n<hr \/>\n<p>In dieser Folge unseres Formats <a href=\"https:\/\/www.youtube.com\/playlist?list=PLhxITUni9OWfFwQoV6CqiIq80SKrhHBPW\" target=\"_blank\" rel=\"noopener noreferrer\">Der Funke<\/a> interviewen wir Regionalgruppensprecherin Dr. med. Ingeborg Oster und stellen den Verein IPPNW International Physicians for the Prevention of Nuclear War\u201d auf Deutsch \u201cInternationale \u00c4rzte f\u00fcr die Verh\u00fctung des Atomkrieges \/ \u00c4rzte in sozialer Verantwortung e.V.&#8221; vor. Unter anderem sprechen wir \u00fcber den Hintergrund und die Motivation, die zur Gr\u00fcndung der Initiative f\u00fchrten und dar\u00fcber, wie Interessierte die Initiative unterst\u00fctzen k\u00f6nnen.<\/p>\n<p>Um mehr \u00fcber diese Initiative zu erfahren, <a href=\"https:\/\/www.ippnw.de\/startseite.html\" target=\"_blank\" rel=\"noopener noreferrer\">klicken Sie hier.<\/a><\/p>\n<hr \/>\n<h2>VIDEO:\u00a0Interview mit IPPNW &#8211; Internationale \u00c4rzte f\u00fcr die Verh\u00fctung des\u00a0Atomkrieges | Der Funke<\/h2>\n<p><iframe loading=\"lazy\" title=\"Interview mit IPPNW - Internationale \u00c4rzte f\u00fcr die Verh\u00fctung des Atomkrieges\" width=\"500\" height=\"281\" src=\"https:\/\/www.youtube.com\/embed\/HrUyuwLZ85I?feature=oembed\" frameborder=\"0\" allow=\"accelerometer; autoplay; clipboard-write; encrypted-media; gyroscope; picture-in-picture; web-share\" referrerpolicy=\"strict-origin-when-cross-origin\" allowfullscreen><\/iframe><\/p>\n<hr \/>\n<p><span class=\"_5yl5\">Wenn Sie weitere Vereine &amp; Organisationen kennenlernen m\u00f6chten, die mit l\u00f6sungsorientierter Arbeit Tag f\u00fcr Tag einen Beitrag leisten, besuchen Sie unsere\u00a0<a href=\"https:\/\/www.youtube.com\/playlist?list=PLhxITUni9OWfFwQoV6CqiIq80SKrhHBPW\" target=\"_blank\" rel=\"noopener noreferrer\">YouTube-Playlist \u201eDer Funke\u201c.<\/a><\/span><\/p>\n<hr \/>\n<h2>\u00dcBER IPPNW<\/h2>\n<p><a href=\"https:\/\/www.actvism.org\/wp-content\/uploads\/2019\/07\/J_j-3ySK_400x400.jpg\"><img loading=\"lazy\" decoding=\"async\" class=\"alignleft size-thumbnail wp-image-5568\" src=\"https:\/\/www.actvism.org\/wp-content\/uploads\/2019\/07\/J_j-3ySK_400x400-150x150.jpg\" alt=\"Interview mit IPPNW - Internationale \u00c4rzte f\u00fcr die Verh\u00fctung des Atomkrieges \" width=\"150\" height=\"150\" srcset=\"https:\/\/www.actvism.org\/wp-content\/uploads\/2019\/07\/J_j-3ySK_400x400-150x150.jpg 150w, https:\/\/www.actvism.org\/wp-content\/uploads\/2019\/07\/J_j-3ySK_400x400-300x300.jpg 300w, https:\/\/www.actvism.org\/wp-content\/uploads\/2019\/07\/J_j-3ySK_400x400.jpg 400w\" sizes=\"auto, (max-width: 150px) 100vw, 150px\" \/><\/a>Der <strong>\u00c4rzteverein International Physicians for the Prevention of Nuclear War<\/strong> (IPPNW) ist 1980 von einem russischen und einem amerikanischen Kardiologen gegr\u00fcndet worden &#8211; zur Verhinderung eines Atomkrieges in den Zeiten des Kalten Krieges. F\u00fcr ihr Engagement bekamen sie 1985 den Friedensnobelpreis. In Deutschland nennt sich die IPPNW &#8220;Deutsche Sektion der Internationalen \u00c4rzte f\u00fcr die Verh\u00fctung des Atomkrieges \/ \u00c4rzte in sozialer Verantwortung e.V.&#8221; und besteht aus 6000 \u00c4rzten und \u00c4rztinnen, Medizinstudierenden und F\u00f6rdermitgliedern. International setzen sich mehrere Tausend Mediziner und Medizinerinnen in \u00fcber 60 L\u00e4ndern auf allen f\u00fcnf Kontinenten f\u00fcr eine friedliche, atomtechnologiefreie und menschenw\u00fcrdige Welt ein und arbeiten dabei \u00fcber alle politischen und gesellschaftlichen Grenzen hinweg. Die Organisation forscht, unter anderem, zu den Fakten und Hintergr\u00fcnden der gesundheitlichen, sozialen und politischen Auswirkungen von Krieg und Atomtechnologie.<\/p>\n<hr \/>\n<\/div><\/div>\n<\/div>\n","protected":false},"excerpt":{"rendered":"<p>Due to limited financial &#038; technical resources as a non-profit and volunteer-based organization, we were unable to translate the following content into English.<\/p>\n","protected":false},"author":1,"featured_media":0,"comment_status":"open","ping_status":"open","sticky":false,"template":"","format":"standard","meta":{"_acf_changed":false,"inline_featured_image":false,"footnotes":""},"categories":[1,14],"tags":[],"channel":[],"class_list":["post-5567","post","type-post","status-publish","format-standard","hentry","category-latest","category-politics"],"translation":{"provider":"WPGlobus","version":"3.0.0","language":"en","enabled_languages":["de","en"],"languages":{"de":{"title":true,"content":true,"excerpt":true},"en":{"title":true,"content":true,"excerpt":true}}},"acf":[],"yoast_head":"<!-- This site is optimized with the Yoast SEO plugin v27.4 - https:\/\/yoast.com\/product\/yoast-seo-wordpress\/ -->\n<title>Interview mit IPPNW - Internationale \u00c4rzte f\u00fcr die Verh\u00fctung des Atomkrieges<\/title>\n<meta name=\"robots\" content=\"index, follow, max-snippet:-1, max-image-preview:large, max-video-preview:-1\" \/>\n<link rel=\"canonical\" href=\"https:\/\/www.actvism.org\/politics\/interview-ippnw\/\" \/>\n<meta property=\"og:locale\" content=\"en_US\" \/>\n<meta property=\"og:type\" content=\"article\" \/>\n<meta property=\"og:title\" content=\"Interview mit IPPNW - Internationale \u00c4rzte f\u00fcr die Verh\u00fctung des Atomkrieges - acTVism\" \/>\n<meta property=\"og:url\" content=\"https:\/\/www.actvism.org\/politics\/interview-ippnw\/\" \/>\n<meta property=\"og:site_name\" content=\"acTVism\" \/>\n<meta property=\"article:publisher\" content=\"https:\/\/facebook.com\/acTVism\" \/>\n<meta property=\"article:published_time\" content=\"2019-07-10T14:04:27+00:00\" \/>\n<meta property=\"article:modified_time\" content=\"2020-11-06T16:48:46+00:00\" \/>\n<meta property=\"og:image\" content=\"https:\/\/www.actvism.org\/wp-content\/uploads\/2019\/07\/Merkel-2-1.png\" \/>\n\t<meta property=\"og:image:width\" content=\"1014\" \/>\n\t<meta property=\"og:image:height\" content=\"601\" \/>\n\t<meta property=\"og:image:type\" content=\"image\/png\" \/>\n<meta name=\"author\" content=\"atv_admin\" \/>\n<meta name=\"twitter:card\" content=\"summary_large_image\" \/>\n<meta name=\"twitter:creator\" content=\"@acTVismMunich\" \/>\n<meta name=\"twitter:site\" content=\"@acTVismMunich\" \/>\n<meta name=\"twitter:label1\" content=\"Written by\" \/>\n\t<meta name=\"twitter:data1\" content=\"atv_admin\" \/>\n\t<meta name=\"twitter:label2\" content=\"Est. reading time\" \/>\n\t<meta name=\"twitter:data2\" content=\"3 minutes\" \/>\n<script type=\"application\/ld+json\" class=\"yoast-schema-graph\">{\"@context\":\"https:\\\/\\\/schema.org\",\"@graph\":[{\"@type\":\"Article\",\"@id\":\"https:\\\/\\\/www.actvism.org\\\/politics\\\/interview-ippnw\\\/#article\",\"isPartOf\":{\"@id\":\"https:\\\/\\\/www.actvism.org\\\/politics\\\/interview-ippnw\\\/\"},\"author\":{\"name\":\"atv_admin\",\"@id\":\"https:\\\/\\\/www.actvism.org\\\/#\\\/schema\\\/person\\\/bc2c8684912eb2289fe0009f5ca451d6\"},\"headline\":\"Interview mit IPPNW &#8211; Internationale \u00c4rzte f\u00fcr die Verh\u00fctung des Atomkrieges\",\"datePublished\":\"2019-07-10T14:04:27+00:00\",\"dateModified\":\"2020-11-06T16:48:46+00:00\",\"mainEntityOfPage\":{\"@id\":\"https:\\\/\\\/www.actvism.org\\\/politics\\\/interview-ippnw\\\/\"},\"wordCount\":623,\"commentCount\":0,\"publisher\":{\"@id\":\"https:\\\/\\\/www.actvism.org\\\/#organization\"},\"image\":{\"@id\":\"https:\\\/\\\/www.actvism.org\\\/politics\\\/interview-ippnw\\\/#primaryimage\"},\"thumbnailUrl\":\"https:\\\/\\\/www.actvism.org\\\/wp-content\\\/uploads\\\/2019\\\/07\\\/J_j-3ySK_400x400-150x150.jpg\",\"articleSection\":[\"LATEST\",\"OUR CONTENT\"],\"inLanguage\":\"en-US\",\"potentialAction\":[{\"@type\":\"CommentAction\",\"name\":\"Comment\",\"target\":[\"https:\\\/\\\/www.actvism.org\\\/politics\\\/interview-ippnw\\\/#respond\"]}]},{\"@type\":\"WebPage\",\"@id\":\"https:\\\/\\\/www.actvism.org\\\/politics\\\/interview-ippnw\\\/\",\"url\":\"https:\\\/\\\/www.actvism.org\\\/politics\\\/interview-ippnw\\\/\",\"name\":\"Interview mit IPPNW - Internationale \u00c4rzte f\u00fcr die Verh\u00fctung des Atomkrieges\",\"isPartOf\":{\"@id\":\"https:\\\/\\\/www.actvism.org\\\/#website\"},\"primaryImageOfPage\":{\"@id\":\"https:\\\/\\\/www.actvism.org\\\/politics\\\/interview-ippnw\\\/#primaryimage\"},\"image\":{\"@id\":\"https:\\\/\\\/www.actvism.org\\\/politics\\\/interview-ippnw\\\/#primaryimage\"},\"thumbnailUrl\":\"https:\\\/\\\/www.actvism.org\\\/wp-content\\\/uploads\\\/2019\\\/07\\\/J_j-3ySK_400x400-150x150.jpg\",\"datePublished\":\"2019-07-10T14:04:27+00:00\",\"dateModified\":\"2020-11-06T16:48:46+00:00\",\"description\":\"In dieser Folge unseres Formats Der Funke interviewen wir IPPNW - Internationale \u00c4rzte f\u00fcr die Verh\u00fctung des Atomkrieges.\",\"inLanguage\":\"en-US\",\"potentialAction\":[{\"@type\":\"ReadAction\",\"target\":[\"https:\\\/\\\/www.actvism.org\\\/politics\\\/interview-ippnw\\\/\"]}]},{\"@type\":\"ImageObject\",\"inLanguage\":\"en-US\",\"@id\":\"https:\\\/\\\/www.actvism.org\\\/politics\\\/interview-ippnw\\\/#primaryimage\",\"url\":\"https:\\\/\\\/www.actvism.org\\\/wp-content\\\/uploads\\\/2019\\\/07\\\/J_j-3ySK_400x400-150x150.jpg\",\"contentUrl\":\"https:\\\/\\\/www.actvism.org\\\/wp-content\\\/uploads\\\/2019\\\/07\\\/J_j-3ySK_400x400-150x150.jpg\"},{\"@type\":\"WebSite\",\"@id\":\"https:\\\/\\\/www.actvism.org\\\/#website\",\"url\":\"https:\\\/\\\/www.actvism.org\\\/\",\"name\":\"acTVism\",\"description\":\"information that moves\",\"publisher\":{\"@id\":\"https:\\\/\\\/www.actvism.org\\\/#organization\"},\"potentialAction\":[{\"@type\":\"SearchAction\",\"target\":{\"@type\":\"EntryPoint\",\"urlTemplate\":\"https:\\\/\\\/www.actvism.org\\\/?s={search_term_string}\"},\"query-input\":{\"@type\":\"PropertyValueSpecification\",\"valueRequired\":true,\"valueName\":\"search_term_string\"}}],\"inLanguage\":\"en-US\"},{\"@type\":\"Organization\",\"@id\":\"https:\\\/\\\/www.actvism.org\\\/#organization\",\"name\":\"acTVism Munich e.V.\",\"url\":\"https:\\\/\\\/www.actvism.org\\\/\",\"logo\":{\"@type\":\"ImageObject\",\"inLanguage\":\"en-US\",\"@id\":\"https:\\\/\\\/www.actvism.org\\\/#\\\/schema\\\/logo\\\/image\\\/\",\"url\":\"https:\\\/\\\/www.actvism.org\\\/wp-content\\\/uploads\\\/2020\\\/11\\\/logo.svg\",\"contentUrl\":\"https:\\\/\\\/www.actvism.org\\\/wp-content\\\/uploads\\\/2020\\\/11\\\/logo.svg\",\"width\":200,\"height\":57,\"caption\":\"acTVism Munich e.V.\"},\"image\":{\"@id\":\"https:\\\/\\\/www.actvism.org\\\/#\\\/schema\\\/logo\\\/image\\\/\"},\"sameAs\":[\"https:\\\/\\\/facebook.com\\\/acTVism\",\"https:\\\/\\\/x.com\\\/acTVismMunich\"]},{\"@type\":\"Person\",\"@id\":\"https:\\\/\\\/www.actvism.org\\\/#\\\/schema\\\/person\\\/bc2c8684912eb2289fe0009f5ca451d6\",\"name\":\"atv_admin\",\"image\":{\"@type\":\"ImageObject\",\"inLanguage\":\"en-US\",\"@id\":\"https:\\\/\\\/secure.gravatar.com\\\/avatar\\\/53465926e4246ee1b807a849c23197531fd45c1bcd02682ada54ddb12eaa7a6d?s=96&d=mm&r=g\",\"url\":\"https:\\\/\\\/secure.gravatar.com\\\/avatar\\\/53465926e4246ee1b807a849c23197531fd45c1bcd02682ada54ddb12eaa7a6d?s=96&d=mm&r=g\",\"contentUrl\":\"https:\\\/\\\/secure.gravatar.com\\\/avatar\\\/53465926e4246ee1b807a849c23197531fd45c1bcd02682ada54ddb12eaa7a6d?s=96&d=mm&r=g\",\"caption\":\"atv_admin\"},\"url\":\"https:\\\/\\\/www.actvism.org\\\/en\\\/author\\\/atv_admin\\\/\"}]}<\/script>\n<!-- \/ Yoast SEO plugin. -->","yoast_head_json":{"title":"Interview mit IPPNW - Internationale \u00c4rzte f\u00fcr die Verh\u00fctung des Atomkrieges","robots":{"index":"index","follow":"follow","max-snippet":"max-snippet:-1","max-image-preview":"max-image-preview:large","max-video-preview":"max-video-preview:-1"},"canonical":"https:\/\/www.actvism.org\/politics\/interview-ippnw\/","og_locale":"en_US","og_type":"article","og_title":"Interview mit IPPNW - Internationale \u00c4rzte f\u00fcr die Verh\u00fctung des Atomkrieges - acTVism","og_url":"https:\/\/www.actvism.org\/politics\/interview-ippnw\/","og_site_name":"acTVism","article_publisher":"https:\/\/facebook.com\/acTVism","article_published_time":"2019-07-10T14:04:27+00:00","article_modified_time":"2020-11-06T16:48:46+00:00","og_image":[{"width":1014,"height":601,"url":"https:\/\/www.actvism.org\/wp-content\/uploads\/2019\/07\/Merkel-2-1.png","type":"image\/png"}],"author":"atv_admin","twitter_card":"summary_large_image","twitter_creator":"@acTVismMunich","twitter_site":"@acTVismMunich","twitter_misc":{"Written by":"atv_admin","Est. reading time":"3 minutes"},"schema":{"@context":"https:\/\/schema.org","@graph":[{"@type":"Article","@id":"https:\/\/www.actvism.org\/politics\/interview-ippnw\/#article","isPartOf":{"@id":"https:\/\/www.actvism.org\/politics\/interview-ippnw\/"},"author":{"name":"atv_admin","@id":"https:\/\/www.actvism.org\/#\/schema\/person\/bc2c8684912eb2289fe0009f5ca451d6"},"headline":"Interview mit IPPNW &#8211; Internationale \u00c4rzte f\u00fcr die Verh\u00fctung des Atomkrieges","datePublished":"2019-07-10T14:04:27+00:00","dateModified":"2020-11-06T16:48:46+00:00","mainEntityOfPage":{"@id":"https:\/\/www.actvism.org\/politics\/interview-ippnw\/"},"wordCount":623,"commentCount":0,"publisher":{"@id":"https:\/\/www.actvism.org\/#organization"},"image":{"@id":"https:\/\/www.actvism.org\/politics\/interview-ippnw\/#primaryimage"},"thumbnailUrl":"https:\/\/www.actvism.org\/wp-content\/uploads\/2019\/07\/J_j-3ySK_400x400-150x150.jpg","articleSection":["LATEST","OUR CONTENT"],"inLanguage":"en-US","potentialAction":[{"@type":"CommentAction","name":"Comment","target":["https:\/\/www.actvism.org\/politics\/interview-ippnw\/#respond"]}]},{"@type":"WebPage","@id":"https:\/\/www.actvism.org\/politics\/interview-ippnw\/","url":"https:\/\/www.actvism.org\/politics\/interview-ippnw\/","name":"Interview mit IPPNW - Internationale \u00c4rzte f\u00fcr die Verh\u00fctung des Atomkrieges","isPartOf":{"@id":"https:\/\/www.actvism.org\/#website"},"primaryImageOfPage":{"@id":"https:\/\/www.actvism.org\/politics\/interview-ippnw\/#primaryimage"},"image":{"@id":"https:\/\/www.actvism.org\/politics\/interview-ippnw\/#primaryimage"},"thumbnailUrl":"https:\/\/www.actvism.org\/wp-content\/uploads\/2019\/07\/J_j-3ySK_400x400-150x150.jpg","datePublished":"2019-07-10T14:04:27+00:00","dateModified":"2020-11-06T16:48:46+00:00","description":"In dieser Folge unseres Formats Der Funke interviewen wir IPPNW - Internationale \u00c4rzte f\u00fcr die Verh\u00fctung des Atomkrieges.","inLanguage":"en-US","potentialAction":[{"@type":"ReadAction","target":["https:\/\/www.actvism.org\/politics\/interview-ippnw\/"]}]},{"@type":"ImageObject","inLanguage":"en-US","@id":"https:\/\/www.actvism.org\/politics\/interview-ippnw\/#primaryimage","url":"https:\/\/www.actvism.org\/wp-content\/uploads\/2019\/07\/J_j-3ySK_400x400-150x150.jpg","contentUrl":"https:\/\/www.actvism.org\/wp-content\/uploads\/2019\/07\/J_j-3ySK_400x400-150x150.jpg"},{"@type":"WebSite","@id":"https:\/\/www.actvism.org\/#website","url":"https:\/\/www.actvism.org\/","name":"acTVism","description":"information that moves","publisher":{"@id":"https:\/\/www.actvism.org\/#organization"},"potentialAction":[{"@type":"SearchAction","target":{"@type":"EntryPoint","urlTemplate":"https:\/\/www.actvism.org\/?s={search_term_string}"},"query-input":{"@type":"PropertyValueSpecification","valueRequired":true,"valueName":"search_term_string"}}],"inLanguage":"en-US"},{"@type":"Organization","@id":"https:\/\/www.actvism.org\/#organization","name":"acTVism Munich e.V.","url":"https:\/\/www.actvism.org\/","logo":{"@type":"ImageObject","inLanguage":"en-US","@id":"https:\/\/www.actvism.org\/#\/schema\/logo\/image\/","url":"https:\/\/www.actvism.org\/wp-content\/uploads\/2020\/11\/logo.svg","contentUrl":"https:\/\/www.actvism.org\/wp-content\/uploads\/2020\/11\/logo.svg","width":200,"height":57,"caption":"acTVism Munich e.V."},"image":{"@id":"https:\/\/www.actvism.org\/#\/schema\/logo\/image\/"},"sameAs":["https:\/\/facebook.com\/acTVism","https:\/\/x.com\/acTVismMunich"]},{"@type":"Person","@id":"https:\/\/www.actvism.org\/#\/schema\/person\/bc2c8684912eb2289fe0009f5ca451d6","name":"atv_admin","image":{"@type":"ImageObject","inLanguage":"en-US","@id":"https:\/\/secure.gravatar.com\/avatar\/53465926e4246ee1b807a849c23197531fd45c1bcd02682ada54ddb12eaa7a6d?s=96&d=mm&r=g","url":"https:\/\/secure.gravatar.com\/avatar\/53465926e4246ee1b807a849c23197531fd45c1bcd02682ada54ddb12eaa7a6d?s=96&d=mm&r=g","contentUrl":"https:\/\/secure.gravatar.com\/avatar\/53465926e4246ee1b807a849c23197531fd45c1bcd02682ada54ddb12eaa7a6d?s=96&d=mm&r=g","caption":"atv_admin"},"url":"https:\/\/www.actvism.org\/en\/author\/atv_admin\/"}]}},"_links":{"self":[{"href":"https:\/\/www.actvism.org\/en\/wp-json\/wp\/v2\/posts\/5567","targetHints":{"allow":["GET"]}}],"collection":[{"href":"https:\/\/www.actvism.org\/en\/wp-json\/wp\/v2\/posts"}],"about":[{"href":"https:\/\/www.actvism.org\/en\/wp-json\/wp\/v2\/types\/post"}],"author":[{"embeddable":true,"href":"https:\/\/www.actvism.org\/en\/wp-json\/wp\/v2\/users\/1"}],"replies":[{"embeddable":true,"href":"https:\/\/www.actvism.org\/en\/wp-json\/wp\/v2\/comments?post=5567"}],"version-history":[{"count":0,"href":"https:\/\/www.actvism.org\/en\/wp-json\/wp\/v2\/posts\/5567\/revisions"}],"wp:attachment":[{"href":"https:\/\/www.actvism.org\/en\/wp-json\/wp\/v2\/media?parent=5567"}],"wp:term":[{"taxonomy":"category","embeddable":true,"href":"https:\/\/www.actvism.org\/en\/wp-json\/wp\/v2\/categories?post=5567"},{"taxonomy":"post_tag","embeddable":true,"href":"https:\/\/www.actvism.org\/en\/wp-json\/wp\/v2\/tags?post=5567"},{"taxonomy":"channel","embeddable":true,"href":"https:\/\/www.actvism.org\/en\/wp-json\/wp\/v2\/channel?post=5567"}],"curies":[{"name":"wp","href":"https:\/\/api.w.org\/{rel}","templated":true}]}}