{"id":5807,"date":"2019-11-03T18:18:48","date_gmt":"2019-11-03T17:18:48","guid":{"rendered":"https:\/\/www.actvism.org\/?p=5807"},"modified":"2020-11-06T17:48:45","modified_gmt":"2020-11-06T16:48:45","slug":"keine-waffen-vom-bodensee","status":"publish","type":"post","link":"https:\/\/www.actvism.org\/en\/politics\/keine-waffen-vom-bodensee\/","title":{"rendered":"Interview mit &#8220;Keine Waffen vom Bodensee e.V.&#8221;"},"content":{"rendered":"<div class=\"container\">\n<div class=\"row justify-content-md-center\">\n<div class=\"col-md-8 pb-3\">\n<p>Due to limited financial &amp; technical resources as a non-profit and volunteer-based organization, we were unable the content on this page into English.<\/p>\n<hr \/>\n<p><strong>Interview mit &#8220;Keine Waffen vom Bodensee e.V.&#8221;<\/strong><\/p>\n<hr \/>\n<p><span style=\"\">In diesem Interview mit Lothar H\u00f6fler, dem ersten Vorsitzenden und Mitbegr\u00fcnder des Vereins \u201cKeine Waffen vom Bodensee e.V.\u201d sprechen wir dar\u00fcber, was die Beweggr\u00fcnde und Ziele des Vereins sind und dar\u00fcber, wie Anwohner des Bodensees sich aktiv f\u00fcr eine friedlichere Welt einsetzen.\u00a0Um mehr \u00fcber diesen Verein zu erfahren, besuchen Sie:\u00a0<a href=\"https:\/\/keinewaffenvombodensee.de\/\" target=\"_blank\" rel=\"noopener noreferrer\">https:\/\/keinewaffenvombodensee.de\/<\/a><\/span><\/p>\n<hr \/>\n<h2>VIDEO:\u00a0Interview mit &#8220;Keine Waffen vom Bodensee e.V.&#8221;<\/h2>\n<p><iframe loading=\"lazy\" title=\"Interview mit &quot;Keine Waffen vom Bodensee e.V.&quot;\" width=\"500\" height=\"281\" src=\"https:\/\/www.youtube.com\/embed\/4BeH9mgMmT4?feature=oembed\" frameborder=\"0\" allow=\"accelerometer; autoplay; clipboard-write; encrypted-media; gyroscope; picture-in-picture; web-share\" referrerpolicy=\"strict-origin-when-cross-origin\" allowfullscreen><\/iframe><\/p>\n<hr \/>\n<p style=\"top: 219px; text-align: left;\">Wenn Sie weitere Vereine &amp; Organisationen kennenlernen m\u00f6chten, die mit l\u00f6sungsorientierter Arbeit Tag f\u00fcr Tag einen Beitrag leisten, besuchen Sie unsere YouTube-Playlist \u201eDer Funke\u201c:\u00a0<a href=\"https:\/\/bit.ly\/2mCLNP7\" target=\"_blank\" rel=\"noopener noreferrer\">https:\/\/bit.ly\/2mCLNP7<\/a><\/p>\n<hr \/>\n<h2 style=\"top: 219px; text-align: left;\">\u00dcBER\u00a0&#8220;KEINE WAFFEN VOM BODENSEE E.V.&#8221;<\/h2>\n<p><span style=\"\">Der Verein\u00a0<strong>Keine Waffen vom Bodensee e.V.<\/strong>\u00a0(KWvB) hat sich zum Ziel gesetzt, die \u00d6ffentlichkeit und die Verantwortlichen auf das Waffengewerbe rund um den Bodensee aufmerksam zu machen. KWvB kl\u00e4rt dar\u00fcber auf, dass dort immer effizientere Waffen, Produkte und Dienstleistungen produziert werden, die f\u00fcr Menschen anderswo auf der Welt Tod, Elend und Fluchtursachen bedeuten. Geliefert werden die Produkte auch widerrechtlich in Krisengebiete, an Diktaturen und an Staaten, die die Menschenrechte verletzen.\u00a0<\/span><span style=\"\">Der Verein erkl\u00e4rt dies als unethisch, unmoralisch und unverantwortbar und setzt sich aktiv und durch Recherche- und \u00d6ffentlichkeitsarbeit gegen die Waffenproduktion ein.<\/span><\/p>\n<hr \/>\n<\/div><\/div>\n<\/div>\n","protected":false},"excerpt":{"rendered":"<p>Due to limited financial &#038; technical resources as a non-profit and volunteer-based organization, we were unable the content on this page into English.<\/p>\n","protected":false},"author":1,"featured_media":0,"comment_status":"open","ping_status":"open","sticky":false,"template":"","format":"standard","meta":{"_acf_changed":false,"inline_featured_image":false,"footnotes":""},"categories":[1,14],"tags":[],"channel":[],"class_list":["post-5807","post","type-post","status-publish","format-standard","hentry","category-latest","category-politics"],"translation":{"provider":"WPGlobus","version":"3.0.0","language":"en","enabled_languages":["de","en"],"languages":{"de":{"title":true,"content":true,"excerpt":true},"en":{"title":true,"content":true,"excerpt":true}}},"acf":[],"yoast_head":"<!-- This site is optimized with the Yoast SEO plugin v27.5 - https:\/\/yoast.com\/product\/yoast-seo-wordpress\/ -->\n<title>Interview mit &quot;Keine Waffen vom Bodensee e.V.&quot;<\/title>\n<meta name=\"robots\" content=\"index, follow, max-snippet:-1, max-image-preview:large, max-video-preview:-1\" \/>\n<link rel=\"canonical\" href=\"https:\/\/www.actvism.org\/politics\/keine-waffen-vom-bodensee\/\" \/>\n<meta property=\"og:locale\" content=\"en_US\" \/>\n<meta property=\"og:type\" content=\"article\" \/>\n<meta property=\"og:title\" content=\"Interview mit &quot;Keine Waffen vom Bodensee e.V.&quot; - acTVism\" \/>\n<meta property=\"og:url\" content=\"https:\/\/www.actvism.org\/politics\/keine-waffen-vom-bodensee\/\" \/>\n<meta property=\"og:site_name\" content=\"acTVism\" \/>\n<meta property=\"article:publisher\" content=\"https:\/\/facebook.com\/acTVism\" \/>\n<meta property=\"article:published_time\" content=\"2019-11-03T17:18:48+00:00\" \/>\n<meta property=\"article:modified_time\" content=\"2020-11-06T16:48:45+00:00\" \/>\n<meta property=\"og:image\" content=\"https:\/\/www.actvism.org\/wp-content\/uploads\/2019\/11\/1200px-Leopard_2_A5_der_Bundeswehr-720x482.jpg\" \/>\n\t<meta property=\"og:image:width\" content=\"720\" \/>\n\t<meta property=\"og:image:height\" content=\"482\" \/>\n\t<meta property=\"og:image:type\" content=\"image\/jpeg\" \/>\n<meta name=\"author\" content=\"atv_admin\" \/>\n<meta name=\"twitter:card\" content=\"summary_large_image\" \/>\n<meta name=\"twitter:creator\" content=\"@acTVismMunich\" \/>\n<meta name=\"twitter:site\" content=\"@acTVismMunich\" \/>\n<meta name=\"twitter:label1\" content=\"Written by\" \/>\n\t<meta name=\"twitter:data1\" content=\"atv_admin\" \/>\n\t<meta name=\"twitter:label2\" content=\"Est. reading time\" \/>\n\t<meta name=\"twitter:data2\" content=\"2 minutes\" \/>\n<script type=\"application\/ld+json\" class=\"yoast-schema-graph\">{\"@context\":\"https:\\\/\\\/schema.org\",\"@graph\":[{\"@type\":\"Article\",\"@id\":\"https:\\\/\\\/www.actvism.org\\\/politics\\\/keine-waffen-vom-bodensee\\\/#article\",\"isPartOf\":{\"@id\":\"https:\\\/\\\/www.actvism.org\\\/politics\\\/keine-waffen-vom-bodensee\\\/\"},\"author\":{\"name\":\"atv_admin\",\"@id\":\"https:\\\/\\\/www.actvism.org\\\/#\\\/schema\\\/person\\\/bc2c8684912eb2289fe0009f5ca451d6\"},\"headline\":\"Interview mit &#8220;Keine Waffen vom Bodensee e.V.&#8221;\",\"datePublished\":\"2019-11-03T17:18:48+00:00\",\"dateModified\":\"2020-11-06T16:48:45+00:00\",\"mainEntityOfPage\":{\"@id\":\"https:\\\/\\\/www.actvism.org\\\/politics\\\/keine-waffen-vom-bodensee\\\/\"},\"wordCount\":482,\"commentCount\":0,\"publisher\":{\"@id\":\"https:\\\/\\\/www.actvism.org\\\/#organization\"},\"articleSection\":[\"LATEST\",\"OUR CONTENT\"],\"inLanguage\":\"en-US\",\"potentialAction\":[{\"@type\":\"CommentAction\",\"name\":\"Comment\",\"target\":[\"https:\\\/\\\/www.actvism.org\\\/politics\\\/keine-waffen-vom-bodensee\\\/#respond\"]}]},{\"@type\":\"WebPage\",\"@id\":\"https:\\\/\\\/www.actvism.org\\\/politics\\\/keine-waffen-vom-bodensee\\\/\",\"url\":\"https:\\\/\\\/www.actvism.org\\\/politics\\\/keine-waffen-vom-bodensee\\\/\",\"name\":\"Interview mit \\\"Keine Waffen vom Bodensee e.V.\\\"\",\"isPartOf\":{\"@id\":\"https:\\\/\\\/www.actvism.org\\\/#website\"},\"datePublished\":\"2019-11-03T17:18:48+00:00\",\"dateModified\":\"2020-11-06T16:48:45+00:00\",\"description\":\"In diesem Interview mit Lothar H\u00f6fler, dem ersten Vorsitzenden und Mitbegr\u00fcnder des Vereins \u201cKeine Waffen vom Bodensee e.V.\u201d sprechen wir ...\",\"inLanguage\":\"en-US\",\"potentialAction\":[{\"@type\":\"ReadAction\",\"target\":[\"https:\\\/\\\/www.actvism.org\\\/politics\\\/keine-waffen-vom-bodensee\\\/\"]}]},{\"@type\":\"WebSite\",\"@id\":\"https:\\\/\\\/www.actvism.org\\\/#website\",\"url\":\"https:\\\/\\\/www.actvism.org\\\/\",\"name\":\"acTVism\",\"description\":\"information that moves\",\"publisher\":{\"@id\":\"https:\\\/\\\/www.actvism.org\\\/#organization\"},\"potentialAction\":[{\"@type\":\"SearchAction\",\"target\":{\"@type\":\"EntryPoint\",\"urlTemplate\":\"https:\\\/\\\/www.actvism.org\\\/?s={search_term_string}\"},\"query-input\":{\"@type\":\"PropertyValueSpecification\",\"valueRequired\":true,\"valueName\":\"search_term_string\"}}],\"inLanguage\":\"en-US\"},{\"@type\":\"Organization\",\"@id\":\"https:\\\/\\\/www.actvism.org\\\/#organization\",\"name\":\"acTVism Munich e.V.\",\"url\":\"https:\\\/\\\/www.actvism.org\\\/\",\"logo\":{\"@type\":\"ImageObject\",\"inLanguage\":\"en-US\",\"@id\":\"https:\\\/\\\/www.actvism.org\\\/#\\\/schema\\\/logo\\\/image\\\/\",\"url\":\"https:\\\/\\\/www.actvism.org\\\/wp-content\\\/uploads\\\/2020\\\/11\\\/logo.svg\",\"contentUrl\":\"https:\\\/\\\/www.actvism.org\\\/wp-content\\\/uploads\\\/2020\\\/11\\\/logo.svg\",\"width\":200,\"height\":57,\"caption\":\"acTVism Munich e.V.\"},\"image\":{\"@id\":\"https:\\\/\\\/www.actvism.org\\\/#\\\/schema\\\/logo\\\/image\\\/\"},\"sameAs\":[\"https:\\\/\\\/facebook.com\\\/acTVism\",\"https:\\\/\\\/x.com\\\/acTVismMunich\"]},{\"@type\":\"Person\",\"@id\":\"https:\\\/\\\/www.actvism.org\\\/#\\\/schema\\\/person\\\/bc2c8684912eb2289fe0009f5ca451d6\",\"name\":\"atv_admin\",\"image\":{\"@type\":\"ImageObject\",\"inLanguage\":\"en-US\",\"@id\":\"https:\\\/\\\/secure.gravatar.com\\\/avatar\\\/53465926e4246ee1b807a849c23197531fd45c1bcd02682ada54ddb12eaa7a6d?s=96&d=mm&r=g\",\"url\":\"https:\\\/\\\/secure.gravatar.com\\\/avatar\\\/53465926e4246ee1b807a849c23197531fd45c1bcd02682ada54ddb12eaa7a6d?s=96&d=mm&r=g\",\"contentUrl\":\"https:\\\/\\\/secure.gravatar.com\\\/avatar\\\/53465926e4246ee1b807a849c23197531fd45c1bcd02682ada54ddb12eaa7a6d?s=96&d=mm&r=g\",\"caption\":\"atv_admin\"},\"url\":\"https:\\\/\\\/www.actvism.org\\\/en\\\/author\\\/atv_admin\\\/\"}]}<\/script>\n<!-- \/ Yoast SEO plugin. -->","yoast_head_json":{"title":"Interview mit \"Keine Waffen vom Bodensee e.V.\"","robots":{"index":"index","follow":"follow","max-snippet":"max-snippet:-1","max-image-preview":"max-image-preview:large","max-video-preview":"max-video-preview:-1"},"canonical":"https:\/\/www.actvism.org\/politics\/keine-waffen-vom-bodensee\/","og_locale":"en_US","og_type":"article","og_title":"Interview mit \"Keine Waffen vom Bodensee e.V.\" - acTVism","og_url":"https:\/\/www.actvism.org\/politics\/keine-waffen-vom-bodensee\/","og_site_name":"acTVism","article_publisher":"https:\/\/facebook.com\/acTVism","article_published_time":"2019-11-03T17:18:48+00:00","article_modified_time":"2020-11-06T16:48:45+00:00","og_image":[{"width":720,"height":482,"url":"https:\/\/www.actvism.org\/wp-content\/uploads\/2019\/11\/1200px-Leopard_2_A5_der_Bundeswehr-720x482.jpg","type":"image\/jpeg"}],"author":"atv_admin","twitter_card":"summary_large_image","twitter_creator":"@acTVismMunich","twitter_site":"@acTVismMunich","twitter_misc":{"Written by":"atv_admin","Est. reading time":"2 minutes"},"schema":{"@context":"https:\/\/schema.org","@graph":[{"@type":"Article","@id":"https:\/\/www.actvism.org\/politics\/keine-waffen-vom-bodensee\/#article","isPartOf":{"@id":"https:\/\/www.actvism.org\/politics\/keine-waffen-vom-bodensee\/"},"author":{"name":"atv_admin","@id":"https:\/\/www.actvism.org\/#\/schema\/person\/bc2c8684912eb2289fe0009f5ca451d6"},"headline":"Interview mit &#8220;Keine Waffen vom Bodensee e.V.&#8221;","datePublished":"2019-11-03T17:18:48+00:00","dateModified":"2020-11-06T16:48:45+00:00","mainEntityOfPage":{"@id":"https:\/\/www.actvism.org\/politics\/keine-waffen-vom-bodensee\/"},"wordCount":482,"commentCount":0,"publisher":{"@id":"https:\/\/www.actvism.org\/#organization"},"articleSection":["LATEST","OUR CONTENT"],"inLanguage":"en-US","potentialAction":[{"@type":"CommentAction","name":"Comment","target":["https:\/\/www.actvism.org\/politics\/keine-waffen-vom-bodensee\/#respond"]}]},{"@type":"WebPage","@id":"https:\/\/www.actvism.org\/politics\/keine-waffen-vom-bodensee\/","url":"https:\/\/www.actvism.org\/politics\/keine-waffen-vom-bodensee\/","name":"Interview mit \"Keine Waffen vom Bodensee e.V.\"","isPartOf":{"@id":"https:\/\/www.actvism.org\/#website"},"datePublished":"2019-11-03T17:18:48+00:00","dateModified":"2020-11-06T16:48:45+00:00","description":"In diesem Interview mit Lothar H\u00f6fler, dem ersten Vorsitzenden und Mitbegr\u00fcnder des Vereins \u201cKeine Waffen vom Bodensee e.V.\u201d sprechen wir ...","inLanguage":"en-US","potentialAction":[{"@type":"ReadAction","target":["https:\/\/www.actvism.org\/politics\/keine-waffen-vom-bodensee\/"]}]},{"@type":"WebSite","@id":"https:\/\/www.actvism.org\/#website","url":"https:\/\/www.actvism.org\/","name":"acTVism","description":"information that moves","publisher":{"@id":"https:\/\/www.actvism.org\/#organization"},"potentialAction":[{"@type":"SearchAction","target":{"@type":"EntryPoint","urlTemplate":"https:\/\/www.actvism.org\/?s={search_term_string}"},"query-input":{"@type":"PropertyValueSpecification","valueRequired":true,"valueName":"search_term_string"}}],"inLanguage":"en-US"},{"@type":"Organization","@id":"https:\/\/www.actvism.org\/#organization","name":"acTVism Munich e.V.","url":"https:\/\/www.actvism.org\/","logo":{"@type":"ImageObject","inLanguage":"en-US","@id":"https:\/\/www.actvism.org\/#\/schema\/logo\/image\/","url":"https:\/\/www.actvism.org\/wp-content\/uploads\/2020\/11\/logo.svg","contentUrl":"https:\/\/www.actvism.org\/wp-content\/uploads\/2020\/11\/logo.svg","width":200,"height":57,"caption":"acTVism Munich e.V."},"image":{"@id":"https:\/\/www.actvism.org\/#\/schema\/logo\/image\/"},"sameAs":["https:\/\/facebook.com\/acTVism","https:\/\/x.com\/acTVismMunich"]},{"@type":"Person","@id":"https:\/\/www.actvism.org\/#\/schema\/person\/bc2c8684912eb2289fe0009f5ca451d6","name":"atv_admin","image":{"@type":"ImageObject","inLanguage":"en-US","@id":"https:\/\/secure.gravatar.com\/avatar\/53465926e4246ee1b807a849c23197531fd45c1bcd02682ada54ddb12eaa7a6d?s=96&d=mm&r=g","url":"https:\/\/secure.gravatar.com\/avatar\/53465926e4246ee1b807a849c23197531fd45c1bcd02682ada54ddb12eaa7a6d?s=96&d=mm&r=g","contentUrl":"https:\/\/secure.gravatar.com\/avatar\/53465926e4246ee1b807a849c23197531fd45c1bcd02682ada54ddb12eaa7a6d?s=96&d=mm&r=g","caption":"atv_admin"},"url":"https:\/\/www.actvism.org\/en\/author\/atv_admin\/"}]}},"_links":{"self":[{"href":"https:\/\/www.actvism.org\/en\/wp-json\/wp\/v2\/posts\/5807","targetHints":{"allow":["GET"]}}],"collection":[{"href":"https:\/\/www.actvism.org\/en\/wp-json\/wp\/v2\/posts"}],"about":[{"href":"https:\/\/www.actvism.org\/en\/wp-json\/wp\/v2\/types\/post"}],"author":[{"embeddable":true,"href":"https:\/\/www.actvism.org\/en\/wp-json\/wp\/v2\/users\/1"}],"replies":[{"embeddable":true,"href":"https:\/\/www.actvism.org\/en\/wp-json\/wp\/v2\/comments?post=5807"}],"version-history":[{"count":0,"href":"https:\/\/www.actvism.org\/en\/wp-json\/wp\/v2\/posts\/5807\/revisions"}],"wp:attachment":[{"href":"https:\/\/www.actvism.org\/en\/wp-json\/wp\/v2\/media?parent=5807"}],"wp:term":[{"taxonomy":"category","embeddable":true,"href":"https:\/\/www.actvism.org\/en\/wp-json\/wp\/v2\/categories?post=5807"},{"taxonomy":"post_tag","embeddable":true,"href":"https:\/\/www.actvism.org\/en\/wp-json\/wp\/v2\/tags?post=5807"},{"taxonomy":"channel","embeddable":true,"href":"https:\/\/www.actvism.org\/en\/wp-json\/wp\/v2\/channel?post=5807"}],"curies":[{"name":"wp","href":"https:\/\/api.w.org\/{rel}","templated":true}]}}