{"id":7364,"date":"2021-07-19T17:21:20","date_gmt":"2021-07-19T15:21:20","guid":{"rendered":"https:\/\/www.actvism.org\/?p=7364"},"modified":"2021-07-19T17:21:20","modified_gmt":"2021-07-19T15:21:20","slug":"sterben-legalisiert-hungerstreikenden","status":"publish","type":"post","link":"https:\/\/www.actvism.org\/en\/tip\/sterben-legalisiert-hungerstreikenden\/","title":{"rendered":"\u2018Dying to be regularised\u2019: 100+ artists and thinkers sign open letter in support of Brussels\u2019 hunger strikers"},"content":{"rendered":"<div class=\"container\">\n<div class=\"row justify-content-md-center\">\n<div class=\"col-md-8 pb-3\">\n<h2 class=\"title-block\">\u2018Dying to be regularised\u2019: 100+ artists and thinkers sign open letter in support of Brussels\u2019 hunger strikers<\/h2>\n<hr \/>\n<h3>More than 100 artists and prominent personalities have co-signed an open letter in support of the Brussels hunger-strikers, including DiEM25 co-founder and MeRA25 leader Yanis Varoufakis and several members of DiEM25\u2019s Advisory Panel.<\/h3>\n<hr \/>\n<p>Author: <a href=\"https:\/\/diem25.org\/\" target=\"_blank\" rel=\"noopener\">Democraccy in Europe Movement 2025<\/a><\/p>\n<hr \/>\n<p><strong>Farida is 51.<\/strong>\u00a0She was born in Belgium. Her whole family has the Belgian nationality. Farida has a steady job. She cleans offices and public buildings, for 6 to 8\u20ac an hour. Her last application for regularisation of her administrative status got rejected and she is now subjected to a formal order to leave the territory, issued by the state.<\/p>\n<p><strong>Kiran<\/strong>\u00a0fled a civil war in Nepal and filed an asylum claim in Belgium, 16 years ago. While his asylum request was still pending, he got a job. He was then paid 10\u20ac an hour. When his asylum claim got rejected, his wage fell to 2,5\u20ac an hour. His daughter, born in Belgium, is now 5 years old and speaks fluent Flemish that she learned at school. The family introduced five applications to be regularised, they were all rejected.<\/p>\n<p><strong>Mohamed<\/strong>\u00a0has been living in Belgium for 17 years. He treasures an old picture of the inauguration of the new Brussels\u2019 metro. \u201cI worked on public construction sites. [\u2026] We dug the metro tunnels linking the four lines. It was tough. What I recall most vividly, is that we were always gasping for oxygen.\u201d Mohamed worked for a shady subcontractor \u201cwithout any insurance or protection\u201d. He adds \u201cif we got lucky, they would pay us 3\u20ac an hour.\u201d<\/p>\n<p><strong>Farida, Kiran and Mohamed<\/strong>\u00a0are part of a political collective made of 475 undocumented migrants. For the last 50 days, they have occupied and conducted a hunger strike in three sites in Brussels (two universities and a church). Having first engaged into more traditional forms of political actions (lobbying, demonstrations, occupations, etc.) and pushed to the edge by the consequences of the Covid-19 pandemic, they decided to turn to a political action of last resort: they rendered visible on their own flesh the violence to which they are subjected on a daily basis. Reduced by their economic exploitation to the status of pure bodies, they turned their organisms into the site of the struggle for their legal recognition. According to the physicians who look after them, their hunger strike entered the \u201ccritical\u201d phase two weeks ago. Their bodies, having burned all of sugar and fat, start to consume its own organs, including the heart. Death becomes then a real and imminent threat.<\/p>\n<h3>Simple demands<\/h3>\n<p>The undocumented migrants\u2019 demands are simple. First, they want the hunger strikers to be regularised. Second, they want the definition of clear and permanent criteria of regularisation, that would be applied by an independent commission, to be put on the government\u2019s political agenda.<\/p>\n<p>The current state secretary for asylum and migration, the christian-democrat Sammy Mahdi, is refusing to open any negotiation on this basis. He\u2019s resorting to a hefty argument to justify his rigid stance: the undocumented migrants have received an order to leave the territory, issued by the state, to which they did not comply. They are therefore individually responsible for their administrative situation.<\/p>\n<p>Is this juridical formalism enough to justify denying the undocumented migrants any legal status? It conveniently sweeps under the carpet the fact that Belgium (and more broadly the European Union) often\u00a0<em>produces\u00a0<\/em>the migrants\u2019 irregular situation. There are 150,000 persons in Belgium living and working in Belgium without papers. According to a study produced by the Pew Center, around 3.9 to 4.8 millions persons are undocumented migrants within the EU.<\/p>\n<p>This massive number is the result of a deliberate shift in the design of migration policies. Over the last 20 years, European states have collectively and drastically reduced the legal migration pathways to Europe. They promoted restrictive and arbitrary practices within their public administration, toughening for instance the conditions to renew temporary residence permits \u2013 which pushed many migrants into an irregular status. They externalised the sensitive task of controlling the European external borders, delegating this responsibility to neighbouring states (such as Turkey and Libya) whose records with regards to migrants\u2019 welfare is poor, to say the least. They also allowed their labour markets to become segmented between the workers\u00a0<em>with\u00a0<\/em>and\u00a0<em>without\u00a0<\/em>papers, which further fuels social dumping into economic sectors that cannot be outsourced (construction, food and hospitality, care, etc.) while facilitating the exploitation of an insecure workforce.<\/p>\n<p>This juridical formalism also overlooks the peculiar history of Belgium\u2019s migration policies. Over the last decades, roughly every ten years, Belgium grows aware that there are many undocumented migrants living on its territory and that this situation is unsustainable in the long term. Belgium then proceeds to large-scale but temporary regularisation campaigns (in 1999-2000 and then in 2009-2011), swearing each time that this is would be the last. By contrast, France and Spain have long concluded that this erratic management of migration led to a political dead-end. They opted to set up some clear and permanent criteria (such as the length of the stay, a stable job, proven social ties, etc.) in virtue of which undocumented migrants can be regularised on a continuous and individual basis.<\/p>\n<h3>Fear of the far-right<\/h3>\n<p>The Belgian government \u2013 as many other governments across Europe \u2013 is committing a grave political mistake. It is petrified by the rise of right-wing nationalist parties. It is attempting to demarcate itself from this political offer (while nevertheless appealing to its electorate) by implementing migration policies that are \u201cfirm but humane\u201d. But pragmatically it means that the Belgian government is currently implementing a watered-down version of the migration platform promoted by nationalist parties while claiming to hold in high esteem the human rights and the norms of international law.<\/p>\n<p>Such an approach amounts to a double failure. For, it implies that xenophobic parties have the right political answers to migration while tainting the universal values it refers itself to. To fight back against the far-right, one does not co-opt its political agenda. To fight back against the far-right, one contests its ideas, be it through its rhetoric or its actions.<\/p>\n<p>For all the reasons above, we urge the Belgian government to resume as soon as possible the dialogue with the hunger strikers in the perspective of their regularisation and to launch political reform setting up some clear and permanent criteria of regularisation for the future.<\/p>\n<p><strong>This letter is co-signed by:<br \/>\n<\/strong>Ken Loach [DiEM25 Advisory Panel member]; Dardenne Brothers ; Noam Chomsky [DiEM25 Advisory Panel member] ; Roger Waters ; Christiane Taubira ; Agn\u00e8s Jaoui ; Agn\u00e8s B ; Brian Eno [DiEM25 Advisory Panel member] ; Costa Gavras ; Michele Ray Gavras ; Saule ; Susan George ; Dominique Gros ; Radu Mihaileanu ; C\u00e9dric Herrou ; Dominique Blanc ; Judith Butler ; Ir\u00e8ne Jacob ; Marianne Denicourt ; Andr\u00e9 Wilms ; Yanis Varoufakis [DiEM25 co-founder and MeRA25 leader] ; Jean Ziegler ; Ai Wei Wei ; Peter Gabriel ; Bouli Lanners ; Virginie Ledoyen ; Natacha Regnier ; Liam Cunningham ; Jeanne Balibar ; Marius Gilbert ; Emmanuel Andr\u00e9 ; Robert Guediguian ; Fran\u00e7oise Tulkens ; Annemie Schaus ; Aki Kaurismaki ; Mike Leigh ; Etienne Balibar ; Philippe Geluck ; Achille Mbemb\u00e9 ;<\/p>\n<hr \/>\n<p><strong><em><span class=\"fbPhotosPhotoCaption\" tabindex=\"0\" data-ft=\"{\"><span class=\"hasCaption\"><span class=\"text_exposed_show\">Note: All opinions expressed are the author\u2019s own and do not necessarily reflect the editorial position of acTVsm Munich.<\/span><\/span><\/span><\/em><\/strong><\/p>\n<hr \/>\n<h2>ABOUT DiEM25<\/h2>\n<p><strong>DiEM25<\/strong>\u00a0is a pan-European, cross-border movement of democrats that is focused on addressing the economic and social problems faced by Europe today. It provides an alternative to austerity policies that it\u00a0 argues are dividing the continent and fueling the rise of \u201cinternational nationalists\u201c.<\/p>\n<hr \/><\/div>\n<\/p><\/div>\n<\/div>\n","protected":false},"excerpt":{"rendered":"<p>More than 100 artists and prominent personalities have co-signed an open letter in support of the Brussels hunger-strikers, including DiEM25 co-founder and MeRA25 leader Yanis Varoufakis and several members of DiEM25\u2019s Advisory Panel.<\/p>\n","protected":false},"author":1,"featured_media":0,"comment_status":"open","ping_status":"open","sticky":false,"template":"","format":"standard","meta":{"_acf_changed":false,"inline_featured_image":false,"footnotes":""},"categories":[1,886,8577],"tags":[],"channel":[],"class_list":["post-7364","post","type-post","status-publish","format-standard","hentry","category-latest","category-opinions","category-tip"],"translation":{"provider":"WPGlobus","version":"3.0.0","language":"en","enabled_languages":["de","en"],"languages":{"de":{"title":true,"content":true,"excerpt":true},"en":{"title":true,"content":true,"excerpt":true}}},"acf":[],"yoast_head":"<!-- This site is optimized with the Yoast SEO plugin v27.5 - https:\/\/yoast.com\/product\/yoast-seo-wordpress\/ -->\n<title>&quot;Sterben, um legalisiert zu werden&quot;: 100+ K\u00fcnstler &amp; Denker unterzeichnen offenen Brief zur Unterst\u00fctzung der Br\u00fcsseler Hungerstreikenden<\/title>\n<meta name=\"robots\" content=\"index, follow, max-snippet:-1, max-image-preview:large, max-video-preview:-1\" \/>\n<link rel=\"canonical\" href=\"https:\/\/www.actvism.org\/tip\/sterben-legalisiert-hungerstreikenden\/\" \/>\n<meta property=\"og:locale\" content=\"en_US\" \/>\n<meta property=\"og:type\" content=\"article\" \/>\n<meta property=\"og:title\" content=\"\u2018Dying to be regularised\u2019: 100+ artists and thinkers sign open letter in support of Brussels\u2019 hunger strikers - acTVism\" \/>\n<meta property=\"og:url\" content=\"https:\/\/www.actvism.org\/tip\/sterben-legalisiert-hungerstreikenden\/\" \/>\n<meta property=\"og:site_name\" content=\"acTVism\" \/>\n<meta property=\"article:publisher\" content=\"https:\/\/facebook.com\/acTVism\" \/>\n<meta property=\"article:published_time\" content=\"2021-07-19T15:21:20+00:00\" \/>\n<meta property=\"og:image\" content=\"https:\/\/www.actvism.org\/wp-content\/uploads\/2021\/07\/51283387083_0f6cda79b7_k.jpg\" \/>\n\t<meta property=\"og:image:width\" content=\"1920\" \/>\n\t<meta property=\"og:image:height\" content=\"1280\" \/>\n\t<meta property=\"og:image:type\" content=\"image\/jpeg\" \/>\n<meta name=\"author\" content=\"atv_admin\" \/>\n<meta name=\"twitter:card\" content=\"summary_large_image\" \/>\n<meta name=\"twitter:creator\" content=\"@acTVismMunich\" \/>\n<meta name=\"twitter:site\" content=\"@acTVismMunich\" \/>\n<meta name=\"twitter:label1\" content=\"Written by\" \/>\n\t<meta name=\"twitter:data1\" content=\"atv_admin\" \/>\n\t<meta name=\"twitter:label2\" content=\"Est. reading time\" \/>\n\t<meta name=\"twitter:data2\" content=\"6 minutes\" \/>\n<script type=\"application\/ld+json\" class=\"yoast-schema-graph\">{\"@context\":\"https:\\\/\\\/schema.org\",\"@graph\":[{\"@type\":\"Article\",\"@id\":\"https:\\\/\\\/www.actvism.org\\\/tip\\\/sterben-legalisiert-hungerstreikenden\\\/#article\",\"isPartOf\":{\"@id\":\"https:\\\/\\\/www.actvism.org\\\/tip\\\/sterben-legalisiert-hungerstreikenden\\\/\"},\"author\":{\"name\":\"atv_admin\",\"@id\":\"https:\\\/\\\/www.actvism.org\\\/#\\\/schema\\\/person\\\/bc2c8684912eb2289fe0009f5ca451d6\"},\"headline\":\"\u2018Dying to be regularised\u2019: 100+ artists and thinkers sign open letter in support of Brussels\u2019 hunger strikers\",\"datePublished\":\"2021-07-19T15:21:20+00:00\",\"mainEntityOfPage\":{\"@id\":\"https:\\\/\\\/www.actvism.org\\\/tip\\\/sterben-legalisiert-hungerstreikenden\\\/\"},\"wordCount\":2561,\"commentCount\":0,\"publisher\":{\"@id\":\"https:\\\/\\\/www.actvism.org\\\/#organization\"},\"articleSection\":[\"LATEST\",\"IMPORT\",\"TIP\"],\"inLanguage\":\"en-US\",\"potentialAction\":[{\"@type\":\"CommentAction\",\"name\":\"Comment\",\"target\":[\"https:\\\/\\\/www.actvism.org\\\/tip\\\/sterben-legalisiert-hungerstreikenden\\\/#respond\"]}]},{\"@type\":\"WebPage\",\"@id\":\"https:\\\/\\\/www.actvism.org\\\/tip\\\/sterben-legalisiert-hungerstreikenden\\\/\",\"url\":\"https:\\\/\\\/www.actvism.org\\\/tip\\\/sterben-legalisiert-hungerstreikenden\\\/\",\"name\":\"\\\"Sterben, um legalisiert zu werden\\\": 100+ K\u00fcnstler & Denker unterzeichnen offenen Brief zur Unterst\u00fctzung der Br\u00fcsseler Hungerstreikenden\",\"isPartOf\":{\"@id\":\"https:\\\/\\\/www.actvism.org\\\/#website\"},\"datePublished\":\"2021-07-19T15:21:20+00:00\",\"description\":\"Mehr als 100 K\u00fcnstler*innen und prominente Pers\u00f6nlichkeiten haben einen offenen Brief zur Unterst\u00fctzung der Hungerstreikenden in Br\u00fcssel unterzeichnet, darunter DiEM25-Mitbegr\u00fcnder und MeRA25-Vorsitzender Yanis Varoufakis und mehrere Mitglieder des Advisory Panel von DiEM25.\",\"inLanguage\":\"en-US\",\"potentialAction\":[{\"@type\":\"ReadAction\",\"target\":[\"https:\\\/\\\/www.actvism.org\\\/tip\\\/sterben-legalisiert-hungerstreikenden\\\/\"]}]},{\"@type\":\"WebSite\",\"@id\":\"https:\\\/\\\/www.actvism.org\\\/#website\",\"url\":\"https:\\\/\\\/www.actvism.org\\\/\",\"name\":\"acTVism\",\"description\":\"information that moves\",\"publisher\":{\"@id\":\"https:\\\/\\\/www.actvism.org\\\/#organization\"},\"potentialAction\":[{\"@type\":\"SearchAction\",\"target\":{\"@type\":\"EntryPoint\",\"urlTemplate\":\"https:\\\/\\\/www.actvism.org\\\/?s={search_term_string}\"},\"query-input\":{\"@type\":\"PropertyValueSpecification\",\"valueRequired\":true,\"valueName\":\"search_term_string\"}}],\"inLanguage\":\"en-US\"},{\"@type\":\"Organization\",\"@id\":\"https:\\\/\\\/www.actvism.org\\\/#organization\",\"name\":\"acTVism Munich e.V.\",\"url\":\"https:\\\/\\\/www.actvism.org\\\/\",\"logo\":{\"@type\":\"ImageObject\",\"inLanguage\":\"en-US\",\"@id\":\"https:\\\/\\\/www.actvism.org\\\/#\\\/schema\\\/logo\\\/image\\\/\",\"url\":\"https:\\\/\\\/www.actvism.org\\\/wp-content\\\/uploads\\\/2020\\\/11\\\/logo.svg\",\"contentUrl\":\"https:\\\/\\\/www.actvism.org\\\/wp-content\\\/uploads\\\/2020\\\/11\\\/logo.svg\",\"width\":200,\"height\":57,\"caption\":\"acTVism Munich e.V.\"},\"image\":{\"@id\":\"https:\\\/\\\/www.actvism.org\\\/#\\\/schema\\\/logo\\\/image\\\/\"},\"sameAs\":[\"https:\\\/\\\/facebook.com\\\/acTVism\",\"https:\\\/\\\/x.com\\\/acTVismMunich\"]},{\"@type\":\"Person\",\"@id\":\"https:\\\/\\\/www.actvism.org\\\/#\\\/schema\\\/person\\\/bc2c8684912eb2289fe0009f5ca451d6\",\"name\":\"atv_admin\",\"image\":{\"@type\":\"ImageObject\",\"inLanguage\":\"en-US\",\"@id\":\"https:\\\/\\\/secure.gravatar.com\\\/avatar\\\/53465926e4246ee1b807a849c23197531fd45c1bcd02682ada54ddb12eaa7a6d?s=96&d=mm&r=g\",\"url\":\"https:\\\/\\\/secure.gravatar.com\\\/avatar\\\/53465926e4246ee1b807a849c23197531fd45c1bcd02682ada54ddb12eaa7a6d?s=96&d=mm&r=g\",\"contentUrl\":\"https:\\\/\\\/secure.gravatar.com\\\/avatar\\\/53465926e4246ee1b807a849c23197531fd45c1bcd02682ada54ddb12eaa7a6d?s=96&d=mm&r=g\",\"caption\":\"atv_admin\"},\"url\":\"https:\\\/\\\/www.actvism.org\\\/en\\\/author\\\/atv_admin\\\/\"}]}<\/script>\n<!-- \/ Yoast SEO plugin. -->","yoast_head_json":{"title":"\"Sterben, um legalisiert zu werden\": 100+ K\u00fcnstler & Denker unterzeichnen offenen Brief zur Unterst\u00fctzung der Br\u00fcsseler Hungerstreikenden","robots":{"index":"index","follow":"follow","max-snippet":"max-snippet:-1","max-image-preview":"max-image-preview:large","max-video-preview":"max-video-preview:-1"},"canonical":"https:\/\/www.actvism.org\/tip\/sterben-legalisiert-hungerstreikenden\/","og_locale":"en_US","og_type":"article","og_title":"\u2018Dying to be regularised\u2019: 100+ artists and thinkers sign open letter in support of Brussels\u2019 hunger strikers - acTVism","og_url":"https:\/\/www.actvism.org\/tip\/sterben-legalisiert-hungerstreikenden\/","og_site_name":"acTVism","article_publisher":"https:\/\/facebook.com\/acTVism","article_published_time":"2021-07-19T15:21:20+00:00","og_image":[{"width":1920,"height":1280,"url":"https:\/\/www.actvism.org\/wp-content\/uploads\/2021\/07\/51283387083_0f6cda79b7_k.jpg","type":"image\/jpeg"}],"author":"atv_admin","twitter_card":"summary_large_image","twitter_creator":"@acTVismMunich","twitter_site":"@acTVismMunich","twitter_misc":{"Written by":"atv_admin","Est. reading time":"6 minutes"},"schema":{"@context":"https:\/\/schema.org","@graph":[{"@type":"Article","@id":"https:\/\/www.actvism.org\/tip\/sterben-legalisiert-hungerstreikenden\/#article","isPartOf":{"@id":"https:\/\/www.actvism.org\/tip\/sterben-legalisiert-hungerstreikenden\/"},"author":{"name":"atv_admin","@id":"https:\/\/www.actvism.org\/#\/schema\/person\/bc2c8684912eb2289fe0009f5ca451d6"},"headline":"\u2018Dying to be regularised\u2019: 100+ artists and thinkers sign open letter in support of Brussels\u2019 hunger strikers","datePublished":"2021-07-19T15:21:20+00:00","mainEntityOfPage":{"@id":"https:\/\/www.actvism.org\/tip\/sterben-legalisiert-hungerstreikenden\/"},"wordCount":2561,"commentCount":0,"publisher":{"@id":"https:\/\/www.actvism.org\/#organization"},"articleSection":["LATEST","IMPORT","TIP"],"inLanguage":"en-US","potentialAction":[{"@type":"CommentAction","name":"Comment","target":["https:\/\/www.actvism.org\/tip\/sterben-legalisiert-hungerstreikenden\/#respond"]}]},{"@type":"WebPage","@id":"https:\/\/www.actvism.org\/tip\/sterben-legalisiert-hungerstreikenden\/","url":"https:\/\/www.actvism.org\/tip\/sterben-legalisiert-hungerstreikenden\/","name":"\"Sterben, um legalisiert zu werden\": 100+ K\u00fcnstler & Denker unterzeichnen offenen Brief zur Unterst\u00fctzung der Br\u00fcsseler Hungerstreikenden","isPartOf":{"@id":"https:\/\/www.actvism.org\/#website"},"datePublished":"2021-07-19T15:21:20+00:00","description":"Mehr als 100 K\u00fcnstler*innen und prominente Pers\u00f6nlichkeiten haben einen offenen Brief zur Unterst\u00fctzung der Hungerstreikenden in Br\u00fcssel unterzeichnet, darunter DiEM25-Mitbegr\u00fcnder und MeRA25-Vorsitzender Yanis Varoufakis und mehrere Mitglieder des Advisory Panel von DiEM25.","inLanguage":"en-US","potentialAction":[{"@type":"ReadAction","target":["https:\/\/www.actvism.org\/tip\/sterben-legalisiert-hungerstreikenden\/"]}]},{"@type":"WebSite","@id":"https:\/\/www.actvism.org\/#website","url":"https:\/\/www.actvism.org\/","name":"acTVism","description":"information that moves","publisher":{"@id":"https:\/\/www.actvism.org\/#organization"},"potentialAction":[{"@type":"SearchAction","target":{"@type":"EntryPoint","urlTemplate":"https:\/\/www.actvism.org\/?s={search_term_string}"},"query-input":{"@type":"PropertyValueSpecification","valueRequired":true,"valueName":"search_term_string"}}],"inLanguage":"en-US"},{"@type":"Organization","@id":"https:\/\/www.actvism.org\/#organization","name":"acTVism Munich e.V.","url":"https:\/\/www.actvism.org\/","logo":{"@type":"ImageObject","inLanguage":"en-US","@id":"https:\/\/www.actvism.org\/#\/schema\/logo\/image\/","url":"https:\/\/www.actvism.org\/wp-content\/uploads\/2020\/11\/logo.svg","contentUrl":"https:\/\/www.actvism.org\/wp-content\/uploads\/2020\/11\/logo.svg","width":200,"height":57,"caption":"acTVism Munich e.V."},"image":{"@id":"https:\/\/www.actvism.org\/#\/schema\/logo\/image\/"},"sameAs":["https:\/\/facebook.com\/acTVism","https:\/\/x.com\/acTVismMunich"]},{"@type":"Person","@id":"https:\/\/www.actvism.org\/#\/schema\/person\/bc2c8684912eb2289fe0009f5ca451d6","name":"atv_admin","image":{"@type":"ImageObject","inLanguage":"en-US","@id":"https:\/\/secure.gravatar.com\/avatar\/53465926e4246ee1b807a849c23197531fd45c1bcd02682ada54ddb12eaa7a6d?s=96&d=mm&r=g","url":"https:\/\/secure.gravatar.com\/avatar\/53465926e4246ee1b807a849c23197531fd45c1bcd02682ada54ddb12eaa7a6d?s=96&d=mm&r=g","contentUrl":"https:\/\/secure.gravatar.com\/avatar\/53465926e4246ee1b807a849c23197531fd45c1bcd02682ada54ddb12eaa7a6d?s=96&d=mm&r=g","caption":"atv_admin"},"url":"https:\/\/www.actvism.org\/en\/author\/atv_admin\/"}]}},"_links":{"self":[{"href":"https:\/\/www.actvism.org\/en\/wp-json\/wp\/v2\/posts\/7364","targetHints":{"allow":["GET"]}}],"collection":[{"href":"https:\/\/www.actvism.org\/en\/wp-json\/wp\/v2\/posts"}],"about":[{"href":"https:\/\/www.actvism.org\/en\/wp-json\/wp\/v2\/types\/post"}],"author":[{"embeddable":true,"href":"https:\/\/www.actvism.org\/en\/wp-json\/wp\/v2\/users\/1"}],"replies":[{"embeddable":true,"href":"https:\/\/www.actvism.org\/en\/wp-json\/wp\/v2\/comments?post=7364"}],"version-history":[{"count":0,"href":"https:\/\/www.actvism.org\/en\/wp-json\/wp\/v2\/posts\/7364\/revisions"}],"wp:attachment":[{"href":"https:\/\/www.actvism.org\/en\/wp-json\/wp\/v2\/media?parent=7364"}],"wp:term":[{"taxonomy":"category","embeddable":true,"href":"https:\/\/www.actvism.org\/en\/wp-json\/wp\/v2\/categories?post=7364"},{"taxonomy":"post_tag","embeddable":true,"href":"https:\/\/www.actvism.org\/en\/wp-json\/wp\/v2\/tags?post=7364"},{"taxonomy":"channel","embeddable":true,"href":"https:\/\/www.actvism.org\/en\/wp-json\/wp\/v2\/channel?post=7364"}],"curies":[{"name":"wp","href":"https:\/\/api.w.org\/{rel}","templated":true}]}}