{"id":8779,"date":"2021-10-14T13:46:57","date_gmt":"2021-10-14T11:46:57","guid":{"rendered":"https:\/\/www.actvism.org\/?p=7530"},"modified":"2021-10-14T13:46:57","modified_gmt":"2021-10-14T11:46:57","slug":"buchbesprechung-von-kontext-tv","status":"publish","type":"post","link":"https:\/\/www.actvism.org\/en\/opinions\/buchbesprechung-von-kontext-tv\/","title":{"rendered":"The Stuff We Are Made Of | Book Review by Kontext TV"},"content":{"rendered":"<div class=\"container\">\n<div class=\"row justify-content-md-center\">\n<div class=\"col-md-8 pb-3\">Due to limited financial and technical resources, this video is only available in German. Please donate today to our crowdfunding campaign so we can translate all of our content into English. <a href=\"https:\/\/www.betterplace.org\/en\/projects\/51400-actvism-munich-crowdfunding\" target=\"_blank\" rel=\"noopener\">Click here or on the picture below.<\/a><\/p>\n<hr \/>\n<p><a href=\"https:\/\/www.betterplace.org\/en\/projects\/51400-actvism-munich-crowdfunding\"><img loading=\"lazy\" decoding=\"async\" class=\"alignnone size-full wp-image-2803\" src=\"https:\/\/www.actvism.org\/wp-content\/uploads\/2017\/01\/Anku\u0308ndigung_FB_acTVism_BP.jpg\" alt=\"\" width=\"1191\" height=\"1191\" srcset=\"https:\/\/www.actvism.org\/wp-content\/uploads\/2017\/01\/Anku\u0308ndigung_FB_acTVism_BP.jpg 1191w, https:\/\/www.actvism.org\/wp-content\/uploads\/2017\/01\/Anku\u0308ndigung_FB_acTVism_BP-150x150.jpg 150w, https:\/\/www.actvism.org\/wp-content\/uploads\/2017\/01\/Anku\u0308ndigung_FB_acTVism_BP-300x300.jpg 300w, https:\/\/www.actvism.org\/wp-content\/uploads\/2017\/01\/Anku\u0308ndigung_FB_acTVism_BP-1024x1024.jpg 1024w, https:\/\/www.actvism.org\/wp-content\/uploads\/2017\/01\/Anku\u0308ndigung_FB_acTVism_BP-700x700.jpg 700w\" sizes=\"auto, (max-width: 1191px) 100vw, 1191px\" \/><\/a><\/p>\n<hr \/>\n<p>&nbsp;<\/p><\/div>\n<\/p><\/div>\n<\/div>\n","protected":false},"excerpt":{"rendered":"<p>Due to limited financial and technical resources, this video is only available in German. Please donate today to our crowdfunding campaign so we can translate all of our content into English. Click here or on the picture below.<\/p>\n","protected":false},"author":1,"featured_media":7531,"comment_status":"open","ping_status":"open","sticky":false,"template":"","format":"standard","meta":{"_acf_changed":false,"inline_featured_image":false,"footnotes":""},"categories":[1,886],"tags":[],"channel":[],"class_list":["post-8779","post","type-post","status-publish","format-standard","has-post-thumbnail","hentry","category-latest","category-opinions"],"translation":{"provider":"WPGlobus","version":"3.0.0","language":"en","enabled_languages":["de","en"],"languages":{"de":{"title":true,"content":true,"excerpt":true},"en":{"title":true,"content":true,"excerpt":true}}},"acf":[],"yoast_head":"<!-- This site is optimized with the Yoast SEO plugin v27.4 - https:\/\/yoast.com\/product\/yoast-seo-wordpress\/ -->\n<title>Der Stoff aus dem wir sind | Buchbesprechung von Kontext TV<\/title>\n<meta name=\"robots\" content=\"index, follow, max-snippet:-1, max-image-preview:large, max-video-preview:-1\" \/>\n<link rel=\"canonical\" href=\"https:\/\/www.actvism.org\/opinions\/buchbesprechung-von-kontext-tv\/\" \/>\n<meta property=\"og:locale\" content=\"en_US\" \/>\n<meta property=\"og:type\" content=\"article\" \/>\n<meta property=\"og:title\" content=\"The Stuff We Are Made Of | Book Review by Kontext TV - acTVism\" \/>\n<meta property=\"og:url\" content=\"https:\/\/www.actvism.org\/opinions\/buchbesprechung-von-kontext-tv\/\" \/>\n<meta property=\"og:site_name\" content=\"acTVism\" \/>\n<meta property=\"article:publisher\" content=\"https:\/\/facebook.com\/acTVism\" \/>\n<meta property=\"article:published_time\" content=\"2021-10-14T11:46:57+00:00\" \/>\n<meta name=\"author\" content=\"atv_admin\" \/>\n<meta name=\"twitter:card\" content=\"summary_large_image\" \/>\n<meta name=\"twitter:creator\" content=\"@acTVismMunich\" \/>\n<meta name=\"twitter:site\" content=\"@acTVismMunich\" \/>\n<meta name=\"twitter:label1\" content=\"Written by\" \/>\n\t<meta name=\"twitter:data1\" content=\"atv_admin\" \/>\n\t<meta name=\"twitter:label2\" content=\"Est. reading time\" \/>\n\t<meta name=\"twitter:data2\" content=\"2 minutes\" \/>\n<script type=\"application\/ld+json\" class=\"yoast-schema-graph\">{\"@context\":\"https:\\\/\\\/schema.org\",\"@graph\":[{\"@type\":\"Article\",\"@id\":\"https:\\\/\\\/www.actvism.org\\\/opinions\\\/buchbesprechung-von-kontext-tv\\\/#article\",\"isPartOf\":{\"@id\":\"https:\\\/\\\/www.actvism.org\\\/opinions\\\/buchbesprechung-von-kontext-tv\\\/\"},\"author\":{\"name\":\"atv_admin\",\"@id\":\"https:\\\/\\\/www.actvism.org\\\/#\\\/schema\\\/person\\\/bc2c8684912eb2289fe0009f5ca451d6\"},\"headline\":\"The Stuff We Are Made Of | Book Review by Kontext TV\",\"datePublished\":\"2021-10-14T11:46:57+00:00\",\"mainEntityOfPage\":{\"@id\":\"https:\\\/\\\/www.actvism.org\\\/opinions\\\/buchbesprechung-von-kontext-tv\\\/\"},\"wordCount\":441,\"commentCount\":0,\"publisher\":{\"@id\":\"https:\\\/\\\/www.actvism.org\\\/#organization\"},\"image\":{\"@id\":\"https:\\\/\\\/www.actvism.org\\\/opinions\\\/buchbesprechung-von-kontext-tv\\\/#primaryimage\"},\"thumbnailUrl\":\"\",\"articleSection\":[\"LATEST\",\"IMPORT\"],\"inLanguage\":\"en-US\",\"potentialAction\":[{\"@type\":\"CommentAction\",\"name\":\"Comment\",\"target\":[\"https:\\\/\\\/www.actvism.org\\\/opinions\\\/buchbesprechung-von-kontext-tv\\\/#respond\"]}]},{\"@type\":\"WebPage\",\"@id\":\"https:\\\/\\\/www.actvism.org\\\/opinions\\\/buchbesprechung-von-kontext-tv\\\/\",\"url\":\"https:\\\/\\\/www.actvism.org\\\/opinions\\\/buchbesprechung-von-kontext-tv\\\/\",\"name\":\"Der Stoff aus dem wir sind | Buchbesprechung von Kontext TV\",\"isPartOf\":{\"@id\":\"https:\\\/\\\/www.actvism.org\\\/#website\"},\"primaryImageOfPage\":{\"@id\":\"https:\\\/\\\/www.actvism.org\\\/opinions\\\/buchbesprechung-von-kontext-tv\\\/#primaryimage\"},\"image\":{\"@id\":\"https:\\\/\\\/www.actvism.org\\\/opinions\\\/buchbesprechung-von-kontext-tv\\\/#primaryimage\"},\"thumbnailUrl\":\"\",\"datePublished\":\"2021-10-14T11:46:57+00:00\",\"description\":\"Fabian Scheidler im Gespr\u00e4ch mit David Goe\u00dfmann \u00fcber das Buch \\\"Der Stoff, aus dem wir sind- Warum wir Natur und Gesellschaft neu denken m\u00fcssen\\\".\",\"inLanguage\":\"en-US\",\"potentialAction\":[{\"@type\":\"ReadAction\",\"target\":[\"https:\\\/\\\/www.actvism.org\\\/opinions\\\/buchbesprechung-von-kontext-tv\\\/\"]}]},{\"@type\":\"ImageObject\",\"inLanguage\":\"en-US\",\"@id\":\"https:\\\/\\\/www.actvism.org\\\/opinions\\\/buchbesprechung-von-kontext-tv\\\/#primaryimage\",\"url\":\"\",\"contentUrl\":\"\"},{\"@type\":\"WebSite\",\"@id\":\"https:\\\/\\\/www.actvism.org\\\/#website\",\"url\":\"https:\\\/\\\/www.actvism.org\\\/\",\"name\":\"acTVism\",\"description\":\"information that moves\",\"publisher\":{\"@id\":\"https:\\\/\\\/www.actvism.org\\\/#organization\"},\"potentialAction\":[{\"@type\":\"SearchAction\",\"target\":{\"@type\":\"EntryPoint\",\"urlTemplate\":\"https:\\\/\\\/www.actvism.org\\\/?s={search_term_string}\"},\"query-input\":{\"@type\":\"PropertyValueSpecification\",\"valueRequired\":true,\"valueName\":\"search_term_string\"}}],\"inLanguage\":\"en-US\"},{\"@type\":\"Organization\",\"@id\":\"https:\\\/\\\/www.actvism.org\\\/#organization\",\"name\":\"acTVism Munich e.V.\",\"url\":\"https:\\\/\\\/www.actvism.org\\\/\",\"logo\":{\"@type\":\"ImageObject\",\"inLanguage\":\"en-US\",\"@id\":\"https:\\\/\\\/www.actvism.org\\\/#\\\/schema\\\/logo\\\/image\\\/\",\"url\":\"https:\\\/\\\/www.actvism.org\\\/wp-content\\\/uploads\\\/2020\\\/11\\\/logo.svg\",\"contentUrl\":\"https:\\\/\\\/www.actvism.org\\\/wp-content\\\/uploads\\\/2020\\\/11\\\/logo.svg\",\"width\":200,\"height\":57,\"caption\":\"acTVism Munich e.V.\"},\"image\":{\"@id\":\"https:\\\/\\\/www.actvism.org\\\/#\\\/schema\\\/logo\\\/image\\\/\"},\"sameAs\":[\"https:\\\/\\\/facebook.com\\\/acTVism\",\"https:\\\/\\\/x.com\\\/acTVismMunich\"]},{\"@type\":\"Person\",\"@id\":\"https:\\\/\\\/www.actvism.org\\\/#\\\/schema\\\/person\\\/bc2c8684912eb2289fe0009f5ca451d6\",\"name\":\"atv_admin\",\"image\":{\"@type\":\"ImageObject\",\"inLanguage\":\"en-US\",\"@id\":\"https:\\\/\\\/secure.gravatar.com\\\/avatar\\\/53465926e4246ee1b807a849c23197531fd45c1bcd02682ada54ddb12eaa7a6d?s=96&d=mm&r=g\",\"url\":\"https:\\\/\\\/secure.gravatar.com\\\/avatar\\\/53465926e4246ee1b807a849c23197531fd45c1bcd02682ada54ddb12eaa7a6d?s=96&d=mm&r=g\",\"contentUrl\":\"https:\\\/\\\/secure.gravatar.com\\\/avatar\\\/53465926e4246ee1b807a849c23197531fd45c1bcd02682ada54ddb12eaa7a6d?s=96&d=mm&r=g\",\"caption\":\"atv_admin\"},\"url\":\"https:\\\/\\\/www.actvism.org\\\/en\\\/author\\\/atv_admin\\\/\"}]}<\/script>\n<!-- \/ Yoast SEO plugin. -->","yoast_head_json":{"title":"Der Stoff aus dem wir sind | Buchbesprechung von Kontext TV","robots":{"index":"index","follow":"follow","max-snippet":"max-snippet:-1","max-image-preview":"max-image-preview:large","max-video-preview":"max-video-preview:-1"},"canonical":"https:\/\/www.actvism.org\/opinions\/buchbesprechung-von-kontext-tv\/","og_locale":"en_US","og_type":"article","og_title":"The Stuff We Are Made Of | Book Review by Kontext TV - acTVism","og_url":"https:\/\/www.actvism.org\/opinions\/buchbesprechung-von-kontext-tv\/","og_site_name":"acTVism","article_publisher":"https:\/\/facebook.com\/acTVism","article_published_time":"2021-10-14T11:46:57+00:00","author":"atv_admin","twitter_card":"summary_large_image","twitter_creator":"@acTVismMunich","twitter_site":"@acTVismMunich","twitter_misc":{"Written by":"atv_admin","Est. reading time":"2 minutes"},"schema":{"@context":"https:\/\/schema.org","@graph":[{"@type":"Article","@id":"https:\/\/www.actvism.org\/opinions\/buchbesprechung-von-kontext-tv\/#article","isPartOf":{"@id":"https:\/\/www.actvism.org\/opinions\/buchbesprechung-von-kontext-tv\/"},"author":{"name":"atv_admin","@id":"https:\/\/www.actvism.org\/#\/schema\/person\/bc2c8684912eb2289fe0009f5ca451d6"},"headline":"The Stuff We Are Made Of | Book Review by Kontext TV","datePublished":"2021-10-14T11:46:57+00:00","mainEntityOfPage":{"@id":"https:\/\/www.actvism.org\/opinions\/buchbesprechung-von-kontext-tv\/"},"wordCount":441,"commentCount":0,"publisher":{"@id":"https:\/\/www.actvism.org\/#organization"},"image":{"@id":"https:\/\/www.actvism.org\/opinions\/buchbesprechung-von-kontext-tv\/#primaryimage"},"thumbnailUrl":"","articleSection":["LATEST","IMPORT"],"inLanguage":"en-US","potentialAction":[{"@type":"CommentAction","name":"Comment","target":["https:\/\/www.actvism.org\/opinions\/buchbesprechung-von-kontext-tv\/#respond"]}]},{"@type":"WebPage","@id":"https:\/\/www.actvism.org\/opinions\/buchbesprechung-von-kontext-tv\/","url":"https:\/\/www.actvism.org\/opinions\/buchbesprechung-von-kontext-tv\/","name":"Der Stoff aus dem wir sind | Buchbesprechung von Kontext TV","isPartOf":{"@id":"https:\/\/www.actvism.org\/#website"},"primaryImageOfPage":{"@id":"https:\/\/www.actvism.org\/opinions\/buchbesprechung-von-kontext-tv\/#primaryimage"},"image":{"@id":"https:\/\/www.actvism.org\/opinions\/buchbesprechung-von-kontext-tv\/#primaryimage"},"thumbnailUrl":"","datePublished":"2021-10-14T11:46:57+00:00","description":"Fabian Scheidler im Gespr\u00e4ch mit David Goe\u00dfmann \u00fcber das Buch \"Der Stoff, aus dem wir sind- Warum wir Natur und Gesellschaft neu denken m\u00fcssen\".","inLanguage":"en-US","potentialAction":[{"@type":"ReadAction","target":["https:\/\/www.actvism.org\/opinions\/buchbesprechung-von-kontext-tv\/"]}]},{"@type":"ImageObject","inLanguage":"en-US","@id":"https:\/\/www.actvism.org\/opinions\/buchbesprechung-von-kontext-tv\/#primaryimage","url":"","contentUrl":""},{"@type":"WebSite","@id":"https:\/\/www.actvism.org\/#website","url":"https:\/\/www.actvism.org\/","name":"acTVism","description":"information that moves","publisher":{"@id":"https:\/\/www.actvism.org\/#organization"},"potentialAction":[{"@type":"SearchAction","target":{"@type":"EntryPoint","urlTemplate":"https:\/\/www.actvism.org\/?s={search_term_string}"},"query-input":{"@type":"PropertyValueSpecification","valueRequired":true,"valueName":"search_term_string"}}],"inLanguage":"en-US"},{"@type":"Organization","@id":"https:\/\/www.actvism.org\/#organization","name":"acTVism Munich e.V.","url":"https:\/\/www.actvism.org\/","logo":{"@type":"ImageObject","inLanguage":"en-US","@id":"https:\/\/www.actvism.org\/#\/schema\/logo\/image\/","url":"https:\/\/www.actvism.org\/wp-content\/uploads\/2020\/11\/logo.svg","contentUrl":"https:\/\/www.actvism.org\/wp-content\/uploads\/2020\/11\/logo.svg","width":200,"height":57,"caption":"acTVism Munich e.V."},"image":{"@id":"https:\/\/www.actvism.org\/#\/schema\/logo\/image\/"},"sameAs":["https:\/\/facebook.com\/acTVism","https:\/\/x.com\/acTVismMunich"]},{"@type":"Person","@id":"https:\/\/www.actvism.org\/#\/schema\/person\/bc2c8684912eb2289fe0009f5ca451d6","name":"atv_admin","image":{"@type":"ImageObject","inLanguage":"en-US","@id":"https:\/\/secure.gravatar.com\/avatar\/53465926e4246ee1b807a849c23197531fd45c1bcd02682ada54ddb12eaa7a6d?s=96&d=mm&r=g","url":"https:\/\/secure.gravatar.com\/avatar\/53465926e4246ee1b807a849c23197531fd45c1bcd02682ada54ddb12eaa7a6d?s=96&d=mm&r=g","contentUrl":"https:\/\/secure.gravatar.com\/avatar\/53465926e4246ee1b807a849c23197531fd45c1bcd02682ada54ddb12eaa7a6d?s=96&d=mm&r=g","caption":"atv_admin"},"url":"https:\/\/www.actvism.org\/en\/author\/atv_admin\/"}]}},"_links":{"self":[{"href":"https:\/\/www.actvism.org\/en\/wp-json\/wp\/v2\/posts\/8779","targetHints":{"allow":["GET"]}}],"collection":[{"href":"https:\/\/www.actvism.org\/en\/wp-json\/wp\/v2\/posts"}],"about":[{"href":"https:\/\/www.actvism.org\/en\/wp-json\/wp\/v2\/types\/post"}],"author":[{"embeddable":true,"href":"https:\/\/www.actvism.org\/en\/wp-json\/wp\/v2\/users\/1"}],"replies":[{"embeddable":true,"href":"https:\/\/www.actvism.org\/en\/wp-json\/wp\/v2\/comments?post=8779"}],"version-history":[{"count":0,"href":"https:\/\/www.actvism.org\/en\/wp-json\/wp\/v2\/posts\/8779\/revisions"}],"wp:featuredmedia":[{"embeddable":true,"href":"https:\/\/www.actvism.org\/en\/wp-json\/"}],"wp:attachment":[{"href":"https:\/\/www.actvism.org\/en\/wp-json\/wp\/v2\/media?parent=8779"}],"wp:term":[{"taxonomy":"category","embeddable":true,"href":"https:\/\/www.actvism.org\/en\/wp-json\/wp\/v2\/categories?post=8779"},{"taxonomy":"post_tag","embeddable":true,"href":"https:\/\/www.actvism.org\/en\/wp-json\/wp\/v2\/tags?post=8779"},{"taxonomy":"channel","embeddable":true,"href":"https:\/\/www.actvism.org\/en\/wp-json\/wp\/v2\/channel?post=8779"}],"curies":[{"name":"wp","href":"https:\/\/api.w.org\/{rel}","templated":true}]}}